{"id":9412,"date":"2018-02-22T16:37:33","date_gmt":"2018-02-22T16:37:33","guid":{"rendered":"https:\/\/fesprosa.org.ar\/portal\/?p=9412"},"modified":"2018-02-22T16:40:43","modified_gmt":"2018-02-22T16:40:43","slug":"boletin-n03-2018-fesprosa","status":"publish","type":"post","link":"https:\/\/fesprosa.org.ar\/portal\/boletin-n03-2018-fesprosa\/","title":{"rendered":"BOLET\u00cdN N\u00b003\/2018 &#8211; FESPROSA"},"content":{"rendered":"<p><img loading=\"lazy\" decoding=\"async\" class=\"aligncenter wp-image-9153\" src=\"\/\/fesprosa.org.ar\/portal\/wp-content\/uploads\/2017\/12\/logo-300x70.jpg\" alt=\"\" width=\"400\" height=\"93\" \/><\/p>\n<h2><strong>El mi\u00e9rcoles 21 la FESPROSA moviliz\u00f3, en contra de los\u00a0<\/strong><strong>despidos y las reformas previsional, laboral, sanitaria, educativa y fiscal.<\/strong><\/h2>\n<figure id=\"attachment_9415\" class=\"wp-caption aligncenter\" style=\"width: 1200px\"><img loading=\"lazy\" decoding=\"async\" class=\"wp-image-9415 size-full\" title=\"EL ACTO DESDE LA SEDE DE FESPROSA\" src=\"\/\/fesprosa.org.ar\/portal\/wp-content\/uploads\/2018\/02\/WhatsApp-Image-2018-02-22-at-11.51.42.jpeg\" alt=\"EL ACTO DESDE LA SEDE DE FESPROSA\" width=\"1200\" height=\"476\" srcset=\"https:\/\/fesprosa.org.ar\/portal\/wp-content\/uploads\/2018\/02\/WhatsApp-Image-2018-02-22-at-11.51.42.jpeg 1200w, https:\/\/fesprosa.org.ar\/portal\/wp-content\/uploads\/2018\/02\/WhatsApp-Image-2018-02-22-at-11.51.42-300x119.jpeg 300w, https:\/\/fesprosa.org.ar\/portal\/wp-content\/uploads\/2018\/02\/WhatsApp-Image-2018-02-22-at-11.51.42-768x305.jpeg 768w, https:\/\/fesprosa.org.ar\/portal\/wp-content\/uploads\/2018\/02\/WhatsApp-Image-2018-02-22-at-11.51.42-1024x406.jpeg 1024w\" sizes=\"auto, (max-width: 1200px) 100vw, 1200px\" \/><figcaption class=\"wp-caption-text\">EL ACTO DESDE LA SEDE DE FESPROSA<\/figcaption><\/figure>\n<p><strong>\u00a0<\/strong><\/p>\n<figure id=\"attachment_9417\" class=\"wp-caption aligncenter\" style=\"width: 1200px\"><img loading=\"lazy\" decoding=\"async\" class=\"wp-image-9417 size-full\" title=\"COLUMNA DEL HOSPITAL POSADAS\" src=\"\/\/fesprosa.org.ar\/portal\/wp-content\/uploads\/2018\/02\/WhatsApp-Image-2018-02-22-at-11.53.35.jpeg\" alt=\"COLUMNA DEL HOSPITAL POSADAS\" width=\"1200\" height=\"675\" srcset=\"https:\/\/fesprosa.org.ar\/portal\/wp-content\/uploads\/2018\/02\/WhatsApp-Image-2018-02-22-at-11.53.35.jpeg 1200w, https:\/\/fesprosa.org.ar\/portal\/wp-content\/uploads\/2018\/02\/WhatsApp-Image-2018-02-22-at-11.53.35-300x169.jpeg 300w, https:\/\/fesprosa.org.ar\/portal\/wp-content\/uploads\/2018\/02\/WhatsApp-Image-2018-02-22-at-11.53.35-768x432.jpeg 768w, https:\/\/fesprosa.org.ar\/portal\/wp-content\/uploads\/2018\/02\/WhatsApp-Image-2018-02-22-at-11.53.35-1024x576.jpeg 1024w\" sizes=\"auto, (max-width: 1200px) 100vw, 1200px\" \/><figcaption class=\"wp-caption-text\">COLUMNA DEL HOSPITAL POSADAS<\/figcaption><\/figure>\n<p><strong>\u00a0<\/strong><strong>\u00a0<\/strong><\/p>\n<figure id=\"attachment_9416\" class=\"wp-caption aligncenter\" style=\"width: 1200px\"><img loading=\"lazy\" decoding=\"async\" class=\"size-full wp-image-9416\" src=\"\/\/fesprosa.org.ar\/portal\/wp-content\/uploads\/2018\/02\/WhatsApp-Image-2018-02-22-at-11.51.47-1.jpeg\" alt=\"DESPEDIDOS DEL POSADAS Y R\u00cdO TURBIO\" width=\"1200\" height=\"900\" srcset=\"https:\/\/fesprosa.org.ar\/portal\/wp-content\/uploads\/2018\/02\/WhatsApp-Image-2018-02-22-at-11.51.47-1.jpeg 1200w, https:\/\/fesprosa.org.ar\/portal\/wp-content\/uploads\/2018\/02\/WhatsApp-Image-2018-02-22-at-11.51.47-1-300x225.jpeg 300w, https:\/\/fesprosa.org.ar\/portal\/wp-content\/uploads\/2018\/02\/WhatsApp-Image-2018-02-22-at-11.51.47-1-768x576.jpeg 768w, https:\/\/fesprosa.org.ar\/portal\/wp-content\/uploads\/2018\/02\/WhatsApp-Image-2018-02-22-at-11.51.47-1-1024x768.jpeg 1024w\" sizes=\"auto, (max-width: 1200px) 100vw, 1200px\" \/><figcaption class=\"wp-caption-text\">DESPEDIDOS DEL POSADAS Y R\u00cdO TURBIO<\/figcaption><\/figure>\n<p><strong>\u00a0<\/strong><strong>\u00a0<\/strong><\/p>\n<figure id=\"attachment_9418\" class=\"wp-caption aligncenter\" style=\"width: 960px\"><img loading=\"lazy\" decoding=\"async\" class=\"size-full wp-image-9418\" src=\"\/\/fesprosa.org.ar\/portal\/wp-content\/uploads\/2018\/02\/28377588_1691519500871485_3381262468685868182_n.jpg\" alt=\"LA COLUMNA DE CICOP\" width=\"960\" height=\"540\" srcset=\"https:\/\/fesprosa.org.ar\/portal\/wp-content\/uploads\/2018\/02\/28377588_1691519500871485_3381262468685868182_n.jpg 960w, https:\/\/fesprosa.org.ar\/portal\/wp-content\/uploads\/2018\/02\/28377588_1691519500871485_3381262468685868182_n-300x169.jpg 300w, https:\/\/fesprosa.org.ar\/portal\/wp-content\/uploads\/2018\/02\/28377588_1691519500871485_3381262468685868182_n-768x432.jpg 768w\" sizes=\"auto, (max-width: 960px) 100vw, 960px\" \/><figcaption class=\"wp-caption-text\">LA COLUMNA DE CICOP<\/figcaption><\/figure>\n<p><strong>\u00a0<\/strong>La FESPROSA, por decisi\u00f3n mayoritaria de su Consejo Ejecutivo Nacional, particip\u00f3 de la movilizaci\u00f3n contra el ajuste, levantando las banderas de la lucha contra la reforma laboral, previsional, sanitaria, el ajuste fiscal, la represi\u00f3n y los despidos.<\/p>\n<p>Una gran columna del Hospital Posadas se hizo presente. La CICOP, el Hospital Garrahan y las dem\u00e1s seccionales del \u00e1rea metropolitana confluyeron con importantes columnas en la 9 de Julio.<\/p>\n<p>En el interior tambi\u00e9n movilizaron en grandes columnas en el marco de marchas unitarias las regionales de FESPROSA de Neuqu\u00e9n, La Rioja, Santa Fe, Jujuy y otras. En el marco de la unidad de acci\u00f3n, la FESPROSA sigue levantando las banderas de la libertad y la democracia sindical, la autonom\u00eda y la independencia del Estado y de los partidos y la batalla por un nuevo modelo sindical.<\/p>\n<p><strong>\u00a0<\/strong><\/p>\n<hr \/>\n<h2><strong><u>JUJUY<\/u><\/strong><\/h2>\n<figure id=\"attachment_9421\" class=\"wp-caption aligncenter\" style=\"width: 503px\"><img loading=\"lazy\" decoding=\"async\" class=\"size-full wp-image-9421\" src=\"\/\/fesprosa.org.ar\/portal\/wp-content\/uploads\/2018\/02\/APUAP-1.jpg\" alt=\"IMPORTANTE MOVILIZACI\u00d3N UNITARIA CON PRESENCIA DE APUAP\" width=\"503\" height=\"366\" srcset=\"https:\/\/fesprosa.org.ar\/portal\/wp-content\/uploads\/2018\/02\/APUAP-1.jpg 503w, https:\/\/fesprosa.org.ar\/portal\/wp-content\/uploads\/2018\/02\/APUAP-1-300x218.jpg 300w\" sizes=\"auto, (max-width: 503px) 100vw, 503px\" \/><figcaption class=\"wp-caption-text\">IMPORTANTE MOVILIZACI\u00d3N UNITARIA CON PRESENCIA DE APUAP<\/figcaption><\/figure>\n<p>&nbsp;<\/p>\n<hr \/>\n<h2><strong><u>NEUQU\u00c9N<\/u><\/strong><\/h2>\n<figure id=\"attachment_9413\" class=\"wp-caption aligncenter\" style=\"width: 1200px\"><img loading=\"lazy\" decoding=\"async\" class=\"size-full wp-image-9413\" src=\"\/\/fesprosa.org.ar\/portal\/wp-content\/uploads\/2018\/02\/siprosapune.jpeg\" alt=\"M\u00c1S DE 10.000 TRABAJADORES EN LA CALLE EN NEUQUEN\" width=\"1200\" height=\"720\" srcset=\"https:\/\/fesprosa.org.ar\/portal\/wp-content\/uploads\/2018\/02\/siprosapune.jpeg 1200w, https:\/\/fesprosa.org.ar\/portal\/wp-content\/uploads\/2018\/02\/siprosapune-300x180.jpeg 300w, https:\/\/fesprosa.org.ar\/portal\/wp-content\/uploads\/2018\/02\/siprosapune-768x461.jpeg 768w, https:\/\/fesprosa.org.ar\/portal\/wp-content\/uploads\/2018\/02\/siprosapune-1024x614.jpeg 1024w\" sizes=\"auto, (max-width: 1200px) 100vw, 1200px\" \/><figcaption class=\"wp-caption-text\">M\u00c1S DE 10.000 TRABAJADORES EN LA CALLE EN NEUQUEN<\/figcaption><\/figure>\n<p>&nbsp;<\/p>\n<hr \/>\n<p>&nbsp;<\/p>\n<h2><strong><u>LA RIOJA<\/u><\/strong><\/h2>\n<figure id=\"attachment_9420\" class=\"wp-caption aligncenter\" style=\"width: 1040px\"><img loading=\"lazy\" decoding=\"async\" class=\"size-full wp-image-9420\" src=\"\/\/fesprosa.org.ar\/portal\/wp-content\/uploads\/2018\/02\/aproslar-2.jpeg\" alt=\"APROSLAR EN LA CALLE JUNTO A LOS TRABAJADORES\" width=\"1040\" height=\"780\" srcset=\"https:\/\/fesprosa.org.ar\/portal\/wp-content\/uploads\/2018\/02\/aproslar-2.jpeg 1040w, https:\/\/fesprosa.org.ar\/portal\/wp-content\/uploads\/2018\/02\/aproslar-2-300x225.jpeg 300w, https:\/\/fesprosa.org.ar\/portal\/wp-content\/uploads\/2018\/02\/aproslar-2-768x576.jpeg 768w, https:\/\/fesprosa.org.ar\/portal\/wp-content\/uploads\/2018\/02\/aproslar-2-1024x768.jpeg 1024w\" sizes=\"auto, (max-width: 1040px) 100vw, 1040px\" \/><figcaption class=\"wp-caption-text\">APROSLAR EN LA CALLE JUNTO A LOS TRABAJADORES<\/figcaption><\/figure>\n<figure id=\"attachment_9419\" class=\"wp-caption aligncenter\" style=\"width: 1032px\"><img loading=\"lazy\" decoding=\"async\" class=\"size-full wp-image-9419\" src=\"\/\/fesprosa.org.ar\/portal\/wp-content\/uploads\/2018\/02\/aproslar-1.jpeg\" alt=\"APROSLAR EN LA CALLE JUNTO A LOS TRABAJADORES\" width=\"1032\" height=\"774\" srcset=\"https:\/\/fesprosa.org.ar\/portal\/wp-content\/uploads\/2018\/02\/aproslar-1.jpeg 1032w, https:\/\/fesprosa.org.ar\/portal\/wp-content\/uploads\/2018\/02\/aproslar-1-300x225.jpeg 300w, https:\/\/fesprosa.org.ar\/portal\/wp-content\/uploads\/2018\/02\/aproslar-1-768x576.jpeg 768w, https:\/\/fesprosa.org.ar\/portal\/wp-content\/uploads\/2018\/02\/aproslar-1-1024x768.jpeg 1024w\" sizes=\"auto, (max-width: 1032px) 100vw, 1032px\" \/><figcaption class=\"wp-caption-text\">APROSLAR EN LA CALLE JUNTO A LOS TRABAJADORES<\/figcaption><\/figure>\n<p>&nbsp;<\/p>\n<hr \/>\n<p>&nbsp;<\/p>\n<h2><u>SANTA FE<\/u><\/h2>\n<figure id=\"attachment_9414\" class=\"wp-caption aligncenter\" style=\"width: 717px\"><img loading=\"lazy\" decoding=\"async\" class=\"size-full wp-image-9414\" src=\"\/\/fesprosa.org.ar\/portal\/wp-content\/uploads\/2018\/02\/siprus-1.jpeg\" alt=\"\" width=\"717\" height=\"803\" srcset=\"https:\/\/fesprosa.org.ar\/portal\/wp-content\/uploads\/2018\/02\/siprus-1.jpeg 717w, https:\/\/fesprosa.org.ar\/portal\/wp-content\/uploads\/2018\/02\/siprus-1-268x300.jpeg 268w\" sizes=\"auto, (max-width: 717px) 100vw, 717px\" \/><figcaption class=\"wp-caption-text\">IMPORTANTE COLUMNA DE SIPRUS JUNTO A LOS DOCENTES UNIVERSITARIOS<\/figcaption><\/figure>\n<hr \/>\n<p>&nbsp;<\/p>\n<p>&nbsp;<\/p>\n<h2><strong>\u00a0<\/strong><strong><u>FESPROSA EN LA MARCHA AZUCARERA<\/u><\/strong><\/h2>\n<p>&nbsp;<\/p>\n<figure id=\"attachment_9422\" class=\"wp-caption aligncenter\" style=\"width: 1200px\"><img loading=\"lazy\" decoding=\"async\" class=\"wp-image-9422 size-full\" title=\"APUAP Y APSADES MARCHARON JUNTO A LOS TRABAJADORES AZUCAREROS Y LA POBLACI\u00d3N\" src=\"\/\/fesprosa.org.ar\/portal\/wp-content\/uploads\/2018\/02\/apua.jpg\" alt=\"APUAP Y APSADES MARCHARON JUNTO A LOS TRABAJADORES AZUCAREROS Y LA POBLACI\u00d3N\" width=\"1200\" height=\"675\" srcset=\"https:\/\/fesprosa.org.ar\/portal\/wp-content\/uploads\/2018\/02\/apua.jpg 1200w, https:\/\/fesprosa.org.ar\/portal\/wp-content\/uploads\/2018\/02\/apua-300x169.jpg 300w, https:\/\/fesprosa.org.ar\/portal\/wp-content\/uploads\/2018\/02\/apua-768x432.jpg 768w, https:\/\/fesprosa.org.ar\/portal\/wp-content\/uploads\/2018\/02\/apua-1024x576.jpg 1024w\" sizes=\"auto, (max-width: 1200px) 100vw, 1200px\" \/><figcaption class=\"wp-caption-text\">APUAP Y APSADES MARCHARON JUNTO A LOS TRABAJADORES AZUCAREROS Y LA POBLACI\u00d3N<\/figcaption><\/figure>\n<p>El lunes 19 de febrero movilizamos desde el Ingenio El Tabacal al Ingenio San Isidro, en defensa de miles de puestos de trabajo. A las 15.30hs se realiz\u00f3 el acto de cierre en Gral. G\u00fcemes (Salta).<\/p>\n<p>&nbsp;<\/p>\n<p>Fue una marcha multitudinaria de la que participaron centenares de trabajadores de los 5 ingenios. Los dirigentes convocaron a la marcha junto a la CTA Aut\u00f3noma. Tambi\u00e9n estuvieron presentes dirigentes y delegados de sindicatos de la zona Norte. Del pa\u00eds, organizaciones sociales, partidos pol\u00edticos, diputados en actividad, concejales de la zona y gente suelta que se sumaba al paso de la multitudinaria columna.<\/p>\n<p>Un hecho a destacar: la participaci\u00f3n de centenares de j\u00f3venes de distintas extracciones sociales y actividad (desocupados, estudiantes, militantes pol\u00edticos y m\u00e1s). El acto de cierre, muy emotivo, se realiz\u00f3 sobre la ruta 34. Con un sol impiadoso y 39\u00ba de calor cantamos emocionados el himno nacional.<\/p>\n<p><img loading=\"lazy\" decoding=\"async\" class=\"aligncenter size-full wp-image-9423\" src=\"\/\/fesprosa.org.ar\/portal\/wp-content\/uploads\/2018\/02\/marcha01.jpg\" alt=\"\" width=\"1200\" height=\"675\" srcset=\"https:\/\/fesprosa.org.ar\/portal\/wp-content\/uploads\/2018\/02\/marcha01.jpg 1200w, https:\/\/fesprosa.org.ar\/portal\/wp-content\/uploads\/2018\/02\/marcha01-300x169.jpg 300w, https:\/\/fesprosa.org.ar\/portal\/wp-content\/uploads\/2018\/02\/marcha01-768x432.jpg 768w, https:\/\/fesprosa.org.ar\/portal\/wp-content\/uploads\/2018\/02\/marcha01-1024x576.jpg 1024w\" sizes=\"auto, (max-width: 1200px) 100vw, 1200px\" \/><img loading=\"lazy\" decoding=\"async\" class=\"aligncenter size-full wp-image-9424\" src=\"\/\/fesprosa.org.ar\/portal\/wp-content\/uploads\/2018\/02\/marcha02.jpg\" alt=\"\" width=\"1200\" height=\"675\" srcset=\"https:\/\/fesprosa.org.ar\/portal\/wp-content\/uploads\/2018\/02\/marcha02.jpg 1200w, https:\/\/fesprosa.org.ar\/portal\/wp-content\/uploads\/2018\/02\/marcha02-300x169.jpg 300w, https:\/\/fesprosa.org.ar\/portal\/wp-content\/uploads\/2018\/02\/marcha02-768x432.jpg 768w, https:\/\/fesprosa.org.ar\/portal\/wp-content\/uploads\/2018\/02\/marcha02-1024x576.jpg 1024w\" sizes=\"auto, (max-width: 1200px) 100vw, 1200px\" \/><\/p>\n","protected":false},"excerpt":{"rendered":"<p>El mi\u00e9rcoles 21 la FESPROSA moviliz\u00f3, en contra de los\u00a0despidos y las reformas previsional, laboral, sanitaria, educativa y fiscal. \u00a0 \u00a0\u00a0 \u00a0\u00a0 \u00a0La FESPROSA, por decisi\u00f3n mayoritaria de su Consejo Ejecutivo Nacional, particip\u00f3 de la movilizaci\u00f3n contra el ajuste, levantando las banderas de la lucha contra la reforma laboral, previsional, sanitaria, el ajuste fiscal, la &#8230;<\/p>\n","protected":false},"author":4,"featured_media":9417,"comment_status":"closed","ping_status":"closed","sticky":false,"template":"","format":"standard","meta":{"footnotes":""},"categories":[14],"tags":[],"class_list":{"0":"post-9412","1":"post","2":"type-post","3":"status-publish","4":"format-standard","5":"has-post-thumbnail","7":"category-ultimo-boletin"},"_links":{"self":[{"href":"https:\/\/fesprosa.org.ar\/portal\/wp-json\/wp\/v2\/posts\/9412","targetHints":{"allow":["GET"]}}],"collection":[{"href":"https:\/\/fesprosa.org.ar\/portal\/wp-json\/wp\/v2\/posts"}],"about":[{"href":"https:\/\/fesprosa.org.ar\/portal\/wp-json\/wp\/v2\/types\/post"}],"author":[{"embeddable":true,"href":"https:\/\/fesprosa.org.ar\/portal\/wp-json\/wp\/v2\/users\/4"}],"replies":[{"embeddable":true,"href":"https:\/\/fesprosa.org.ar\/portal\/wp-json\/wp\/v2\/comments?post=9412"}],"version-history":[{"count":0,"href":"https:\/\/fesprosa.org.ar\/portal\/wp-json\/wp\/v2\/posts\/9412\/revisions"}],"wp:featuredmedia":[{"embeddable":true,"href":"https:\/\/fesprosa.org.ar\/portal\/wp-json\/wp\/v2\/media\/9417"}],"wp:attachment":[{"href":"https:\/\/fesprosa.org.ar\/portal\/wp-json\/wp\/v2\/media?parent=9412"}],"wp:term":[{"taxonomy":"category","embeddable":true,"href":"https:\/\/fesprosa.org.ar\/portal\/wp-json\/wp\/v2\/categories?post=9412"},{"taxonomy":"post_tag","embeddable":true,"href":"https:\/\/fesprosa.org.ar\/portal\/wp-json\/wp\/v2\/tags?post=9412"}],"curies":[{"name":"wp","href":"https:\/\/api.w.org\/{rel}","templated":true}]}}