{"id":7132,"date":"2016-08-09T10:27:47","date_gmt":"2016-08-09T10:27:47","guid":{"rendered":"http:\/\/fesprosa.org.ar\/portal\/?p=7132"},"modified":"2016-08-09T10:29:07","modified_gmt":"2016-08-09T10:29:07","slug":"chubut-sisap","status":"publish","type":"post","link":"https:\/\/fesprosa.org.ar\/portal\/chubut-sisap\/","title":{"rendered":"CHUBUT &#8211; SISAP"},"content":{"rendered":"<div class=\"wpb-content-wrapper\"><p>[vc_row][vc_column][vc_column_text]<\/p>\n<blockquote><p><strong>El martes\u00a0estuvimos\u00a0en Comodoro Riv. Visitando compa\u00f1eros afiliados al\u00a0SISAP, afiliando, volanteando y preparando el camino para la\u00a0elecci\u00f3n\u00a0de\u00a0COMISI\u00d3N\u00a0DIRECTIVA por voto\u00a0directo.\u00a0Tambi\u00e9n\u00a0se\u00a0presencio una ASAMBLEA,\u00a0ah\u00ed\u00a0vamos\u00a0construyendo de poco y\u00a0paso firme&#8230;<\/strong><\/p><\/blockquote>\n<p>&nbsp;<\/p>\n<p>[\/vc_column_text][vc_gallery interval=\u00bb3&#8243; images=\u00bb7134,7135,7136&#8243; img_size=\u00bbfull\u00bb][\/vc_column][\/vc_row]<\/p>\n<\/div>","protected":false},"excerpt":{"rendered":"<p>SISAP_El martes estuvimos en Comodoro Riv. Visitando compa\u00f1eros afiliados al SISAP, afiliando, volanteando y preparando el camino para la elecci\u00f3n de COMISI\u00d3N DIRECTIVA por voto directo. Tambi\u00e9n se presencio una ASAMBLEA, ah\u00ed vamos construyendo de poco y paso firme&#8230;<\/p>\n","protected":false},"author":4,"featured_media":7135,"comment_status":"closed","ping_status":"closed","sticky":false,"template":"","format":"standard","meta":{"footnotes":""},"categories":[272,10],"tags":[47],"class_list":{"0":"post-7132","1":"post","2":"type-post","3":"status-publish","4":"format-standard","5":"has-post-thumbnail","7":"category-chubut","8":"category-noticias","9":"tag-destacado"},"_links":{"self":[{"href":"https:\/\/fesprosa.org.ar\/portal\/wp-json\/wp\/v2\/posts\/7132","targetHints":{"allow":["GET"]}}],"collection":[{"href":"https:\/\/fesprosa.org.ar\/portal\/wp-json\/wp\/v2\/posts"}],"about":[{"href":"https:\/\/fesprosa.org.ar\/portal\/wp-json\/wp\/v2\/types\/post"}],"author":[{"embeddable":true,"href":"https:\/\/fesprosa.org.ar\/portal\/wp-json\/wp\/v2\/users\/4"}],"replies":[{"embeddable":true,"href":"https:\/\/fesprosa.org.ar\/portal\/wp-json\/wp\/v2\/comments?post=7132"}],"version-history":[{"count":0,"href":"https:\/\/fesprosa.org.ar\/portal\/wp-json\/wp\/v2\/posts\/7132\/revisions"}],"wp:featuredmedia":[{"embeddable":true,"href":"https:\/\/fesprosa.org.ar\/portal\/wp-json\/wp\/v2\/media\/7135"}],"wp:attachment":[{"href":"https:\/\/fesprosa.org.ar\/portal\/wp-json\/wp\/v2\/media?parent=7132"}],"wp:term":[{"taxonomy":"category","embeddable":true,"href":"https:\/\/fesprosa.org.ar\/portal\/wp-json\/wp\/v2\/categories?post=7132"},{"taxonomy":"post_tag","embeddable":true,"href":"https:\/\/fesprosa.org.ar\/portal\/wp-json\/wp\/v2\/tags?post=7132"}],"curies":[{"name":"wp","href":"https:\/\/api.w.org\/{rel}","templated":true}]}}