{"id":6148,"date":"2016-03-03T18:42:55","date_gmt":"2016-03-03T18:42:55","guid":{"rendered":"http:\/\/fesprosa.org.ar\/portal\/?p=6148"},"modified":"2016-03-03T18:51:10","modified_gmt":"2016-03-03T18:51:10","slug":"boletin-n-04","status":"publish","type":"post","link":"https:\/\/fesprosa.org.ar\/portal\/boletin-n-04\/","title":{"rendered":"Bolet\u00edn N\u00b0 04"},"content":{"rendered":"<div class=\"wpb-content-wrapper\"><p>[vc_row][vc_column][vc_column_text css=\u00bb.vc_custom_1455213101024{padding-top: 10px !important;padding-bottom: 15px !important;}\u00bb]<\/p>\n<h6 style=\"text-align: right;\"><span style=\"color: #333300;\">Editorial<\/span><\/h6>\n<p>[\/vc_column_text][vc_empty_space height=\u00bb5px\u00bb][vc_column_text css=\u00bb.vc_custom_1457025956219{padding-top: 10px !important;padding-bottom: 15px !important;}\u00bb]<\/p>\n<h2 style=\"text-align: center;\">HOOD ROBIN<\/h2>\n<p>[\/vc_column_text][vc_empty_space height=\u00bb12px\u00bb][vc_column_text]<\/p>\n<p>Cuando todav\u00eda no se apagaron los ecos de la hist\u00f3rica jornada del 24, el gobierno del presidente Macri redobla su apuesta y anuncia una nueva ola de despidos en el estado.<\/p>\n<p>[\/vc_column_text][vc_empty_space height=\u00bb5px\u00bb][vc_toggle title=\u00bbampliar info editorial&#8230;\u00bb style=\u00bbsimple\u00bb color=\u00bbmulled_wine\u00bb el_id=\u00bb1445363820409-ffccc1b0-9fff\u00bb]<\/p>\n<p style=\"text-align: justify;\">Esta vez los empresarios no lo\u00a0dejaron solo: en AR-Zinc de Rosario, en las contratistas de ATUCHA 3, en el petr\u00f3leo y la construcci\u00f3n patag\u00f3nicos, entre otros sectores, lo acompa\u00f1aron haciendo su aporte a las cesant\u00edas y suspensiones. Por m\u00e1s que digan lo contrario los funcionarios que se pasean por TN e Intratables, la recesi\u00f3n con desocupaci\u00f3n es la receta para disciplinar a los trabajadores.<\/p>\n<p style=\"text-align: justify;\">Y por si esto fuera poco, para la cartera de la dama y el bolsillo del caballero el gobierno nos acaba de obsequiar el verdadero rostro de los cambios en ganancias: descuentos masivos en provincia de Buenos Aires, descuentos de hasta el 80% en San Luis, confirman que el \u00eddolo del Ingeniero Macri es Hood Robin, el que le saca plata a los pobres para entreg\u00e1rsela a los ricos.<\/p>\n<p style=\"text-align: justify;\">Marzo ser\u00e1 un mes de lucha para parar los despidos y defender el salario. FESPROSA y sus regionales estar\u00e1n en la calle junto al resto de los estatales y toda la clase trabajadora. Y como ocurri\u00f3 el 24 y tambi\u00e9n el 29 la ministra Bullrich tendr\u00e1 que guardarse el protocolo en un caj\u00f3n de su escritorio.<\/p>\n<p>[\/vc_toggle][vc_empty_space height=\u00bb12px\u00bb][vc_separator][vc_empty_space height=\u00bb12px\u00bb][\/vc_column][\/vc_row][vc_row][vc_column][vc_message message_box_color=\u00bbchino\u00bb icon_fontawesome=\u00bbfa fa-circle-o-notch\u00bb]<\/p>\n<h1>Paro Nacional &#8211; 24 de Febrero<\/h1>\n<h1><\/h1>\n<p>[\/vc_message][vc_column_text]<\/p>\n<h2 style=\"text-align: justify;\"><b><u>SALTA<\/u><\/b><\/h2>\n<p style=\"text-align: justify;\"><strong>APSADES ADHIRI\u00d3 A LA JORNADA NACIONAL DE LUCHA DEL 24 DE FEBRERO<\/strong><\/p>\n<p style=\"text-align: justify;\">El d\u00eda 24 de febrero se concret\u00f3 la Jornada Nacional de Lucha convocada por FESPROSA, CTA y ATE.<\/p>\n<p style=\"text-align: justify;\">La Secretaria General de APSADES, Dra. Graciela Aquere Riggieri, junto a los compa\u00f1eros de Comisi\u00f3n Directiva, marcharon por las calles en se\u00f1al de protesta y en reclamo de soluciones urgentes a las demandas de los trabajadores.<\/p>\n<p>[\/vc_column_text][vc_gallery interval=\u00bb3&#8243; images=\u00bb6149,6150&#8243; img_size=\u00bb640&#215;400&#8243;][vc_empty_space height=\u00bb12px\u00bb][vc_empty_space height=\u00bb12px\u00bb][vc_separator][vc_empty_space height=\u00bb12px\u00bb][vc_empty_space height=\u00bb12px\u00bb][vc_empty_space height=\u00bb12px\u00bb][\/vc_column][\/vc_row][vc_row][vc_column][vc_column_text]<\/p>\n<h2 style=\"text-align: justify;\"><b><u>SANTA CRUZ<\/u><\/b><\/h2>\n<p style=\"text-align: justify;\"><b>APROSA EN LA MOVILIZACI\u00d3N DEL 24<\/b><\/p>\n<p style=\"text-align: justify;\"><img loading=\"lazy\" decoding=\"async\" class=\"aligncenter size-full wp-image-6138\" src=\"http:\/\/fesprosa.org.ar\/portal\/wp-content\/uploads\/2016\/03\/12805818_1735666003335139_6537123233123038420_n.jpg\" alt=\"12805818_1735666003335139_6537123233123038420_n\" width=\"960\" height=\"540\" srcset=\"https:\/\/fesprosa.org.ar\/portal\/wp-content\/uploads\/2016\/03\/12805818_1735666003335139_6537123233123038420_n.jpg 960w, https:\/\/fesprosa.org.ar\/portal\/wp-content\/uploads\/2016\/03\/12805818_1735666003335139_6537123233123038420_n-300x169.jpg 300w, https:\/\/fesprosa.org.ar\/portal\/wp-content\/uploads\/2016\/03\/12805818_1735666003335139_6537123233123038420_n-768x432.jpg 768w\" sizes=\"auto, (max-width: 960px) 100vw, 960px\" \/><\/p>\n<p>[\/vc_column_text][vc_empty_space height=\u00bb12px\u00bb][vc_empty_space height=\u00bb12px\u00bb][vc_separator][vc_empty_space height=\u00bb12px\u00bb][vc_empty_space height=\u00bb12px\u00bb][vc_empty_space height=\u00bb12px\u00bb][vc_column_text]<br \/>\n[\/vc_column_text][\/vc_column][\/vc_row][vc_row][vc_column][vc_column_text]<\/p>\n<h2 style=\"text-align: justify;\"><b><u>FORMOSA<\/u><\/b><\/h2>\n<p><strong>ASIPROTES EN LA JORNADA NACIONAL DE LUCHA DEL 24 DE FEBRERO<\/strong><\/p>\n<p><img loading=\"lazy\" decoding=\"async\" class=\"aligncenter size-full wp-image-6152\" src=\"http:\/\/fesprosa.org.ar\/portal\/wp-content\/uploads\/2016\/03\/image037.png\" alt=\"image037\" width=\"562\" height=\"337\" srcset=\"https:\/\/fesprosa.org.ar\/portal\/wp-content\/uploads\/2016\/03\/image037.png 562w, https:\/\/fesprosa.org.ar\/portal\/wp-content\/uploads\/2016\/03\/image037-300x180.png 300w\" sizes=\"auto, (max-width: 562px) 100vw, 562px\" \/>[\/vc_column_text][vc_empty_space height=\u00bb12px\u00bb][vc_empty_space height=\u00bb12px\u00bb][vc_separator][vc_empty_space height=\u00bb12px\u00bb][vc_empty_space height=\u00bb12px\u00bb][vc_empty_space height=\u00bb12px\u00bb][vc_column_text]<br \/>\n[\/vc_column_text][\/vc_column][\/vc_row][vc_row][vc_column][vc_column_text]<\/p>\n<h2 style=\"text-align: justify;\"><b><u>JUJUY<\/u><\/b><\/h2>\n<p><strong>APUAP SE SUM\u00d3 A LA JORNADA DEL 24<\/strong><\/p>\n<p>[\/vc_column_text][vc_gallery type=\u00bbimage_grid\u00bb images=\u00bb6153,6155&#8243; img_size=\u00bb280&#215;280&#8243;][vc_empty_space height=\u00bb12px\u00bb][vc_empty_space height=\u00bb12px\u00bb][vc_separator][vc_empty_space height=\u00bb12px\u00bb][vc_empty_space height=\u00bb12px\u00bb][vc_empty_space height=\u00bb12px\u00bb][vc_column_text]<br \/>\n[\/vc_column_text][\/vc_column][\/vc_row][vc_row][vc_column][vc_column_text]<\/p>\n<h2 style=\"text-align: justify;\"><b><u>TIERRA DEL FUEGO<\/u><\/b><\/h2>\n<p><strong>MOVILIZACI\u00d3N A LA LEGISLATURA DE USHUAIA<\/strong>[\/vc_column_text][vc_gallery interval=\u00bb3&#8243; images=\u00bb6156,6157&#8243; img_size=\u00bbfull\u00bb][vc_empty_space height=\u00bb12px\u00bb][vc_empty_space height=\u00bb12px\u00bb][vc_separator][vc_empty_space height=\u00bb12px\u00bb][vc_empty_space height=\u00bb12px\u00bb][vc_empty_space height=\u00bb12px\u00bb][\/vc_column][\/vc_row][vc_row][vc_column][vc_column_text]<\/p>\n<h2 style=\"text-align: justify;\"><b><u>BUENOS AIRES<\/u><\/b><\/h2>\n<p><b>CABECERA DE LA MOVILIZACI\u00d3N HACIA LA GOBERNACI\u00d3N EN EL PARO DEL 29 DE FEBRERO DE LA CTA AUT\u00d3NOMA<\/b><\/p>\n<p>&nbsp;<\/p>\n<p><img loading=\"lazy\" decoding=\"async\" class=\"aligncenter size-full wp-image-6158\" src=\"http:\/\/fesprosa.org.ar\/portal\/wp-content\/uploads\/2016\/03\/image041.jpg\" alt=\"image041\" width=\"691\" height=\"434\" srcset=\"https:\/\/fesprosa.org.ar\/portal\/wp-content\/uploads\/2016\/03\/image041.jpg 691w, https:\/\/fesprosa.org.ar\/portal\/wp-content\/uploads\/2016\/03\/image041-300x188.jpg 300w\" sizes=\"auto, (max-width: 691px) 100vw, 691px\" \/>[\/vc_column_text][vc_empty_space height=\u00bb12px\u00bb][vc_empty_space height=\u00bb12px\u00bb][vc_separator][vc_empty_space height=\u00bb12px\u00bb][vc_empty_space height=\u00bb12px\u00bb][vc_empty_space height=\u00bb12px\u00bb][vc_column_text]<br \/>\n[\/vc_column_text][\/vc_column][\/vc_row][vc_row][vc_column][vc_column_text]<\/p>\n<h2 style=\"text-align: justify;\"><b><u>SANTA FE<\/u><\/b><\/h2>\n<p><img loading=\"lazy\" decoding=\"async\" class=\"aligncenter size-full wp-image-6160\" src=\"http:\/\/fesprosa.org.ar\/portal\/wp-content\/uploads\/2016\/03\/image042.jpg\" alt=\"image042\" width=\"580\" height=\"112\" srcset=\"https:\/\/fesprosa.org.ar\/portal\/wp-content\/uploads\/2016\/03\/image042.jpg 580w, https:\/\/fesprosa.org.ar\/portal\/wp-content\/uploads\/2016\/03\/image042-300x58.jpg 300w\" sizes=\"auto, (max-width: 580px) 100vw, 580px\" \/><\/p>\n<p><strong>29 DE FEBRERO: PARO PROVINCIAL<\/strong><\/p>\n<p style=\"text-align: justify;\">Con un alto acatamiento se llev\u00f3 a cabo el paro dispuesto para el d\u00eda lunes 29, en rechazo al 26% desdoblado que ofreci\u00f3 el gobierno provincial como aumento salarial anual. Se realizaron Asambleas en algunos lugares de trabajo y movilizaci\u00f3n en Rosario junto a docentes y estatales de ATE.<\/p>\n<p style=\"text-align: justify;\">LA MOVILIZACI\u00d3N: Una multitudinaria movilizaci\u00f3n recorri\u00f3 el centro de Rosario \u00a0en el marco del paro de trabajadores p\u00fablicos provinciales. Docentes de Amsaf\u00e9, de los sectores de Educaci\u00f3n y Salud de ATE Rosario y\u00a0 SIPRUS se movilizaron por salarios dignos, en el marco de una paritaria que pretende cerrarse a la baja.<\/p>\n<p style=\"text-align: justify;\">\u00a0\u201cEstamos en Rosario, ciudad rebelde que pari\u00f3 el Rosariazo, que en el menemismo fue la capital del paro, donde los trabajadores no se doblegan ante la prepotencia de las patronales. Queremos unidad en la calle, donde los trabajadores nos ponemos en una posici\u00f3n de firmeza\u201d, dec\u00eda Gustavo Teres, Secretario General de AMSAFE.<\/p>\n<p style=\"text-align: justify;\">Mar\u00eda Fernanda Boriotti, Presidenta de SIPRUS, plante\u00f3 que el ofrecimiento salarial realizado a los profesionales de la salud, no s\u00f3lo fue el m\u00e1s bajo de todas las paritarias provinciales, sino que es sustancialmente menor al del a\u00f1o pasado, en un contexto inflacionario mayor, incluso de incertidumbre. Con este nivel salarial nadie puede hablar de \u201cla mejor salud p\u00fablica\u201d. Es en unidad, con solidaridad de los trabajadores, como vamos a torcer el brazo a nuestros empleadores. Tenemos un compromiso con la salud p\u00fablica, con la poblaci\u00f3n, para que tenga garantizado el acceso a un derecho humano como es la salud. Y para ello, se necesitan trabajadores bien pagos y que tengan condiciones dignas de trabajo.<\/p>\n<p><img loading=\"lazy\" decoding=\"async\" class=\"aligncenter wp-image-6159 size-full\" src=\"http:\/\/fesprosa.org.ar\/portal\/wp-content\/uploads\/2016\/03\/image043.jpg\" alt=\"\" width=\"561\" height=\"475\" srcset=\"https:\/\/fesprosa.org.ar\/portal\/wp-content\/uploads\/2016\/03\/image043.jpg 561w, https:\/\/fesprosa.org.ar\/portal\/wp-content\/uploads\/2016\/03\/image043-300x254.jpg 300w\" sizes=\"auto, (max-width: 561px) 100vw, 561px\" \/>[\/vc_column_text][vc_empty_space height=\u00bb12px\u00bb][vc_empty_space height=\u00bb12px\u00bb][vc_separator][vc_empty_space height=\u00bb12px\u00bb][vc_empty_space height=\u00bb12px\u00bb][vc_empty_space height=\u00bb12px\u00bb][vc_column_text]<br \/>\n[\/vc_column_text][\/vc_column][\/vc_row][vc_row][vc_column][vc_column_text]<\/p>\n<h2 style=\"text-align: justify;\"><b><u>SAN LUIS<\/u><\/b><\/h2>\n<p><strong>Ganancias: Profesionales de la Salud en pie de guerra por fuertes descuentos en sus salarios<\/strong><\/p>\n<p style=\"text-align: justify;\"><img loading=\"lazy\" decoding=\"async\" class=\"alignleft size-medium wp-image-6161\" src=\"http:\/\/fesprosa.org.ar\/portal\/wp-content\/uploads\/2016\/03\/image044-300x172.jpg\" alt=\"image044\" width=\"300\" height=\"172\" srcset=\"https:\/\/fesprosa.org.ar\/portal\/wp-content\/uploads\/2016\/03\/image044-300x172.jpg 300w, https:\/\/fesprosa.org.ar\/portal\/wp-content\/uploads\/2016\/03\/image044.jpg 334w\" sizes=\"auto, (max-width: 300px) 100vw, 300px\" \/>El d\u00eda 24 de febrero se concret\u00f3 la Jornada Nacional de Lucha convocada por FESPROSA, CTA y ATE.<\/p>\n<p style=\"text-align: justify;\">En algunos casos, los m\u00e9dicos cobraron solamente el 20 % de sus haberes. La Asociaci\u00f3n de Profesionales y T\u00e9cnicos de la Salud se comprometi\u00f3 a llevar los reclamos al a Justicia. \u201chacemos responsable al gobernador Alberto Rodr\u00edguez Sa\u00e1\u201d, advirti\u00f3 Ana L\u00eda Trifir\u00f3.<\/p>\n<p style=\"text-align: justify;\">\u201cLos descuentos llegaron en este \u00faltimo sueldo, algunos m\u00e9dicos que deb\u00edan cobrar $ 30.000 solamente recibieron $ 7000. No sabemos bien los motivos porque no tenemos los recibos, pero, seg\u00fan averiguaron en al \u00e1rea de Personal del ministerio se trata de descuentos por impuesto a las ganancias\u201d, coment\u00f3 uno de los profesionales que se comunic\u00f3 esta madrugada con San Luis Noticia.<\/p>\n<p style=\"text-align: justify;\">El malestar entre los profesionales de la Salud fue creciendo a medida que se conoc\u00eda la \u201cnovedad\u201d de los salarios de febrero. Ana L\u00eda Trifir\u00f3, de la Asociaci\u00f3n de Profesionales de la Salud, aclar\u00f3 que los descuentos habr\u00edan sido pedidos por la Naci\u00f3n, a partir de las nuevas disposiciones sobre los impuestos a las ganancias. Sin embargo culp\u00f3 directamente al gobierno de San Luis: \u201cHacemos responsable a Alberto Rodr\u00edguez Sa\u00e1. No se puede sacar salarios para desviarlos a otros gastos\u201d<\/p>\n<p style=\"text-align: justify;\">\u201cEstamos haciendo todas las gestiones y reuniendo los datos para pedir explicaciones al ministerio de Salud y, tambi\u00e9n, para comenzar con las primeras acciones judiciales\u201d, adelant\u00f3.<\/p>\n<p style=\"text-align: justify;\">Al mismo tiempo, la APTS difundi\u00f3 durante la ma\u00f1ana un comunicado por el cual \u201crepudia y denuncia p\u00fablicamente\u201d al gobierno de Alberto Rodr\u00edguez Sa\u00e1 \u201cque ha permitido descuentos por impuesto al salario lo que conlleva una exacci\u00f3n confiscatoria claramente anticonstitucional\u201d,<\/p>\n<p style=\"text-align: justify;\">\u201cSi bien sabemos que esa quita no se aplica a ganancias, tambi\u00e9n sabemos que el salario es alimentario, y desde el punto de vista de la Constituci\u00f3n Nacional y Provincial, cualquier quita que impida la alimentaci\u00f3n del trabajador viola todas las reglas y es repudiable\u201d, remarc\u00f3.<\/p>\n<p style=\"text-align: justify;\">Trifir\u00f3 dijo en declaraciones a Radio de la UNSL en Villa Mercedes que la APTS denunci\u00f3 los hechos ante la dirigencia nacional de la Fesprosa y la CTA.<\/p>\n<p style=\"text-align: justify;\">Aunque tambi\u00e9n revel\u00f3 que se comunicaron con el diputado nacional Claudio Poggi: \u201cPedimos el apoyo del bloque de Poggi porque no podemos confiar en los legisladores que dependen de Rodr\u00edguez Sa\u00e1\u201d.<\/p>\n<p style=\"text-align: justify;\">Sobre el por qu\u00e9 no hay ning\u00fan reclamo a la Naci\u00f3n, la dirigente gremial explic\u00f3 que el descuento \u201csi bien lo pide la Naci\u00f3n, es la provincia la encargada de digitarlo. Si el gobierno de Rodr\u00edguez Sa\u00e1 lo hace para desviar esos fondos hacia otros gastos est\u00e1 matando a la Salud\u201d.<\/p>\n<p style=\"text-align: justify;\">Hasta el momento, la mayor\u00eda de los profesionales afectados por los fuertes descuentos son de San Luis capital, aunque en Villa Mercedes tambi\u00e9n se conocieron casos. \u201cVamos a hacer un relevamiento lo m\u00e1s completo posible para saber hasta d\u00f3nde lleg\u00f3 esta medida\u201d.<\/p>\n<p style=\"text-align: justify;\">Durante la gesti\u00f3n de Claudio Poggi al frente del gobierno, los profesionales de la Salud hab\u00edan calmado sus \u00e1nimos e iniciado un canal de comunicaci\u00f3n son conflictos con el gobierno. Tras el cambio, los problemas resurgieron \u00bfOtra \u201cvenganza\u201d contra Poggi?<\/p>\n<p style=\"text-align: justify;\">http:\/\/www.sanluisnoticia.com.ar\/index.php\/san-luis\/374-profesionales-de-la-salud-en-pie-de-guerra-por-fuertes-descuentos-en-sus-salarios<\/p>\n<p>[\/vc_column_text][vc_empty_space height=\u00bb12px\u00bb][vc_empty_space height=\u00bb12px\u00bb][vc_separator][vc_empty_space height=\u00bb12px\u00bb][vc_empty_space height=\u00bb12px\u00bb][vc_empty_space height=\u00bb12px\u00bb][vc_column_text]<br \/>\n[\/vc_column_text][\/vc_column][\/vc_row][vc_row][vc_column][vc_column_text]<\/p>\n<h2 style=\"text-align: justify;\"><span style=\"text-decoration: underline;\">LA RIOJA<\/span><\/h2>\n<p style=\"text-align: justify;\"><strong>APROSLAR-FESPROSA: Importante reuni\u00f3n en el Hospital Luis Agote de Chamical<\/strong><\/p>\n<p style=\"text-align: justify;\"><img loading=\"lazy\" decoding=\"async\" class=\"alignleft size-medium wp-image-6162\" src=\"http:\/\/fesprosa.org.ar\/portal\/wp-content\/uploads\/2016\/03\/image027-300x225.jpg\" alt=\"image027\" width=\"300\" height=\"225\" \/>Rolando Ag\u00fcero secretario general de APROSLAR en la provincia estuvo visitando en la ma\u00f1ana de hoy el Hospital Luis Agote para reunirse con sus colegas y hablar sobre la problem\u00e1tica de la salud en la zona y la provincia en general, teniendo en cuenta que ma\u00f1ana tendr\u00e1n una reuni\u00f3n a las 21 hs con la Ministra de Salud Judith D\u00edaz Baz\u00e1n. \u201cnosotros como gremio nos estamos reuniendo, la semana pasada estuvimos en Chilecito donde la situaci\u00f3n va en decadencia, hace cinco a\u00f1os atr\u00e1s hab\u00eda cinco traumat\u00f3logos y hoy hay uno solo, antes hab\u00eda cinco cirujanos y hoy solo dos, hab\u00eda ocho obstetras y quedaron solo cinco. Estamos en una de las m\u00e1s grandes crisis sanitarias, por falta de inversi\u00f3n pero sobre todo por no poner a la salud como pol\u00edtica de Estado. Hubo un an\u00e1lisis de todos los servicios donde hay un com\u00fan denominador con otras zonas del interior en cuanto a la falta de recursos humanos\u201d. Con respecto a Chamical \u201cEste nosocomio no tiene Traumat\u00f3logo por lo tanto cualquier traumatismo de cierta importancia debe ser derivado a la Capital, el hospital tampoco cuenta con Cirujano por lo cual tambi\u00e9n se tiene que derivar a todo paciente que presente una supuesta patolog\u00eda quir\u00fargica poniendo en riesgo la vida del paciente.\u201d Por otra parte nos coment\u00f3 que el hospital cuenta un Anestesista, dos Pediatras, ocho M\u00e9dicos cl\u00ednicos, un cardi\u00f3logo, tres Bioqu\u00edmicos, dos Lic. en Terapia Ocupacional, dos Lic. en Kinesiolog\u00eda, dos Oftalm\u00f3logos, diez Odont\u00f3logos, tres Ginec\u00f3logos pero no se realizan partos o ces\u00e1reas debido a que la situaci\u00f3n no garantiza un nacimiento seguro y deben trasladarse a la Capital. Esta instituci\u00f3n no realiza mamograf\u00edas a pesar de que cuenta con un mam\u00f3grafo, pero no tiene extractor de aire, y tiene un procesador de rayos pero no hay quien informe el resultado de ese estudio. El hospital de Chamical no escapa a la lamentable situaci\u00f3n de la salud en la provincia. Adem\u00e1s nos inform\u00f3 desde APROSLAR se planteara con firmeza a la Ministra los innumerables problemas de la Salud en la provincia y el anhelo irrenunciable de tener una Salud que empodere al pueblo riojano.<\/p>\n<p style=\"text-align: justify;\">http:\/\/elcaudillodigital.com.ar\/aproslar-fesprosa-importante-reunion-en-el-hospital-luis-agote\/<\/p>\n<p>[\/vc_column_text][vc_empty_space height=\u00bb12px\u00bb][vc_empty_space height=\u00bb12px\u00bb][vc_separator][vc_empty_space height=\u00bb12px\u00bb][vc_empty_space height=\u00bb12px\u00bb][vc_empty_space height=\u00bb12px\u00bb][vc_column_text]<br \/>\n[\/vc_column_text][\/vc_column][\/vc_row][vc_row][vc_column][vc_column_text]<\/p>\n<h2 style=\"text-align: justify;\"><span style=\"text-decoration: underline;\">LA PAMPA<\/span><\/h2>\n<p style=\"text-align: justify;\"><strong>Expectativa por el anuncio de Verna sobre Ganancias<\/strong><\/p>\n<p style=\"text-align: justify;\">Desde el Sindicato de Trabajadores de Salud P\u00fablica de La Pampa (SITRASAP-FESPROSA) aguardan que el Ejecutivo haga realidad su anuncio de que las guardias de profesionales del sector no estar\u00e1n gravadas con el Impuesto a las Ganancias. En el mensaje legislativo del 1 de marzo se blanquear\u00eda la decisi\u00f3n.<\/p>\n<p style=\"text-align: justify;\"><img loading=\"lazy\" decoding=\"async\" class=\"alignleft size-medium wp-image-6143\" src=\"http:\/\/fesprosa.org.ar\/portal\/wp-content\/uploads\/2016\/03\/unnamed-499-300x199.jpg\" alt=\"unnamed-499\" width=\"300\" height=\"199\" srcset=\"https:\/\/fesprosa.org.ar\/portal\/wp-content\/uploads\/2016\/03\/unnamed-499-300x199.jpg 300w, https:\/\/fesprosa.org.ar\/portal\/wp-content\/uploads\/2016\/03\/unnamed-499-765x510.jpg 765w, https:\/\/fesprosa.org.ar\/portal\/wp-content\/uploads\/2016\/03\/unnamed-499.jpg 400w\" sizes=\"auto, (max-width: 300px) 100vw, 300px\" \/>\u201cTenemos conversaciones pr\u00e1cticamente diarias\u201d, dijo el secretario General del Sindicato de Trabajadores de la Salud P\u00fablica, Carlos Ortellado cuando se le pregunt\u00f3 si estaban en conocimiento de que el 1 de marzo el gobernador Carlos Verna anunciar\u00eda que las guardias hospitalarias quedar\u00edan exentas de Ganancias.<\/p>\n<p style=\"text-align: justify;\">\u201cNo sabemos bien cu\u00e1ndo podr\u00eda ser el anuncio del fin de este flagelo\u201d, agreg\u00f3 el gremialista. Aclar\u00f3 que tras un par de semanas de cortocircuitos se retom\u00f3 el di\u00e1logo con el Ejecutivo. Acept\u00f3 que, como les dijo el ministro de Salud Rub\u00e9n Ojuez, \u201cestamos un poco ansiosos, pero es l\u00f3gico, porque el gobierno es nuevo pero nuestros problemas son muy viejos\u201d.<\/p>\n<p style=\"text-align: justify;\">Ortellado cont\u00f3 que los anuncios de Ganancias que hizo el gobierno nacional no son suficientes para aliviar al sector, ya que el piso de 30.000 pesos como neto mensual deja dentro del tributo a la enorme mayor\u00eda de quienes son full time.<\/p>\n<p style=\"text-align: justify;\">A la vez, confirm\u00f3 que varios de los solteros que perciben hoy unos $13.000 mensuales quedar\u00edan involucrados en el impuesto si les tocara hacer guardias. \u201cOjal\u00e1 que se haga el anuncio cuanto antes; el que se mata haciendo guardias tendr\u00eda ese alivio\u201d, dijo.<\/p>\n<p style=\"text-align: justify;\">\u201cSer\u00eda realmente un ox\u00edgeno -coment\u00f3 en Radio Kerm\u00e9s 106.1- porque no hay personal suficiente y la verdad es que en este momento a una buena parte de los trabajadores les pasa que todo lo que cobran por las guardias se lo lleva Ganancias\u201d.<\/p>\n<p style=\"text-align: justify;\">Acerca de los chisporroteos que el SITRASAP mantuvo con Ojuez en las \u00faltimas semanas, Ortellado se\u00f1al\u00f3 que \u201ces l\u00f3gico que estemos ansiosos. Bueno\u2026 se molest\u00f3, pero tuvimos un llamado y charlamos el tema. No nos vamos a pelear nunca m\u00e1s con nadie. Estamos cansados de pelear\u201d, complet\u00f3.<\/p>\n<p style=\"text-align: justify;\">Fuente: www.eldiariodelapampa.com.ar<\/p>\n<p style=\"text-align: justify;\">Fuente: http:\/\/www.agenciacta.org\/spip.php?article18966<\/p>\n<p>[\/vc_column_text][vc_empty_space height=\u00bb12px\u00bb][vc_empty_space height=\u00bb12px\u00bb][vc_separator][vc_empty_space height=\u00bb12px\u00bb][vc_empty_space height=\u00bb12px\u00bb][vc_empty_space height=\u00bb12px\u00bb][vc_column_text]<br \/>\n[\/vc_column_text][\/vc_column][\/vc_row][vc_row][vc_column][vc_column_text]<\/p>\n<h2 style=\"text-align: justify;\"><b><u>JUJUY<\/u><\/b><\/h2>\n<p>RECONOCIMIENTO DE APUAP<\/p>\n<p>[\/vc_column_text][vc_row_inner][vc_column_inner width=\u00bb1\/2&#8243;][vc_single_image image=\u00bb6163&#8243; img_size=\u00bbmedium\u00bb alignment=\u00bbcenter\u00bb][\/vc_column_inner][vc_column_inner width=\u00bb1\/2&#8243;][vc_single_image image=\u00bb6164&#8243; img_size=\u00bbmedium\u00bb alignment=\u00bbcenter\u00bb][\/vc_column_inner][\/vc_row_inner][vc_empty_space height=\u00bb12px\u00bb][vc_empty_space height=\u00bb12px\u00bb][vc_separator][vc_empty_space height=\u00bb12px\u00bb][vc_column_text]<br \/>\n[\/vc_column_text][\/vc_column][\/vc_row][vc_row][vc_column][vc_empty_space height=\u00bb12px\u00bb][vc_empty_space height=\u00bb12px\u00bb][vc_message message_box_color=\u00bbgrey\u00bb]<\/p>\n<blockquote><p><span style=\"font-size: 10px;\">Federaci\u00f3n Sindical de Profesionales de la Salud de la Rep\u00fablica Argentina<\/span><br \/>\n<span style=\"font-size: 10px;\">INSCRIPCI\u00d3N GREMIAL 2580 MTEYSS<\/span><br \/>\n<span style=\"font-size: 10px;\">Av. Caseros N\u00ba 4140 &#8211; 1263 \u2013 Ciudad Aut\u00f3noma de Buenos Aires<\/span><br \/>\n<span style=\"font-size: 10px;\">(+5411) 4921-7716 \/ fesprosa1@gmail.com<\/span><br \/>\n<span style=\"font-size: 10px;\">http:\/\/www.fesprosa.com.ar\/portal\/<\/span><\/p><\/blockquote>\n<p>[\/vc_message][\/vc_column][\/vc_row]<\/p>\n<\/div>","protected":false},"excerpt":{"rendered":"<p>[vc_row][vc_column][vc_column_text css=\u00bb.vc_custom_1455213101024{padding-top: 10px !important;padding-bottom: 15px !important;}\u00bb] Editorial [\/vc_column_text][vc_empty_space height=\u00bb5px\u00bb][vc_column_text css=\u00bb.vc_custom_1457025956219{padding-top: 10px !important;padding-bottom: 15px !important;}\u00bb] HOOD ROBIN [\/vc_column_text][vc_empty_space height=\u00bb12px\u00bb][vc_column_text] Cuando todav\u00eda no se apagaron los ecos de la hist\u00f3rica jornada del 24, el gobierno del presidente Macri redobla su apuesta y anuncia una nueva ola de despidos en el estado. [\/vc_column_text][vc_empty_space height=\u00bb5px\u00bb][vc_toggle title=\u00bbampliar info editorial&#8230;\u00bb style=\u00bbsimple\u00bb &#8230;<\/p>\n","protected":false},"author":4,"featured_media":6118,"comment_status":"closed","ping_status":"closed","sticky":false,"template":"","format":"standard","meta":{"footnotes":""},"categories":[2,3,14],"tags":[36],"class_list":{"0":"post-6148","1":"post","2":"type-post","3":"status-publish","4":"format-standard","5":"has-post-thumbnail","7":"category-boletines","8":"category-boletines-publicados","9":"category-ultimo-boletin","10":"tag-boletines-2"},"_links":{"self":[{"href":"https:\/\/fesprosa.org.ar\/portal\/wp-json\/wp\/v2\/posts\/6148","targetHints":{"allow":["GET"]}}],"collection":[{"href":"https:\/\/fesprosa.org.ar\/portal\/wp-json\/wp\/v2\/posts"}],"about":[{"href":"https:\/\/fesprosa.org.ar\/portal\/wp-json\/wp\/v2\/types\/post"}],"author":[{"embeddable":true,"href":"https:\/\/fesprosa.org.ar\/portal\/wp-json\/wp\/v2\/users\/4"}],"replies":[{"embeddable":true,"href":"https:\/\/fesprosa.org.ar\/portal\/wp-json\/wp\/v2\/comments?post=6148"}],"version-history":[{"count":0,"href":"https:\/\/fesprosa.org.ar\/portal\/wp-json\/wp\/v2\/posts\/6148\/revisions"}],"wp:featuredmedia":[{"embeddable":true,"href":"https:\/\/fesprosa.org.ar\/portal\/wp-json\/wp\/v2\/media\/6118"}],"wp:attachment":[{"href":"https:\/\/fesprosa.org.ar\/portal\/wp-json\/wp\/v2\/media?parent=6148"}],"wp:term":[{"taxonomy":"category","embeddable":true,"href":"https:\/\/fesprosa.org.ar\/portal\/wp-json\/wp\/v2\/categories?post=6148"},{"taxonomy":"post_tag","embeddable":true,"href":"https:\/\/fesprosa.org.ar\/portal\/wp-json\/wp\/v2\/tags?post=6148"}],"curies":[{"name":"wp","href":"https:\/\/api.w.org\/{rel}","templated":true}]}}