{"id":61,"date":"2011-12-09T16:51:39","date_gmt":"2011-12-09T18:51:39","guid":{"rendered":"http:\/\/www.fesprosa.com.ar\/portal\/?p=61"},"modified":"2011-12-09T16:51:39","modified_gmt":"2011-12-09T18:51:39","slug":"boletin-n%c2%ba-26-2011","status":"publish","type":"post","link":"https:\/\/fesprosa.org.ar\/portal\/boletin-n%c2%ba-26-2011\/","title":{"rendered":"Bolet\u00edn N\u00ba 26-2011"},"content":{"rendered":"<div>\n<h2>EDITORIAL<\/h2>\n<h4>EL CONGRESO DE LA FESPROSA EN C\u00d3RDOBA<\/h4>\n<div>Tal como lo hici\u00e9ramos el 8 de Abril en Buenos Aires el pr\u00f3ximo Congreso de<\/div>\n<div>FESPROSA se abrir\u00e1 con una movilizaci\u00f3n callejera. Ser\u00e1 el 11 de Noviembre, cuando<\/div>\n<div>marchemos junto a la UTS para apoyar a los trabajadores de la salud mediterr\u00e1neos.<\/div>\n<div>Culminar\u00e1 as\u00ed la octava semana de paro por tiempo indeterminado, sostenido por la<\/div>\n<div>decisi\u00f3n democr\u00e1tica de los trabajadores nucleados mayoritariamente en la UTS.<\/div>\n<div>\u00bfDe qu\u00e9 le han servido hasta ahora al Gobierno de C\u00f3rdoba las intimidaciones,<\/div>\n<div>los descuentos salariales, el desconocimiento a esta altura rid\u00edculo de la UTS?<\/div>\n<div>Para nada. El conflicto est\u00e1 m\u00e1s fuerte que nunca, la opini\u00f3n p\u00fablica apoya no solo<\/div>\n<div>los reclamos, sino tambi\u00e9n el derecho de la UTS a ser actor de la negociaci\u00f3n colectiva<\/div>\n<div>en el sector.<\/div>\n<div>Con la movilizaci\u00f3n del jueves 3 a la Casa de C\u00f3rdoba FESPROSA demostr\u00f3 que<\/div>\n<div>est\u00e1 para sostener todos y cada uno de los conflictos que protagonizan los trabajadores.<\/div>\n<div>Como en Tucum\u00e1n, en Mendoza, en La Rioja, Concordia o en Neuqu\u00e9n FESPROSA no<\/div>\n<div>pregunta por la legalidad de la organizaci\u00f3n gremial sino por la legitimidad que dan<\/div>\n<div>las asambleas de base. El Congreso de C\u00f3rdoba mostrar\u00e1 ese proceso plural que es hoy<\/div>\n<div>la Federaci\u00f3n. Gremios con personer\u00eda, con simple inscripci\u00f3n, con inscripci\u00f3n en<\/div>\n<div>tr\u00e1mite y delegaciones en v\u00edas de organizarse gremialmente. Todas hermanadas en la<\/div>\n<div>voluntad de lucha por la defensa de los trabajadores de la salud, del sistema sanitario<\/div>\n<div>p\u00fablico y de la democracia y la libertad sindical.<\/div>\n<h6>Jorge Yabkowski<\/h6>\n<div><img loading=\"lazy\" decoding=\"async\" class=\"alignleft size-full wp-image-62\" title=\"BOLETIN N\u00ba 262011\" src=\"http:\/\/fesprosa.org.ar\/portal\/wp-content\/uploads\/2011\/12\/BOLETIN-N\u00ba-2620111.bmp\" alt=\"\" width=\"260\" height=\"190\" \/><img loading=\"lazy\" decoding=\"async\" class=\"alignleft size-full wp-image-62\" title=\"BOLETIN N\u00ba 262011\" src=\"http:\/\/fesprosa.org.ar\/portal\/wp-content\/uploads\/2011\/12\/BOLETIN2N\u00ba-2620111.bmp\" alt=\"\" width=\"260\" height=\"190\" \/><\/div>\n<\/div>\n<div>\n<hr \/>\n<h3>Noticias de C\u00f3rdoba<\/h3>\n<h2>Sigue la protesta de los sectores de salud<\/h2>\n<div><strong>La UTS contin\u00faa con la medida de \u201ctomar\u201d las direcciones de los nosocomios, mientras que la Provincia dispuso custodia policial en los hospitales.<\/strong><\/div>\n<div style=\"text-align: right;\">03\/11\/2011 10:29 Por Redacci\u00f3n D\u00eda a D\u00eda http:\/\/www.diaadia.com.ar\/cordoba\/sigue-protesta-sectores-salud<\/div>\n<div><em>Desde las 11, cacerolazo en el Polo Sanitario.<\/em><\/div>\n<p>La Provincia dispuso desde ayer poner custodia en los hospitales p\u00fablicos, para intentar \u201cdisuadir\u201d a los trabajadores nucleados en la Uni\u00f3n de Trabajadores de la Salud (UTS) que siguen con la modalidad de \u00abtomar\u201d las direcciones de los centros de salud.<img loading=\"lazy\" decoding=\"async\" width=\"460\" height=\"258\" class=\"alignright size-full wp-image-64\" title=\"BOLETIN N\u00ba 3262011\" src=\"http:\/\/fesprosa.org.ar\/portal\/wp-content\/uploads\/2011\/12\/BOLETIN-N\u00ba-32620111.bmp\" alt=\"\" srcset=\"https:\/\/fesprosa.org.ar\/portal\/wp-content\/uploads\/2011\/12\/BOLETIN-N\u00ba-32620111.bmp 460w, https:\/\/fesprosa.org.ar\/portal\/wp-content\/uploads\/2011\/12\/BOLETIN-N\u00ba-32620111-300x168.bmp 300w\" sizes=\"auto, (max-width: 460px) 100vw, 460px\" \/><br \/>\nAs\u00ed, 88 polic\u00edas fueron movilizados a los 11 hospitales provinciales que hay en la ciudad de C\u00f3rdoba. Ayer se conoci\u00f3 que los estatales que hayan hecho paro percibir\u00e1n sus salarios con un descuento de 186 pesos.<br \/>\nEn tanto, esta ma\u00f1ana se repet\u00eda la medida de fuerza de los trabajadores de la salud. El tr\u00e1nsito en la avenida V\u00e9lez Sarsfield, a la altura de la Plaza de las Am\u00e9ricas, estaba interrumpido por los m\u00e9dicos del Hospital Misericordia, mientras que el Polo Sanitario arranca cerca de las 11 con un cacerolazo en Bajada Pucar\u00e1 y Ferroviarios.<br \/>\n<strong>Misericordia.<\/strong> \u00abEstamos esperando la reincorporaci\u00f3n de 10 compa\u00f1eros que fueron dejados cesantes ayer\u00bb, dijo a El Show de la Ma\u00f1ana Silvia Sosa, delegada de ATE, desde el Misericordia. \u00abHab\u00eda 10 personas que estaban contratadas ac\u00e1, con la promesa de un contrato m\u00e1s largo, y fueron dejadas cesantes en respuesta al pedido de 50 personas que hacen falta para el funcionamiento de este hospital\u00bb, agreg\u00f3.<br \/>\nCabe recordar que la Provincia descart\u00f3 reabrir la discusi\u00f3n salarial con los empleados p\u00fablicos provinciales antes de que finalice el mandato del gobernador Juan Schiaretti, por lo que se descuenta que el conflicto -que ya lleva m\u00e1s de cinco semanas-deber\u00e1 ser resuelto por la gesti\u00f3n del electo mandatario Jos\u00e9 Manuel de la Sota.<br \/>\n<strong>Custodiados.<\/strong> El Ministerio de Gobierno, del que depende la Polic\u00eda, dijo que la custodia tiene como objetivo que \u201cse garantice a la ciudadan\u00eda el derecho a acceder a la salud p\u00fablica y fundamentalmente la posibilidad de concurrir libremente a cualquiera de los hospitales p\u00fablicos a fin de poder obtener atenci\u00f3n m\u00e9dica\u201d. Y agreg\u00f3 tajante: \u201cEste Ministerio de Gobierno va a tomar todas las medidas que est\u00e9n a su alcance\u201d.<br \/>\nEl jefe de los fiscales, Dar\u00edo Vezzaro, confirm\u00f3 que fue el ministro de Salud, Oscar Gonz\u00e1lez, quien solicit\u00f3 el desplazamiento de los polic\u00edas. \u201cLa nota del ministro Gonz\u00e1lez advirti\u00f3 sobre la virtual falta de prestaci\u00f3n de los servicios m\u00e9dicos, por lo que le solicit\u00e9 al jefe de Polic\u00eda que tome las medidas preventivas\u201d, asegur\u00f3.\n<\/div>\n<hr \/>\n<div>\n<h1 id=\"form_elements\"><span class=\"Apple-style-span\" style=\"font-size: 15px;\">Movilizaci\u00f3n de la Salud<\/span><\/h1>\n<p><strong>La Federaci\u00f3n de Profesionales de la Salud (FESPROSA), convoc\u00f3 para hoy por la ma\u00f1ana a una marcha en Buenos Aires, en apoyo a sus pares de La Rioja y C\u00f3rdoba, provincias \u00e9stas que atraviesan serios problemas en el sistema de Salud.<\/strong><\/p>\n<p style=\"text-align: right;\"><small>La Rioja, Rep\u00fablica Argentina. http:\/\/www.elindependiente.com.ar\/ Jueves 3 de Nov. de 2011 A\u00f1o XLIV &#8211; Edici\u00f3n N\u00ba 19.644\/<\/small><\/p>\n<p>Los profesionales de C\u00f3rdoba en su s\u00e9ptima semana de paro y los de La Rioja que vienen entre paro y movilizaciones, estado de asamblea permanente en reclamos por mejoras salariales y laborales; y manifestaciones en defensa de los m\u00e9dicos Enrique Coppari y Jorge Paliza, involucrados en la muerte de Enzo Gallo; son los sistemas de salud del pa\u00eds m\u00e1s golpeados, y en respaldo a estas luchas gremiales es que la FESPROSA ha decidido salir a las calles.<br \/>\nEn este sentido, durante la manifestaci\u00f3n de hoy, la federaci\u00f3n tendr\u00e1 el acompa\u00f1amiento de la Central de Trabajadores Argentinos (CTA) entres otros gremios de gran peso y marchar\u00e1n desde las avenidas Callao y Corrientes para pasar por la Casa de La Rioja y finalizar en la Casa de C\u00f3rdoba.<br \/>\nEn lo que tienen que ver con el plano local, Rolando Ag\u00fcero titular de la Asociaci\u00f3n de Profesionales de la Salud de La Rioja (APROSLAR) que est\u00e1 nucleada a FESPROSA, sostuvo que estar\u00e1n atentos a lo que suceda en esta protesta en Buenos Aires pero que en la Provincia no tienen pensado realizar acci\u00f3n alguna, pero cont\u00f3 que habr\u00e1 colegas suyos de esta Capital que representar\u00e1n a los galenos riojanos en la marcha.\n<\/p>\n<\/div>\n<hr \/>\n<div>\n<h2>Nacionalizaci\u00f3n del reclamo de la Salud<\/h2>\n<div style=\"text-align: right;\">Viernes 04 de Noviembre de 2011 http:\/\/www.lmcordoba.com.ar\/nota.php?ni=74101<\/div>\n<p>Cuando se cumplen siete semanas de paro en el \u00e1mbito de la Salud provincial, la UTS realiz\u00f3 ayer una movilizaci\u00f3n frente a la\u00a0Casa de C\u00f3rdoba en Ciudad de Buenos Aires. Con la organizaci\u00f3n de Fesprosa, CTA y ATE, y la participaci\u00f3n de Carlos Altamirano,\u00a0titular de UTS, se dio inicio la llamada \u201cnacionalizaci\u00f3n\u201d del conflicto.<br \/>\nEn el acto, con el que culmin\u00f3 la protesta, Jorge Yabkowski, presidente de Fesprosa dijo: \u201cNo s\u00f3lo el Gobierno no dio ninguna\u00a0se\u00f1al de disposici\u00f3n a abrir un canal de di\u00e1logo, sino que las \u00fanicas acciones frente a la protesta ha sido intimidar a los trabajadores\u00a0para que abandonen sus leg\u00edtimos reclamos a trav\u00e9s de descuentos masivos, incremento de la presencia policial en los\u00a0hospitales y denuncias ante la Fiscal\u00eda por los cortes que se hicieron frente a los centros de salud con el fin de ser escuchados por parte de las autoridades que parecen tener los o\u00eddos bien tapados\u201d. Por otro lado, en el \u00faltimo plenario de delegados de la\u00a0Uni\u00f3n de Trabajadores de la Salud (UTS) realizado el pasado lunes, se resolvi\u00f3 adem\u00e1s instalar una Carpa de la Salud en la\u00a0Plaza San Mart\u00edn, frente al Cabildo en la que se realizar\u00e1n diferentes actividades para concientizar a la poblaci\u00f3n sobre el conflicto\u00a0que comenz\u00f3 el 26 de setiembre y se brindar\u00e1n distintos servicios, entre ellos medir la presi\u00f3n arterial, repartir preservativos en el marco del Programa Nacional de ETS\/VIH.\n<\/p><\/div>\n<hr \/>\n<div>\n<h2>Los m\u00e9dicos llevan la protesta a Capital Federal<\/h2>\n<h4><span style=\"color: #ff0000;\">Con el objetivo de nacionalizar el conflicto, los m\u00e9dicos\u00a0cordobeses protestar\u00e1n frente la Casa de C\u00f3rdoba en Buenos\u00a0Aires.<\/span><\/h4>\n<h6 style=\"text-align: right;\">03\/11\/2011 00:01 , por Redacci\u00f3n LAVOZ<\/h6>\n<p>Con el objetivo de nacionalizar el conflicto, los m\u00e9dicos cordobeses protestar\u00e1n frente la Casa de C\u00f3rdoba en Buenos Aires.<br \/>\nEl titular de la Uni\u00f3n de Trabajadores de la Salud (UTS), Carlos Altamirano, encabezar\u00e1 hoy al mediod\u00eda una manifestaci\u00f3n, en\u00a0pleno centro de Capital Federal.<br \/>\nLa protesta contar\u00e1 con la participaci\u00f3n de integrantes de la Asociaci\u00f3n Sindical de Profesionales de la Salud de Buenos Aires y\u00a0de la Central de Trabajadores de la Argentina (CTA), que preside Pablo Micheli. Tambi\u00e9n concurrir\u00e1 el presidente de la Federaci\u00f3n\u00a0Sindical de Profesionales de la Salud de la Argentina, Jorge Yabkowski. La protesta consistir\u00e1 en un corte frente a la delegaci\u00f3n\u00a0de C\u00f3rdoba, en Callao 332, y la difusi\u00f3n del conflicto con pancartas y volantes. En tanto, en C\u00f3rdoba, la UTS junto al\u00a0ATE y enfermeras autoconvocadas realizar\u00e1n hoy cortes de calles y rutas.\n<\/p><\/div>\n<hr \/>\n<div>\n<h2>Trabajadores de la salud marcharon frente a la\u00a0Casa de C\u00f3rdoba<\/h2>\n<h6 style=\"text-align: right;\">03 de noviembre de 2011 \u2022 20:01<\/h6>\n<p>La Federaci\u00f3n Sindical de Profesionales de la Salud de la Argentina (FESPROSA) expres\u00f3 hoy su apoyo a los trabajadores dela salud que llevan adelante un paro desde hace siete semanas en hospitales cordobeses, con una marcha frente a la Casa de\u00a0C\u00f3rdoba, en la Capital Federal.<br \/>\n\u00abLa \u00fanica respuesta por parte del Gobierno provincial ha sido el aumento de las medidas represivas\u00bb, denunci\u00f3 el titular de\u00a0FESPROSA, Jorge Yabkowski, quien particip\u00f3 de la movilizaci\u00f3n junto con la CTA y ATE.<br \/>\nLa Uni\u00f3n de Trabajadores de la Salud (UTS) de la provincia de C\u00f3rdoba inici\u00f3 el paro por tiempo indeterminado el pasado 26 de\u00a0septiembre, tras un a\u00f1o de reclamar una audiencia al ministro de salud provincial, Oscar Gonz\u00e1lez.<br \/>\nLos trabajadores reclaman un sueldo b\u00e1sico de 4.160 pesos para los ingresantes.<br \/>\nYabkowski calific\u00f3 como \u00abuna demostraci\u00f3n de impotencia pol\u00edtica e irresponsabilidad ante los usuarios\u00bb el hecho de que el\u00a0Gobierno de C\u00f3rdoba \u00abparezca haberse resignado a que el conflicto no tenga soluci\u00f3n y no haya dado se\u00f1ales de buena voluntad\u00bb.<\/p>\n<\/div>\n<hr \/>\n<div>\n<h5>Hospitales(Nota)<\/h5>\n<h4>Trabajadores de la salud marcharon frente a la Casa de C\u00f3rdoba<\/h4>\n<h6 style=\"text-align: right;\">2011-11-03 |\u00a019:20:32<\/h6>\n<p>Buenos Ares, 3 noviembre (NA) &#8211; La Federaci\u00f3n Sindical de Profesionales de la Salud de la Argentina\u00a0(FESPROSA) expres\u00f3 hoy su apoyo a los trabajadores de la salud que llevan adelante un paro desde\u00a0hace siete semanas en hospitales cordobeses, con una marcha frente a la Casa de C\u00f3rdoba, en la Capital\u00a0Federal.\u00a0\u00abLa \u00fanica respuesta por parte del Gobierno provincial ha sido el aumento de las medidas represivas\u00bb,\u00a0denunci\u00f3 el titular de FESPROSA, Jorge Yabkowski, quien particip\u00f3 de la movilizaci\u00f3n junto con la CTA y\u00a0ATE.<\/p>\n<p>La Uni\u00f3n de Trabajadores de la Salud (UTS) de la provincia de C\u00f3rdoba inici\u00f3 el paro por tiempo indeterminado\u00a0el pasado 26 de septiembre, tras un a\u00f1o de reclamar una audiencia al ministro de salud provincial,\u00a0Oscar Gonz\u00e1lez.<br \/>\nLos trabajadores reclaman un sueldo b\u00e1sico de 4.160 pesos para los ingresantes.<br \/>\nYabkowski calific\u00f3 como \u00abuna demostraci\u00f3n de impotencia pol\u00edtica e irresponsabilidad ante los usuarios \u00abel hecho de que el Gobierno de C\u00f3rdoba \u00abparezca haberse resignado a que el conflicto no tenga soluci\u00f3n\u00a0y no haya dado se\u00f1ales de buena voluntad\u00bb.<br \/>\n<em>ME\/OM<\/em>\n<\/div>\n<hr \/>\n<div>\n<h1 id=\"form_elements\"><span class=\"Apple-style-span\" style=\"font-size: 13px; font-weight: normal;\">SALUD-CORODOBA<\/span><\/h1>\n<h3>GREMIOS SE MOVILIZAN A CASA DE CORDOBA POR CONFLICTO<\/h3>\n<p style=\"text-align: right;\">2011-11-03 \u00a0|\u00a019:11:30<\/p>\n<div style=\"text-align: left;\">\nBuenos Aires, 3 de noviembre (T\u00e9lam).- Los trabajadores de la salud de la Ciudad de Buenos Aires se movilizaron hoy hacia la Casa de la Provincia de C\u00f3rdoba en respaldo del paro por tiempo indeterminado que aplican los profesionales de esa provincia.<br \/>\nEl titular de la Federaci\u00f3n Sindical de Profesionales de la Salud (Fesprosa), Jorge Yabkowski, asegur\u00f3 que a siete semanas de iniciado el conflicto en los hospitales cordobeses \u00abla \u00fanica respuesta fue aumentar las medidas contra los trabajadores\u00bb.<br \/>\nEl personal agrupado en esa organizaci\u00f3n, en la Asociaci\u00f3n Trabajadores del Estado (ATE) y en la Central de Trabajadores de la Argentina (CTA) se moviliz\u00f3 hoy hacia la Casa de la Provincia de C\u00f3rdoba en Buenos Aires, en Callao al 300.<br \/>\n\u00abEl Ejecutivo cordob\u00e9s no ofreci\u00f3 se\u00f1ales de apertura del di\u00e1logo y la \u00fanica acci\u00f3n ante la protesta fue intimidar al personal para que abandone su leg\u00edtimo reclamo a trav\u00e9s de descuentos masivos, aumento de la presencia policial en los hospitales y denuncias ante la Fiscal\u00eda por cortes de calles\u00bb, afirm\u00f3.<br \/>\nLa Uni\u00f3n de Trabajadores de la Salud (UTS) de C\u00f3rdoba inici\u00f3 el paro por tiempo indeterminado el 26 de septiembre, luego de un a\u00f1o de reclamar una audiencia al ministro de Salud, Oscar Gonz\u00e1lez.<br \/>\nLos trabajadores reclaman un haber b\u00e1sico de 4.160 pesos para los ingresantes, en tanto Yabkowski dijo que es \u00abimpotencia e irresponsabilidad ante los usuarios resignarse a que el conflicto no tenga soluci\u00f3n y negarse a ofrecer se\u00f1ales de buena voluntad\u00bb.<br \/>\nEl plenario de delegados de la UTS, realizado el lunes \u00faltimo, resolvi\u00f3 instalar una Carpa de la Salud en la cordobesa Plaza San Mart\u00edn, frente al Cabildo, para realizar varias actividades de \u00abconcientizaci\u00f3n de la poblaci\u00f3n\u00bb respecto del conflicto.<br \/>\nLos trabajadores ocuparon las direcciones y oficinas de personal en rechazo de los descuentos realizados por los d\u00edas de paro, aunque no impidieron el ingreso de los funcionarios.<br \/>\nLa UTS convoc\u00f3 para las 18 del viernes pr\u00f3ximo a una concentraci\u00f3n frente a la Catedral, en coincidencia con la reuni\u00f3n del Congreso Nacional de la Fesprosa, a realizarse al d\u00eda siguiente en C\u00f3rdoba, en el que participar\u00e1n delegaciones de las 22 provincias que integran esa Federaci\u00f3n gremial. (T\u00e9lam)\n<\/div>\n<\/div>\n<hr \/>\n<div>\n<h3>La Rioja<\/h3>\n<h3>SOLICITAN SE INVESTIGUE SITUACION DEL HOSPITAL ZONAL ELEAZAR HERRERA MOTTA.-<\/h3>\n<pre style=\"text-align: left;\">Al Fiscal de C\u00e1mara de la\n II Circunscripci\u00f3n Judicial:\n Dra. Analia Alcaraz.-<\/pre>\n<p>Ana Gloria Gonz\u00e1lez Odont\u00f3loga Secretaria Adjunta DNI N\u00ba14.572.367 y Sigampa P\u00e1ez Sandra Secretaria Gremial DNI N\u00ba 18.500.327 Medica cirujana en nombre y representaci\u00f3n del gremio denominado APROSLAR (Asociaci\u00f3n Profesional de la Salud de la provincia de La Rioja),nos dirigimos a UD. a los efectos de denunciar y llevar a su conocimiento una serie de irregularidades y anomal\u00edas graves que se presentan en los diferentes servicios pertenecientes al Hospital, ante lo cual respetuosamente comparecemos y decimos: Objeto: Que venimos por el presente a solicitar se Investigue Irregularidades y anomal\u00edas graves que se presentan en los diferentes servicios en el Hospital Zonal Eleazar Herrera Motta y que escapan a la responsabilidad del personal M\u00e9dico, las que a continuaci\u00f3n detallamos:<\/p>\n<p>1) En el Servicio de Emergencias denominado E.M. 107 la situaci\u00f3n f\u00e1ctica de que este servicio tiene una direcci\u00f3n t\u00e9cnica que depende del hospital y los gastos de funcionamiento como direcci\u00f3n econ\u00f3mica no depende del hospital sino de la Supervisi\u00f3n de Zona Sanitaria III como podr\u00e1 apreciarse las disparidades de criterio a la hora de resolver Hechos cotidianos y m\u00e1s a\u00fan ante un accidente o un problema de mayor entidad.<br \/>\nAdem\u00e1s el servicio no cuenta con comunicaci\u00f3n utilizando celulares particulares, la ambulancia de traslado cuenta solo con el chofer, una sola ambulancia al servicio de cincuenta mil habitantes en un radio de 20 KM y sin equipo de comunicaci\u00f3n desde hace m\u00e1s de un a\u00f1o, la ambulancia se utiliza para hacer compras del hospital y tambi\u00e9n para traslado de personas a los diferentes CPS, algunos m\u00e9dicos mientras est\u00e1n de guardia en el 107 deben cumplir atenci\u00f3n a los CPS. Y\/o consultorio permaneciendo la ambulancia en el lugar en que se encuentra el medico debiendo salir desde ah\u00ed hasta el lugar que fuese requerido.-Se dispone de tres profesionales para derivaci\u00f3n, dos de los cuales son residentes ; como es de p\u00fablico conocimiento la demanda crece d\u00eda a d\u00eda.. El mantenimiento de veh\u00edculos est\u00e1 a cargo de la Zona Sanitaria III . Para el cambio de cubiertas o rotaci\u00f3n de las mismas, cambios de aceite, etc. a veces lleva un tiempo de dos a tres meses por falta de dinero, o por la burocracia administrativa que prolonga los tiempos para su compra o reparaci\u00f3n.-<\/p>\n<p>2)En el Servicio de Guardia Central: la imposibilidad de cumplir con las guardias programadas mensuales ante la falta de personal m\u00e9dico, por lo que se procede a recargar a los m\u00e9dicos existentes de otros Servicios, que en realidad las cubren por colaboraci\u00f3n y no por qu\u00e9 les correspondiera.-La situaci\u00f3n de que existen dos m\u00e9dicos de planta permanente el resto son de Zona Sanitaria III que asisten a su lugar de trabajo quedando la guardia sin cubrir, y haci\u00e9ndose cargo la jefa de Guardia con treinta y seis a\u00f1os de servicio y m\u00e1s de 60 a\u00f1os de edad.-<br \/>\nEspacio de guardia inadecuado para atender la demanda de emergencia y la atenci\u00f3n medica diaria.-<\/p>\n<p>3) Atenci\u00f3n M\u00e9dica con guardias m\u00e9dicas dobles y\/o alternadas por falta de m\u00e9dicos y\/o enfermeras.<\/p>\n<p>4) Existe un servicio de traumaschock deficiente y con falta de personal capacitado.<\/p>\n<p>5) En el servicio de Traumatolog\u00eda: contamos con tres Traumat\u00f3logos los cuales uno solo est\u00e1 en condiciones de poder hacer guardias por lo que se encuentra de guardia pasiva los treinta d\u00edas del mes y teniendo en cuenta la poblaci\u00f3n del Departamento Chilecito y la cantidad de accidentes y casos que ingresan al nosocomio, es una situaci\u00f3n que requiere una urgente soluci\u00f3n.<\/p>\n<p>6) Se agregan ahora dudas e incertidumbres respecto al uso de medicamentos gen\u00e9ricos del hospital y la existencia de varios casos que regresan con iguales s\u00edntomas con tratamiento sin resultado.<\/p>\n<p>7) Que el Hospital s\u00f3lo cuenta con dos M\u00e9dicos Anestesistas para realizar todo tipo de cirug\u00edas programadas y para cubrir las guardias, los 365 d\u00edas al a\u00f1o. Siendo esta especialidad de gran complejidad y alto riesgo, de lo expuesto surge la gravedad que esto implica, pues tener s\u00f3lo dos especialistas en el nosocomio implica una explotaci\u00f3n de dichos especialistas, ante un crecimiento constante de la demanda quir\u00fargica. Esto conlleva grandes dificultades para poder llevar una atenci\u00f3n optima a los diferentes personas que acuden al hospital.<\/p>\n<p>8) Falta de garant\u00edas para un trabajo ordenado, por falta de condiciones y recursos A lo que se suma violencia y maltrato de los pacientes y fliares. que asisten al nosocomio , se retiraron los agentes p\u00fablicos de seguridad ( polic\u00eda ) .situaci\u00f3n que no fue escuchada por los responsables tanto pol\u00edticos como del Ministerio de Salud.-<\/p>\n<p>9) Unidad de terapia intensiva: que se encuentra funcionando con cinco profesionales capacitados y en ocasiones se encuentra un residente que no tiene una formaci\u00f3n adecuada, haci\u00e9ndose cargo de lo que pudiera ocurrir el Director, cuando no corresponde.<\/p>\n<p>10) En el servicio de Neonatolog\u00eda: solo cuenta con dos Neonat\u00f3logas con veinticinco a\u00f1os de servicios cada una, adem\u00e1s el servicio de neonatolog\u00eda es secci\u00f3n del servicio de pediatr\u00eda por lo que las guardias son cubiertas por la m\u00e9dica de guardia de pediatr\u00eda fuera de su horario, en cuanto a las derivaciones de neonatolog\u00eda no son acompa\u00f1adas por personal m\u00e9dico especializados, las realizan m\u00e9dicos de E.M. 107.-<\/p>\n<p>11) Las sala de Internaci\u00f3n \u00fanicamente cuenta con dos profesionales: M\u00e9dicos de Sala que adem\u00e1s deben cubrir los fines de semana y d\u00edas feriados.-<\/p>\n<p>12) En el Servicio de Maternidad trabajan cinco profesionales de planta permanente con aproximadamente setecientos partos anuales, debiendo atender el internado, consultorios, planes preventivos (PAP), cirug\u00edas ginecol\u00f3gicas y obst\u00e9tricas, legrados etc.<\/p>\n<p>13) En el servicio de pediatr\u00eda: atienden seis pediatras, con una demanda diaria de setenta pacientes en consultorio y ciento veinte en guardia, no cuenta con terapia habilitada por falta de especialistas, deben asistir en las recepciones de partos y ces\u00e1reas en sus guardias.<\/p>\n<p>14) En el servicio de Odontolog\u00eda: se dieron tres bajas de profesionales en el servicio y nunca fueron cubiertas, la existencia de un solo t\u00e9cnico dental que su situaci\u00f3n de precariedad laboral por lo que goza de un incentivo denominado beca. Una asistente dental que no es suficiente para cubrir el trabajo en odontolog\u00eda. La infraestructura precaria e inadecuada.<\/p>\n<p>15) A todo esto la crisis se acrecentar\u00eda por la jubilaci\u00f3n inminente de ocho profesionales M\u00e9dicos situaci\u00f3n que se produce el 31 de diciembre pr\u00f3ximo, sumando la falta de recursos humanos en todas las \u00e1reas del Hospital.-<\/p>\n<p>16) La centralizaci\u00f3n del servicio de Vacunaci\u00f3n en el edificio de zona sanitaria III cuando la demanda se encuentra en el Hospital Eleazar Herrera Motta y cuando culturalmente una persona que necesita una vacuna acude al nosocomio.-Cabe destacar que estas son algunas de la irregularidades entre otras que existen en los en los treinta y dos servicios pertenecientes al hospital Zonal Eleazar Herrar Motta.<\/p>\n<p>Petitorio: Estamos convencidos de que \u201cLa salud p\u00fablica funciona por la irresponsabilidad del personal m\u00e9dico que sigue pensando y sintiendo que la primera persona del eslab\u00f3n de salud es y ser\u00e1 el paciente,a costa de su propia vida\u201d:<br \/>\nPor todo lo expuesto es a los fines de poder mejorar el sistema de salud, que actualmente se encuentra en una situaci\u00f3n cr\u00edticay deslindar responsabilidades, que surgen a partir de la explotaci\u00f3n laboral, y teniendo en cuenta que el Hospital Eleazar Herrera Motta es un Hospital-Escuela Zonal que tiene Autonom\u00eda y Autarqu\u00eda Financiera de acuerdo a ley de Autogesti\u00f3n; y da respuestas en Salud a m\u00e1s de cinco Departamentos de nuestra Provincia. Es por eso que solicitamos:<br \/>\n1)-Se proceda a la investigaci\u00f3n de las diferentes situaciones que se expusieron y llevaron a vuestro conocimiento, asimismo brindamos nuestra colaboraci\u00f3n a los efectos de poder llegar a una r\u00e1pida soluci\u00f3n.<\/p>\n<pre>Denuncia en la TV Rusa<\/pre>\n<\/div>\n<hr \/>\n<div>\n<h2>San Luis<\/h2>\n<h3>Traged\u00eda en San Luis<\/h3>\n<p>(02\/11\/2011) &#8211; Desde la Comisi\u00f3n Directiva de la Asociaci\u00f3n de Profesionales y T\u00e9cnicos de San Luis (A.P.T.S) y en representaci\u00f3n de nuestros afiliados, expresamos nuestro gran pesar por esta tragedia que nos enluta a todos.<img loading=\"lazy\" decoding=\"async\" width=\"190\" height=\"120\" src=\"http:\/\/fesprosa.org.ar\/portal\/wp-content\/uploads\/2011\/12\/BOLETIN-N\u00ba-262011l1.bmp\" alt=\"\" title=\"BOLETIN N\u00ba 262011l\" class=\"alignright size-full wp-image-63\" \/><br \/>\nAcercamos a las v\u00edctimas y a sus seres queridos una palabra de consuelo y una oraci\u00f3n que esperamos ayude a mitigar este gran dolor, por su irremediable p\u00e9rdida.<\/p>\n<p style=\"text-align: center;\">Dra. Nora S\u00e1nchez \u2013 Comisi\u00f3n Directiva APTS<\/p>\n<p style=\"text-align: right;\">Foto gentileza Diario Los Andes<\/p>\n<\/div>\n","protected":false},"excerpt":{"rendered":"<p>EDITORIAL EL CONGRESO DE LA FESPROSA EN C\u00d3RDOBA Tal como lo hici\u00e9ramos el 8 de Abril en Buenos Aires el pr\u00f3ximo Congreso de FESPROSA se abrir\u00e1 con una movilizaci\u00f3n callejera. Ser\u00e1 el 11 de Noviembre, cuando marchemos junto a la UTS para apoyar a los trabajadores de la salud mediterr\u00e1neos. Culminar\u00e1 as\u00ed la octava semana &#8230;<\/p>\n","protected":false},"author":10,"featured_media":195,"comment_status":"closed","ping_status":"closed","sticky":false,"template":"","format":"standard","meta":{"footnotes":""},"categories":[2,14],"tags":[34],"class_list":{"0":"post-61","1":"post","2":"type-post","3":"status-publish","4":"format-standard","5":"has-post-thumbnail","7":"category-boletines","8":"category-ultimo-boletin","9":"tag-boletin-26-2011"},"_links":{"self":[{"href":"https:\/\/fesprosa.org.ar\/portal\/wp-json\/wp\/v2\/posts\/61","targetHints":{"allow":["GET"]}}],"collection":[{"href":"https:\/\/fesprosa.org.ar\/portal\/wp-json\/wp\/v2\/posts"}],"about":[{"href":"https:\/\/fesprosa.org.ar\/portal\/wp-json\/wp\/v2\/types\/post"}],"author":[{"embeddable":true,"href":"https:\/\/fesprosa.org.ar\/portal\/wp-json\/wp\/v2\/users\/10"}],"replies":[{"embeddable":true,"href":"https:\/\/fesprosa.org.ar\/portal\/wp-json\/wp\/v2\/comments?post=61"}],"version-history":[{"count":0,"href":"https:\/\/fesprosa.org.ar\/portal\/wp-json\/wp\/v2\/posts\/61\/revisions"}],"wp:featuredmedia":[{"embeddable":true,"href":"https:\/\/fesprosa.org.ar\/portal\/wp-json\/wp\/v2\/media\/195"}],"wp:attachment":[{"href":"https:\/\/fesprosa.org.ar\/portal\/wp-json\/wp\/v2\/media?parent=61"}],"wp:term":[{"taxonomy":"category","embeddable":true,"href":"https:\/\/fesprosa.org.ar\/portal\/wp-json\/wp\/v2\/categories?post=61"},{"taxonomy":"post_tag","embeddable":true,"href":"https:\/\/fesprosa.org.ar\/portal\/wp-json\/wp\/v2\/tags?post=61"}],"curies":[{"name":"wp","href":"https:\/\/api.w.org\/{rel}","templated":true}]}}