{"id":5946,"date":"2016-02-11T16:36:06","date_gmt":"2016-02-11T16:36:06","guid":{"rendered":"http:\/\/fesprosa.org.ar\/portal\/?p=5946"},"modified":"2016-02-11T16:36:06","modified_gmt":"2016-02-11T16:36:06","slug":"reinicio-de-gestiones-ante-el-gobierno-provincial","status":"publish","type":"post","link":"https:\/\/fesprosa.org.ar\/portal\/reinicio-de-gestiones-ante-el-gobierno-provincial\/","title":{"rendered":"REINICIO DE GESTIONES ANTE EL GOBIERNO PROVINCIAL"},"content":{"rendered":"<div class=\"wpb-content-wrapper\"><p>[vc_row][vc_column][vc_column_text]<span style=\"font-family: Arial, sans-serif;\">Estimados Compa\u00f1eros:<\/span><\/p>\n<p><span style=\"font-family: Arial, sans-serif;\">En la fecha estamos reiniciando nuestras gestiones ante los distintos ministerios del Gobierno de la Provincia. Empezamos esta tarde a las 18.00hs con la Ministra de Educaci\u00f3n para exigir la reincorporaci\u00f3n de tres colegas despedidos y la liquidaci\u00f3n del salario de enero de quince profesionales que hab\u00edamos logrado pasar a planta permanente a fines de diciembre. En estos d\u00edas tenemos una audiencia con el Ministro de Econom\u00eda con quien debatiremos una propuesta de \u00abel perfil del salario profesional en la provincia de Jujuy\u00bb sobre el que queremos avanzar lo m\u00e1s r\u00e1pido posible. Esta pedida la audiencia con el Ministro de Salud cuyo compromiso es recibirnos la semana que viene. Hemos logrado la reincorporaci\u00f3n de tres colegas profesionales que hab\u00edan sido despedidos injustamente.\u00a0Hemos planteado la urgente convocatoria para discutir salarios y condiciones de trabajo para el 2016 esperamos respuestas.<\/span><\/p>\n<p align=\"CENTER\"><span style=\"font-family: Arial, sans-serif;\"><b>APUAP \u2013 COMISI\u00d3N DIRECTIVA<\/b><\/span><\/p>\n<p>[\/vc_column_text][\/vc_column][\/vc_row]<\/p>\n<\/div>","protected":false},"excerpt":{"rendered":"<p>En la fecha estamos reiniciando nuestras gestiones ante los distintos ministerios del Gobierno de la Provincia.<\/p>\n","protected":false},"author":4,"featured_media":5947,"comment_status":"closed","ping_status":"closed","sticky":false,"template":"","format":"standard","meta":{"footnotes":""},"categories":[246],"tags":[47],"class_list":{"0":"post-5946","1":"post","2":"type-post","3":"status-publish","4":"format-standard","5":"has-post-thumbnail","7":"category-jujuy","8":"tag-destacado"},"_links":{"self":[{"href":"https:\/\/fesprosa.org.ar\/portal\/wp-json\/wp\/v2\/posts\/5946","targetHints":{"allow":["GET"]}}],"collection":[{"href":"https:\/\/fesprosa.org.ar\/portal\/wp-json\/wp\/v2\/posts"}],"about":[{"href":"https:\/\/fesprosa.org.ar\/portal\/wp-json\/wp\/v2\/types\/post"}],"author":[{"embeddable":true,"href":"https:\/\/fesprosa.org.ar\/portal\/wp-json\/wp\/v2\/users\/4"}],"replies":[{"embeddable":true,"href":"https:\/\/fesprosa.org.ar\/portal\/wp-json\/wp\/v2\/comments?post=5946"}],"version-history":[{"count":0,"href":"https:\/\/fesprosa.org.ar\/portal\/wp-json\/wp\/v2\/posts\/5946\/revisions"}],"wp:featuredmedia":[{"embeddable":true,"href":"https:\/\/fesprosa.org.ar\/portal\/wp-json\/wp\/v2\/media\/5947"}],"wp:attachment":[{"href":"https:\/\/fesprosa.org.ar\/portal\/wp-json\/wp\/v2\/media?parent=5946"}],"wp:term":[{"taxonomy":"category","embeddable":true,"href":"https:\/\/fesprosa.org.ar\/portal\/wp-json\/wp\/v2\/categories?post=5946"},{"taxonomy":"post_tag","embeddable":true,"href":"https:\/\/fesprosa.org.ar\/portal\/wp-json\/wp\/v2\/tags?post=5946"}],"curies":[{"name":"wp","href":"https:\/\/api.w.org\/{rel}","templated":true}]}}