{"id":5867,"date":"2016-02-01T18:49:10","date_gmt":"2016-02-01T18:49:10","guid":{"rendered":"http:\/\/fesprosa.org.ar\/portal\/?p=5867"},"modified":"2016-02-01T18:49:10","modified_gmt":"2016-02-01T18:49:10","slug":"boletin-n-01","status":"publish","type":"post","link":"https:\/\/fesprosa.org.ar\/portal\/boletin-n-01\/","title":{"rendered":"Bolet\u00edn N\u00b0 01"},"content":{"rendered":"<div class=\"wpb-content-wrapper\"><p>[vc_row][vc_column][vc_column_text css=\u00bb.vc_custom_1454348618219{padding-top: 10px !important;padding-bottom: 15px !important;}\u00bb]<\/p>\n<h2><span style=\"color: #333300;\">Editorial<\/span><\/h2>\n<p>[\/vc_column_text][vc_empty_space height=\u00bb12px\u00bb][vc_column_text css=\u00bb.vc_custom_1454348646920{padding-top: 10px !important;padding-bottom: 15px !important;}\u00bb]<\/p>\n<h3>SE PROFUNDIZAN LOS DESPIDOS Y LAS ACCIONES DE AMEDRENTAMIENTO CONTRA LOS TRABAJADORES<\/h3>\n<p>[\/vc_column_text][vc_column_text]<\/p>\n<figure id=\"attachment_5869\" class=\"wp-caption aligncenter\" style=\"width: 508px\"><img loading=\"lazy\" decoding=\"async\" class=\"size-full wp-image-5869\" src=\"http:\/\/fesprosa.org.ar\/portal\/wp-content\/uploads\/2016\/02\/Sin-t\u00edtulo-1.jpg\" alt=\"DEL INFORME DEL OBSERVATORIO DEL DERECHO SOCIAL DE LA CTA-A\" width=\"508\" height=\"284\" srcset=\"https:\/\/fesprosa.org.ar\/portal\/wp-content\/uploads\/2016\/02\/Sin-t\u00edtulo-1.jpg 508w, https:\/\/fesprosa.org.ar\/portal\/wp-content\/uploads\/2016\/02\/Sin-t\u00edtulo-1-300x168.jpg 300w\" sizes=\"auto, (max-width: 508px) 100vw, 508px\" \/><figcaption class=\"wp-caption-text\">DEL INFORME DEL OBSERVATORIO DEL DERECHO SOCIAL DE LA CTA-A<\/figcaption><\/figure>\n<p>[\/vc_column_text][vc_empty_space height=\u00bb12px\u00bb][vc_column_text]<\/p>\n<p style=\"text-align: justify;\">La ofensiva patronal contra los trabajadores, avalada e impulsada por el Gobierno Nacional, se ha profundizado en las \u00faltimas semanas. Los mecanismos de control y disciplinamiento sobre los trabajadores no se limitan a los despidos, que han tenido lugar tanto en el sector p\u00fablico como en el privado, sino que tambi\u00e9n incluyen las amenazas generalizadas de despidos, y un creciente uso de la fuerza p\u00fablica contra dirigentes de organizaciones sindicales y sociales. Esta ofensiva tiene como objetivo principal reducir sustancialmente el costo de la fuerza de trabajo. Para ello, los empleadores necesitan doblegar la resistencia de los trabajadores e impedir que a trav\u00e9s de las negociaciones salariales se revierta la ca\u00edda del salario real. En este sentido, el Gobierno Nacional ya ha explicitado su intenci\u00f3n de limitar los incrementos salariales nominales a un rango de inflaci\u00f3n futura que, seg\u00fan ha expresado, deber\u00eda ubicarse en torno al 20% &#8211; 25%. Considerar dicho rango de inflaci\u00f3n implicar\u00eda aceptar un escenario que a esta altura del a\u00f1o ya luce m\u00e1s que improbable.<\/p>\n<p style=\"text-align: justify;\">Las declaraciones p\u00fablicas de los principales beneficiarios de las medidas econ\u00f3micas del gobierno (principalmente el sector agroexportador) sostienen que la devaluaci\u00f3n se habr\u00eda quedado \u201ccorta\u201d, y que ser\u00eda necesario, m\u00e1s temprano que tarde, volver a efectuar una correcci\u00f3n del tipo de cambio.<\/p>\n<p>[\/vc_column_text][vc_empty_space height=\u00bb12px\u00bb][vc_toggle title=\u00bbleer m\u00e1s&#8230;\u00bb style=\u00bbsimple\u00bb color=\u00bbmulled_wine\u00bb el_id=\u00bb1445363820409-ffccc1b0-9fff\u00bb]<\/p>\n<p style=\"text-align: justify;\">Debilitar la capacidad de resistencia de los trabajadores es una parte central de la estrategia del Gobierno Nacional para llevar adelante su programa econ\u00f3mico.<br \/>\nComo puede apreciarse este proceso est\u00e1 lejos de haberse detenido, y alcanza a trabajadores del sector p\u00fablico en sus distintos niveles (nacional, provincial y municipal) y del sector privado en distintas actividades econ\u00f3micas y localidades del pa\u00eds.<br \/>\nLas acciones de amedrentamiento de los empleadores y del gobierno no se limitan a efectivizar miles de cesant\u00edas, sino que tambi\u00e9n incluyen amenazas concretas de reducir las dotaciones de trabajadores y, en casos m\u00e1s limitados, apelan a la violencia f\u00edsica y a la fuerza p\u00fablica para reprimir y contener la reacci\u00f3n colectiva. Los despidos y las amenazas son parte de una misma din\u00e1mica ya que apuntan a atemorizar al conjunto de los trabajadores. Para ello es necesario demostrar que las amenazas pueden hacerse efectivas en cualquier momento. Los despidos son de esta manera ejemplificadores, tanto para los trabajadores directamente afectados como para el resto de sus compa\u00f1eros.<br \/>\nLa amenaza de despido es m\u00e1s efectiva para el empleador ya que su costo es virtualmente nulo. Por otra parte, estas amenazas pocas veces trascienden las fronteras del lugar de trabajo, y permanecen como un mecanismo de coerci\u00f3n permanente en cada establecimiento.<br \/>\nEn las \u00faltimas semanas es posible identificar al menos dos de estas situaciones: por un lado, la presentaci\u00f3n de un procedimiento preventivo de crisis por parte de las principales empresas contratistas de la industria petrolera, medida previa a la aplicaci\u00f3n de suspensiones o despidos, que podr\u00eda afectar directa e indirectamente a entre 5.000 y 10.000 trabajadores; por el otro, el dictado del decreto 254\/15 por parte del Gobierno Nacional que habilit\u00f3 la renovaci\u00f3n de miles de contratos en el sector p\u00fablico por el plazo de tres meses (hasta el 31 de marzo), cuya continuidad depender\u00e1 de la voluntad del funcionario del \u00e1rea respectiva.<\/p>\n<p>INFORME COMPLETO: http:\/\/obderechosocial.org.ar\/docs\/despidos_2.pdf[\/vc_toggle][vc_empty_space height=\u00bb12px\u00bb][vc_separator][vc_empty_space height=\u00bb12px\u00bb][vc_column_text]<\/p>\n<h2 style=\"text-align: left;\"><span style=\"color: #333300;\">En esta edici\u00f3n del bolet\u00edn:<\/span><\/h2>\n<p>[\/vc_column_text][vc_empty_space height=\u00bb12px\u00bb][vc_message message_box_style=\u00bbsolid-icon\u00bb message_box_color=\u00bbchino\u00bb icon_fontawesome=\u00bbfa fa-circle-o-notch\u00bb]<\/p>\n<h3>EDITORIAL<\/h3>\n<p>Se profundizan los despidos y las acciones de amedrentamiento contra los trabajadores<\/p>\n<p>[\/vc_message][vc_message message_box_color=\u00bbchino\u00bb icon_fontawesome=\u00bbfa fa-circle-o-notch\u00bb]<\/p>\n<h3>BUENOS AIRES<\/h3>\n<p>CICOP inicia un plan de lucha con una Jornada Provincial el mi\u00e9rcoles 17\/2<\/p>\n<h3>SANTA FE<\/h3>\n<p>SIPRUS convoca a jornada provincial de lucha<\/p>\n<p>Violencia en el centro de salud villa manuelita<\/p>\n<h3>MENDOZA<\/h3>\n<p>Del P\u00f3polo \u00abvamos a defender hasta las \u00faltimas consecuencias a quienes trabajan\u00bb.<\/p>\n<h3>SAN LUIS<\/h3>\n<p>Patas para arriba en el hospital de salud mentaL<\/p>\n<h3>C\u00d3RDOBA<\/h3>\n<p>UTS objet\u00f3 la nueva obra de teatro \u00abPABELL\u00d3N TORN\u00da\u00bb<\/p>\n<h3>SALUD<\/h3>\n<p>SOS Pediatras casi no hay en los hospitales p\u00fablicos<\/p>\n<h3>CTA<\/h3>\n<p>ATE\u00a0vota este mi\u00e9rcoles una medida nacional contra los despidos y por aumento salarial<\/p>\n<h3>INTERNACIONALES<\/h3>\n<p>4 DE Febrero-nos movilizamos contra el tpp en defensa de la democracia, la soberan\u00eda nacional y la salud p\u00fablica[\/vc_message][vc_separator][vc_empty_space height=\u00bb12px\u00bb][\/vc_column][\/vc_row][vc_row][vc_column][vc_btn title=\u00bbDescargar Bolet\u00edn versi\u00f3n PDF\u00bb color=\u00bbchino\u00bb size=\u00bbsm\u00bb i_icon_fontawesome=\u00bbfa fa-file-pdf-o\u00bb link=\u00bburl:http%3A%2F%2Ffesprosa.org.ar%2Fportal%2Fwp-content%2Fuploads%2F2016%2F02%2FBOLETIN_N01.pdf|title:DESCARGAR%20BOLET%C3%8DN%20AQU%C3%8D|target:%20_blank\u00bb add_icon=\u00bbtrue\u00bb][vc_empty_space height=\u00bb12px\u00bb][vc_empty_space height=\u00bb12px\u00bb][vc_message message_box_color=\u00bbgrey\u00bb]<\/p>\n<blockquote><p><span style=\"font-size: 10px;\">Federaci\u00f3n Sindical de Profesionales de la Salud de la Rep\u00fablica Argentina<\/span><br \/>\n<span style=\"font-size: 10px;\"> INSCRIPCI\u00d3N GREMIAL 2580 MTEYSS<\/span><br \/>\n<span style=\"font-size: 10px;\"> Av. Caseros N\u00ba 4140 &#8211; 1263 \u2013 Ciudad Aut\u00f3noma de Buenos Aires<\/span><br \/>\n<span style=\"font-size: 10px;\"> (+5411) 4921-7716 \/ fesprosa1@gmail.com<\/span><br \/>\n<span style=\"font-size: 10px;\"> http:\/\/www.fesprosa.com.ar\/portal\/<\/span><\/p><\/blockquote>\n<p>[\/vc_message][\/vc_column][\/vc_row][vc_row][vc_column][vc_column_text]<br \/>\n[\/vc_column_text][\/vc_column][\/vc_row]<\/p>\n<\/div>","protected":false},"excerpt":{"rendered":"<p>[vc_row][vc_column][vc_column_text css=\u00bb.vc_custom_1454348618219{padding-top: 10px !important;padding-bottom: 15px !important;}\u00bb] Editorial [\/vc_column_text][vc_empty_space height=\u00bb12px\u00bb][vc_column_text css=\u00bb.vc_custom_1454348646920{padding-top: 10px !important;padding-bottom: 15px !important;}\u00bb] SE PROFUNDIZAN LOS DESPIDOS Y LAS ACCIONES DE AMEDRENTAMIENTO CONTRA LOS TRABAJADORES [\/vc_column_text][vc_column_text] [\/vc_column_text][vc_empty_space height=\u00bb12px\u00bb][vc_column_text] La ofensiva patronal contra los trabajadores, avalada e impulsada por el Gobierno Nacional, se ha profundizado en las \u00faltimas semanas. Los mecanismos de control y disciplinamiento &#8230;<\/p>\n","protected":false},"author":4,"featured_media":5869,"comment_status":"closed","ping_status":"closed","sticky":false,"template":"","format":"standard","meta":{"footnotes":""},"categories":[2,14],"tags":[47],"class_list":{"0":"post-5867","1":"post","2":"type-post","3":"status-publish","4":"format-standard","5":"has-post-thumbnail","7":"category-boletines","8":"category-ultimo-boletin","9":"tag-destacado"},"_links":{"self":[{"href":"https:\/\/fesprosa.org.ar\/portal\/wp-json\/wp\/v2\/posts\/5867","targetHints":{"allow":["GET"]}}],"collection":[{"href":"https:\/\/fesprosa.org.ar\/portal\/wp-json\/wp\/v2\/posts"}],"about":[{"href":"https:\/\/fesprosa.org.ar\/portal\/wp-json\/wp\/v2\/types\/post"}],"author":[{"embeddable":true,"href":"https:\/\/fesprosa.org.ar\/portal\/wp-json\/wp\/v2\/users\/4"}],"replies":[{"embeddable":true,"href":"https:\/\/fesprosa.org.ar\/portal\/wp-json\/wp\/v2\/comments?post=5867"}],"version-history":[{"count":0,"href":"https:\/\/fesprosa.org.ar\/portal\/wp-json\/wp\/v2\/posts\/5867\/revisions"}],"wp:featuredmedia":[{"embeddable":true,"href":"https:\/\/fesprosa.org.ar\/portal\/wp-json\/wp\/v2\/media\/5869"}],"wp:attachment":[{"href":"https:\/\/fesprosa.org.ar\/portal\/wp-json\/wp\/v2\/media?parent=5867"}],"wp:term":[{"taxonomy":"category","embeddable":true,"href":"https:\/\/fesprosa.org.ar\/portal\/wp-json\/wp\/v2\/categories?post=5867"},{"taxonomy":"post_tag","embeddable":true,"href":"https:\/\/fesprosa.org.ar\/portal\/wp-json\/wp\/v2\/tags?post=5867"}],"curies":[{"name":"wp","href":"https:\/\/api.w.org\/{rel}","templated":true}]}}