{"id":5861,"date":"2016-01-31T19:22:10","date_gmt":"2016-01-31T19:22:10","guid":{"rendered":"http:\/\/fesprosa.org.ar\/portal\/?p=5861"},"modified":"2016-01-31T19:22:10","modified_gmt":"2016-01-31T19:22:10","slug":"tierra-del-fuego-la-kirchnerista-bertone-echo-mas-de-1000-personas-y-bajo-las-jubilaciones","status":"publish","type":"post","link":"https:\/\/fesprosa.org.ar\/portal\/tierra-del-fuego-la-kirchnerista-bertone-echo-mas-de-1000-personas-y-bajo-las-jubilaciones\/","title":{"rendered":"TIERRA DEL FUEGO|  La kirchnerista Bertone ech\u00f3 m\u00e1s de 1000 personas y baj\u00f3 las jubilaciones"},"content":{"rendered":"<div class=\"wpb-content-wrapper\"><p>[vc_row][vc_column][vc_column_text]<\/p>\n<p>Empez\u00f3 con un fuerte ajuste y su ministro de trabajo renunci\u00f3. Su pol\u00e9mica reforma previsional.<\/p>\n<p>[\/vc_column_text][vc_separator][vc_column_text]<\/p>\n<figure id=\"attachment_5862\" class=\"wp-caption aligncenter\" style=\"width: 1000px\"><img loading=\"lazy\" decoding=\"async\" class=\"size-full wp-image-5862\" src=\"http:\/\/fesprosa.org.ar\/portal\/wp-content\/uploads\/2016\/01\/56ac1d864a977.jpg\" alt=\"Andr\u00e9s Ibarra recibe a la Gobernadora de Tierra del Fuego, Rosana Bertone.\" width=\"1000\" height=\"665\" srcset=\"https:\/\/fesprosa.org.ar\/portal\/wp-content\/uploads\/2016\/01\/56ac1d864a977.jpg 1000w, https:\/\/fesprosa.org.ar\/portal\/wp-content\/uploads\/2016\/01\/56ac1d864a977-300x200.jpg 300w, https:\/\/fesprosa.org.ar\/portal\/wp-content\/uploads\/2016\/01\/56ac1d864a977-768x511.jpg 768w, https:\/\/fesprosa.org.ar\/portal\/wp-content\/uploads\/2016\/01\/56ac1d864a977-765x510.jpg 765w\" sizes=\"auto, (max-width: 1000px) 100vw, 1000px\" \/><figcaption class=\"wp-caption-text\">Andr\u00e9s Ibarra recibe a la Gobernadora de Tierra del Fuego, Rosana Bertone.<\/figcaption><\/figure>\n<p>&nbsp;<\/p>\n<p>La gobernadora kirchnerista Rosana Bertone ech\u00f3 a m\u00e1s de 1000 empleados y baj\u00f3 los beneficios jubilatorios en Tierra del Fuego, con apoyo de la Legislatura que manejo a gusto en sociedad con La C\u00e1mpora.<\/p>\n<p>&nbsp;<\/p>\n<div id=\"vsmcontent\" class=\"body vsmcontent\">\n<p>La agrupaci\u00f3n de M\u00e1ximo Kirchner celebr\u00f3 la victoria de Bertone el a\u00f1o pasado, sobre todo porque fue acompa\u00f1ada de un triunfo del camporista Walter Vuoto como intendente de Ushuaia.<\/p>\n<p>Pero a 40 d\u00edas de asumir, la ex diputada realiz\u00f3 un ajuste m\u00e1s dr\u00e1stico que el que los camporistas le achacan a Mauricio Macri, que incluy\u00f3 a trabajadores sociales que trabajaban como \u201ctalleristas\u201d en centros educativos y beneficiarios del Programa de Entrenamiento Laboral (PEL).<\/p>\n<p>Estos \u00faltimos estaban en gran parte personal de limpieza de los hospitales, que seg\u00fan los gremios est\u00e1n m\u00e1s sucios que nunca.<\/p>\n<p>Pero Bertone tiene que ajustar y la modalidad es la misma aplicada en Naci\u00f3n que tanto alarma a los camporistas: echar a todos los que no tengan estabilidad y, en el mejor de los casos, negociar algunas reincorporaciones.<\/p>\n<p>La excusa tambi\u00e9n es la misma: los masivos nombramientos que hizo su antecesora Fabiana R\u00edos.<\/p>\n<p>\u201cNo sabemos la cifra exacta. Pero echaron a 450 empleados sin estabilidad y cesantearon a la misma cantidad de talleristas y de beneficiarios del PEL\u201d, denunci\u00f3 ante LPO Ra\u00fal Arce, miembro del sindicato docente y de la CTA de Tierra del Fuego.<\/p>\n<p>La ola de despidos provoc\u00f3 la renuncia del ministro de Trabajo, Daniel Rivarola, un sindicalista de Comercio que no lleg\u00f3 ni al mes de gesti\u00f3n.<\/p>\n<p>\u201cMi entidad gremial siempre ha agotado todas las instancias para darle la soluci\u00f3n al obrero, no al patr\u00f3n, y en este caso est\u00e1bamos siendo patr\u00f3n, y no es una situaci\u00f3n c\u00f3moda. No puedo aceptar que se tomen medidas en contra del obrero cuando toda mi vida los defend\u00ed\u201d, fue el descargo de Rivarola en los medios fueguinos.<\/p>\n<p>Fue reemplazado por Claudio Carrera, quien se convirti\u00f3 en el \u00fanico ministro de origen peronista.<\/p>\n<p>El ajuste se complet\u00f3 con una reforma previsional de tinte neoliberal aprobada en la Legislatura, que aument\u00f3 la edad jubilatoria a 60 a\u00f1os, pero no hizo diferencias entre hombres y mujeres como s\u00ed existe en todos los regimenes del pa\u00eds.<\/p>\n<p>\u201cPor si fuera poco, el 82% m\u00f3vil ahora se calcula sobre los 10 \u00faltimos a\u00f1os y no sobre los 2. Y la jubilaciones bajar\u00e1n para los que computen suplencias\u201d, explic\u00f3 Arce.<\/p>\n<p>Los sindicatos evaluaban hacer un planteo de inconstitucionalidad pero tienen un problema: la justicia fueguina responde al kirchnerismo. Y es el kirchnerismo el que quiere ajustar.<\/p>\n<\/div>\n<div id=\"copyright\"><\/div>\n<div class=\"comment\">\n<div id=\"f_95631\" class=\"form\">\n<p><a name=\"comentario\"><\/a><\/p>\n<div class=\"frmtitle\"><\/div>\n<\/div>\n<\/div>\n<p>[\/vc_column_text][vc_empty_space][vc_empty_space][vc_message]<\/p>\n<p>Fuente:\u00a0http:\/\/www.lapoliticaonline.com\/nota\/95631\/<\/p>\n<p>[\/vc_message][vc_empty_space][\/vc_column][\/vc_row]<\/p>\n<\/div>","protected":false},"excerpt":{"rendered":"<p>La gobernadora kirchnerista Rosana Bertone ech\u00f3 a m\u00e1s de 1000 empleados y baj\u00f3 los beneficios jubilatorios en Tierra del Fuego, con apoyo de la Legislatura que manejo a gusto en sociedad con La C\u00e1mpora.<\/p>\n","protected":false},"author":4,"featured_media":5862,"comment_status":"closed","ping_status":"closed","sticky":false,"template":"","format":"standard","meta":{"footnotes":""},"categories":[10,251],"tags":[47],"class_list":{"0":"post-5861","1":"post","2":"type-post","3":"status-publish","4":"format-standard","5":"has-post-thumbnail","7":"category-noticias","8":"category-tierra-del-fuego","9":"tag-destacado"},"_links":{"self":[{"href":"https:\/\/fesprosa.org.ar\/portal\/wp-json\/wp\/v2\/posts\/5861","targetHints":{"allow":["GET"]}}],"collection":[{"href":"https:\/\/fesprosa.org.ar\/portal\/wp-json\/wp\/v2\/posts"}],"about":[{"href":"https:\/\/fesprosa.org.ar\/portal\/wp-json\/wp\/v2\/types\/post"}],"author":[{"embeddable":true,"href":"https:\/\/fesprosa.org.ar\/portal\/wp-json\/wp\/v2\/users\/4"}],"replies":[{"embeddable":true,"href":"https:\/\/fesprosa.org.ar\/portal\/wp-json\/wp\/v2\/comments?post=5861"}],"version-history":[{"count":0,"href":"https:\/\/fesprosa.org.ar\/portal\/wp-json\/wp\/v2\/posts\/5861\/revisions"}],"wp:featuredmedia":[{"embeddable":true,"href":"https:\/\/fesprosa.org.ar\/portal\/wp-json\/wp\/v2\/media\/5862"}],"wp:attachment":[{"href":"https:\/\/fesprosa.org.ar\/portal\/wp-json\/wp\/v2\/media?parent=5861"}],"wp:term":[{"taxonomy":"category","embeddable":true,"href":"https:\/\/fesprosa.org.ar\/portal\/wp-json\/wp\/v2\/categories?post=5861"},{"taxonomy":"post_tag","embeddable":true,"href":"https:\/\/fesprosa.org.ar\/portal\/wp-json\/wp\/v2\/tags?post=5861"}],"curies":[{"name":"wp","href":"https:\/\/api.w.org\/{rel}","templated":true}]}}