{"id":5214,"date":"2015-07-02T12:13:04","date_gmt":"2015-07-02T15:13:04","guid":{"rendered":"http:\/\/www.fesprosa.com.ar\/portal\/?p=5214"},"modified":"2015-07-02T12:13:04","modified_gmt":"2015-07-02T15:13:04","slug":"reunion-isp-en-san-pablo-brasil","status":"publish","type":"post","link":"https:\/\/fesprosa.org.ar\/portal\/reunion-isp-en-san-pablo-brasil\/","title":{"rendered":"REUNI\u00d3N ISP EN SAN PABLO &#8211; BRASIL"},"content":{"rendered":"<p>BRASIL EN LA ENCRUCIJADA<\/p>\n<p>En pleno centro de San Pablo est\u00e1 la sede de la Confederaci\u00f3n Sindical de las Am\u00e9ricas. Es primero de julio y acaba de finalizar la reuni\u00f3n de sindicatos de salud de la Internacional de Servicios P\u00fablicos (ISP). Representan centenares de miles de trabajadores p\u00fablicos y privados de todo el pa\u00eds. La gran mayor\u00eda simpatiza con el Gobierno y la figura de Dilma. Por ello es llamativa la dureza con la que han descripto (y criticado) una pol\u00edtica laboral y sanitaria que puede enterrar definitivamente la consigna \u00absalud derecho de todos y deber del estado\u00bb con la cual se construy\u00f3 desde 1988 el sue\u00f1o del Sistema \u00danico de Salud (SUS).<\/p>\n<p>N\u00daMEROS GIGANTES<\/p>\n<p>El SUS, garantiza en teor\u00eda la atenci\u00f3n universal y gratuita de 160 millones de brasile\u00f1os como derecho de ciudadan\u00eda. Con hospitales p\u00fablicos y centros de salud desfinanciados, tercerizaciones y precarizaci\u00f3n en buena parte del territorio, esa garant\u00eda es solo una expresi\u00f3n de deseos. En paralelo el sector privado (llamado medicina complementaria) no deja de crecer. Hoy brinda atenci\u00f3n a 50 millones de brasile\u00f1os y como mercado supera en mas del doble a toda Am\u00e9rica Latina junta, de R\u00edo Grande a Tierra del Fuego. El volumen de dinero que maneja llega a casi el 4% del PBI y ya supera levemente al gasto estatal consolidado.<\/p>\n<p>EL PAQUETE DEL ASOMBRO<\/p>\n<p>Los sindicatos debatieron sobre tres ejes de la pol\u00edtica de Dilma<\/p>\n<p>a) Apertura al capital extranjero. La ley de inversiones extranjeras del Gobierno del PT propugna un marco por el cual ya varias de las empresas de salud han sido adquiridas por capitales norteamericanos. Los reyes de la salud privada entran y se instalan en el mayor mercado de Am\u00e9rica Latina y el Caribe.<\/p>\n<p>b) Tercerizaci\u00f3n laboral. La ley 4330 ya fue votada en ambas c\u00e1maras y est\u00e1 en presidencia a la espera de su promulgaci\u00f3n. Se levanta en ella toda restricci\u00f3n a la tercerizaci\u00f3n laboral. En salud decenas de provincias y municipios tercerizan a manos de \u00abOS\u00bb (organizaciones sociales) sus responsabilidades de prestar servicios del SUS. La ley 4330, si no es vetada por Dilma, profundizar\u00e1 el proceso de precarizaci\u00f3n laboral.<\/p>\n<p>c) Brasil no tiene obras sociales. Est\u00e1 el SUS. Sin embargo el lobby empresario est\u00e1 batallando para que se les permita afiliar a todos sus trabajadores (como parte del salario) a un seguro privado. Hoy este fen\u00f3meno crece pero su universalizaci\u00f3n en el \u00e1mbito del trabajo registrado dar\u00eda al SUS un golpe de muerte, dej\u00e1ndolo en un lugar marginal para atender solo a la poblaci\u00f3n mas pobre, carente de todo derecho.<\/p>\n<p>DILEMA DILMA<\/p>\n<p>Los sindicatos, a la hora de analizar acciones, dejaron de lado sus simpat\u00edas pol\u00edtico partidarias. Fue claro para todos que estos avances contra el SUS y los derechos ciudadanos son tambi\u00e9n duros golpes para los trabajadores de salud. Aprobaron un men\u00fa de trabajo que incluye desde el lobby parlamentario hasta la acci\u00f3n de inconstitucionalidad contra estas leyes, amen de movilizaciones locales y nacionales.<\/p>\n<p>En M\u00e9xico los sindicatos de salud de la ISP aprobamos una movilizaci\u00f3n continental para el 17 de septiembre, contra las privatizaciones y por nuestros derechos laborales. Brasil ser\u00e1, sin duda,un epicentro de esa jornada.<\/p>\n<p>Jorge Yabkowski<br \/>\nPresidente FRESPROSA<\/p>\n","protected":false},"excerpt":{"rendered":"<p>BRASIL EN LA ENCRUCIJADA En pleno centro de San Pablo est\u00e1 la sede de la Confederaci\u00f3n Sindical de las Am\u00e9ricas. Es primero de julio y acaba de finalizar la reuni\u00f3n de sindicatos de salud de la Internacional de Servicios P\u00fablicos (ISP). Representan centenares de miles de trabajadores p\u00fablicos y privados de todo el pa\u00eds. La &#8230;<\/p>\n","protected":false},"author":3,"featured_media":1437,"comment_status":"closed","ping_status":"closed","sticky":false,"template":"","format":"standard","meta":{"footnotes":""},"categories":[5],"tags":[],"class_list":{"0":"post-5214","1":"post","2":"type-post","3":"status-publish","4":"format-standard","5":"has-post-thumbnail","7":"category-comunicados"},"_links":{"self":[{"href":"https:\/\/fesprosa.org.ar\/portal\/wp-json\/wp\/v2\/posts\/5214","targetHints":{"allow":["GET"]}}],"collection":[{"href":"https:\/\/fesprosa.org.ar\/portal\/wp-json\/wp\/v2\/posts"}],"about":[{"href":"https:\/\/fesprosa.org.ar\/portal\/wp-json\/wp\/v2\/types\/post"}],"author":[{"embeddable":true,"href":"https:\/\/fesprosa.org.ar\/portal\/wp-json\/wp\/v2\/users\/3"}],"replies":[{"embeddable":true,"href":"https:\/\/fesprosa.org.ar\/portal\/wp-json\/wp\/v2\/comments?post=5214"}],"version-history":[{"count":0,"href":"https:\/\/fesprosa.org.ar\/portal\/wp-json\/wp\/v2\/posts\/5214\/revisions"}],"wp:featuredmedia":[{"embeddable":true,"href":"https:\/\/fesprosa.org.ar\/portal\/wp-json\/wp\/v2\/media\/1437"}],"wp:attachment":[{"href":"https:\/\/fesprosa.org.ar\/portal\/wp-json\/wp\/v2\/media?parent=5214"}],"wp:term":[{"taxonomy":"category","embeddable":true,"href":"https:\/\/fesprosa.org.ar\/portal\/wp-json\/wp\/v2\/categories?post=5214"},{"taxonomy":"post_tag","embeddable":true,"href":"https:\/\/fesprosa.org.ar\/portal\/wp-json\/wp\/v2\/tags?post=5214"}],"curies":[{"name":"wp","href":"https:\/\/api.w.org\/{rel}","templated":true}]}}