{"id":4084,"date":"2014-06-18T12:06:11","date_gmt":"2014-06-18T15:06:11","guid":{"rendered":"http:\/\/www.fesprosa.com.ar\/portal\/?p=4084"},"modified":"2014-06-18T12:06:11","modified_gmt":"2014-06-18T15:06:11","slug":"profesionales-medicos-siguen-con-el-paro","status":"publish","type":"post","link":"https:\/\/fesprosa.org.ar\/portal\/profesionales-medicos-siguen-con-el-paro\/","title":{"rendered":"Profesionales m\u00e9dicos siguen con el paro"},"content":{"rendered":"<p>FUENTE: AGENCIA ACTA CTA<br \/>\nFECHA: 18\/06\/2014<\/p>\n<p>Ante la falta de respuestas, con 90 d\u00edas en conflicto, 40 de ellos de paro por tiempo indeterminado, la Asociaci\u00f3n Profesionales de la Salud (APROSA-FESPROSA) dio en conferencia de prensa, un panorama del funcionamiento hospitalario en R\u00edo Gallegos y toda la provincia, independientemente del conflicto y reclam\u00f3 ser recibida en audiencia por el gobernador Daniel Peralta.<\/p>\n<p>En el hall del Hospital Regional R\u00edo Gallegos, los profesionales m\u00e9dicos que mantienen conflicto por una escala salarial que abarque a todo el personal de salud y un monto de $2.000 para las categor\u00edas B, C y D de la Ley 1795.<\/p>\n<p>Hugo Jerez, referente local, explic\u00f3 que la APROSA sigue en conflicto, ya que recurri\u00f3 hasta ahora sin resultados a todos los Ministros, de Salud, de Econom\u00eda, Gobierno y Secretar\u00eda General de la Gobernaci\u00f3n, sin obtener una respuesta cierta en relaci\u00f3n al consenso oportunamente logrado con el ex jefe de Gabinete, Ariel Ivovich.<\/p>\n<p>\u201cNo hubo una correcta lectura del aumento de salarios para todos los profesionales de la salud\u201d, se\u00f1al\u00f3 el dirigente de APROSA.<\/p>\n","protected":false},"excerpt":{"rendered":"<p>FUENTE: AGENCIA ACTA CTA FECHA: 18\/06\/2014 Ante la falta de respuestas, con 90 d\u00edas en conflicto, 40 de ellos de paro por tiempo indeterminado, la Asociaci\u00f3n Profesionales de la Salud (APROSA-FESPROSA) dio en conferencia de prensa, un panorama del funcionamiento hospitalario en R\u00edo Gallegos y toda la provincia, independientemente del conflicto y reclam\u00f3 ser recibida &#8230;<\/p>\n","protected":false},"author":3,"featured_media":4085,"comment_status":"closed","ping_status":"closed","sticky":false,"template":"","format":"standard","meta":{"footnotes":""},"categories":[11],"tags":[],"class_list":{"0":"post-4084","1":"post","2":"type-post","3":"status-publish","4":"format-standard","5":"has-post-thumbnail","7":"category-prensa"},"_links":{"self":[{"href":"https:\/\/fesprosa.org.ar\/portal\/wp-json\/wp\/v2\/posts\/4084","targetHints":{"allow":["GET"]}}],"collection":[{"href":"https:\/\/fesprosa.org.ar\/portal\/wp-json\/wp\/v2\/posts"}],"about":[{"href":"https:\/\/fesprosa.org.ar\/portal\/wp-json\/wp\/v2\/types\/post"}],"author":[{"embeddable":true,"href":"https:\/\/fesprosa.org.ar\/portal\/wp-json\/wp\/v2\/users\/3"}],"replies":[{"embeddable":true,"href":"https:\/\/fesprosa.org.ar\/portal\/wp-json\/wp\/v2\/comments?post=4084"}],"version-history":[{"count":0,"href":"https:\/\/fesprosa.org.ar\/portal\/wp-json\/wp\/v2\/posts\/4084\/revisions"}],"wp:featuredmedia":[{"embeddable":true,"href":"https:\/\/fesprosa.org.ar\/portal\/wp-json\/wp\/v2\/media\/4085"}],"wp:attachment":[{"href":"https:\/\/fesprosa.org.ar\/portal\/wp-json\/wp\/v2\/media?parent=4084"}],"wp:term":[{"taxonomy":"category","embeddable":true,"href":"https:\/\/fesprosa.org.ar\/portal\/wp-json\/wp\/v2\/categories?post=4084"},{"taxonomy":"post_tag","embeddable":true,"href":"https:\/\/fesprosa.org.ar\/portal\/wp-json\/wp\/v2\/tags?post=4084"}],"curies":[{"name":"wp","href":"https:\/\/api.w.org\/{rel}","templated":true}]}}