{"id":4080,"date":"2014-06-17T14:58:24","date_gmt":"2014-06-17T17:58:24","guid":{"rendered":"http:\/\/www.fesprosa.com.ar\/portal\/?p=4080"},"modified":"2014-06-17T14:58:24","modified_gmt":"2014-06-17T17:58:24","slug":"entregaron-los-premios-del-5to-concurso-sin-presiones","status":"publish","type":"post","link":"https:\/\/fesprosa.org.ar\/portal\/entregaron-los-premios-del-5to-concurso-sin-presiones\/","title":{"rendered":"Entregaron los premios del 5to Concurso \u201cSin Presiones\u201d"},"content":{"rendered":"<p>FUENTE: AGENCIA ACTA CTA<br \/>\nFECHA: 16\/06\/2014<\/p>\n<p>El 11 de junio se entregaron los premios del 5to Concurso de Expresi\u00f3n Escrita de los Trabajadores: \u201cSin Presiones\u201d, Historias del Mundo Laboral: Los trabajadores nos expresamos a pesar de la patronal\u00bb, organizado desde el Instituto de Salud Laboral y Medio Ambiente de Trabajo de la Central de Trabajadores de la Argentina de C\u00f3rdoba (ISLyMA-CTA).<\/p>\n<p>La entrega de premios es, cada a\u00f1o, una excelente excusa para el reencuentro entre aquellos que buscan expresarse, exteriorizar lo que sienten y viven cotidianamente a pesar de todo, en ese mundo tan \u00edntimo y privado como lo es el propio lugar de trabajo.<\/p>\n<p>El 5to Concurso \u201cSin Presiones\u201d cont\u00f3 con la salutaci\u00f3n fraternal de los compa\u00f1eros del Departamento de Salud Laboral CTA Capital, de los participantes que a la distancia enviaron sus saludos desde San Carlos de Bariloche; Concordia; Paran\u00e1; Provincia de Buenos Aires; Ciudad Aut\u00f3noma de Buenos Aires; Rosario y Provincia de C\u00f3rdoba, de Jorge Yabkowski, Secretario de Salud Laboral de la Comisi\u00f3n Ejecutiva Nacional de la CTA y como Presidente de FESPROSA Federaci\u00f3n Sindical de Profesionales de la Salud de la Rep\u00fablica Argentina, quienes convocaban conjuntamente al ISLyMA; Walter Migli\u00f3nico del Consejo Nacional de Salud y Seguridad en el Trabajo y Coordinador de la Secretar\u00eda de Salud Laboral y Medio Ambiente de PIT \u2013CNT de Uruguay.<\/p>\n<p>Con 45 trabajos escritos presentados, el jurado se brind\u00f3 a la dur\u00edsima tarea de evaluarlos y decidir cual de ellos ser\u00eda el ganador. En esta edici\u00f3n 2014, el concurso trabaj\u00f3 conjuntamente la convocatoria con la Secretar\u00eda de Discapacidad de la CTA Provincia de C\u00f3rdoba, por primera vez en la historia del \u201cSin Presiones\u201d participaron Trabajadores con Discapacidad, los que fueron evaluados en igualdad de condiciones y oportunidades por el jurado.<\/p>\n<p>La velada enmarcada en la entrega de premios se caracteriz\u00f3 por mantener a los invitados en un estado de emotividad permanente, como cada a\u00f1o el \u201cSin Presiones\u201d parece darnos permiso para llorar las penas y las broncas, para llorarnos, para el desahogo.<\/p>\n<p>La performance de la actriz \u201cGore Gorena\u201d con su mon\u00f3logo: \u201cEmpleada de Comercio\u201d, demud\u00f3 la Sala Juan Carlos Garat del CiSPren: muy fuerte, muy real, muy duro, como la vida misma, la vida del laburante.<\/p>\n<p>Los Premiados:<br \/>\n1\u00ba Premio:<\/p>\n<p>* T\u00edtulo: \u201cJueves\u201d<\/p>\n<p>Seud\u00f3nimo: Luna Paz<\/p>\n<p>Soledad Monguillot &#8211; La Granja Ruta E 53 \u2013 C\u00f3rdoba<\/p>\n<p>Relato que describe la situaci\u00f3n de estr\u00e9s post traum\u00e1tico vivida por una docente y el periplo institucional que le hacen padecer desde el Ministerio de Educaci\u00f3n.<\/p>\n<p>2\u00ba Premio:<\/p>\n<p>* T\u00edtulo: \u201cEl cambio de mi vida\u201d<\/p>\n<p>Seud\u00f3nimo: Celeste<\/p>\n<p>Valeria Sigeli &#8211; Ciudad de C\u00f3rdoba<\/p>\n<p>Cuenta la experiencia del primer trabajo en la panader\u00eda de una cadena de hipermercados, la relaci\u00f3n con los compa\u00f1eros, jefes y due\u00f1os de la cadena. Rescata la importancia de los lazos constru\u00eddos en el \u00e1mbito laboral y familiar como sost\u00e9n para los trabajadores.<\/p>\n<p>3\u00ba Premio:<\/p>\n<p>* T\u00edtulo: \u201cEllos\u201d<\/p>\n<p>Seud\u00f3nimo: ALMA<\/p>\n<p>Melanie Nieniec &#8211; Ciudad de C\u00f3rdoba<\/p>\n<p>Un relato muy llegador que nos hace sentir presentes en tiempo y espacio con la protagonista. Moza de un Bar. Las zapatillas nuevas como met\u00e1fora del sentirse c\u00f3modo, liviano y a gusto al menos en espor\u00e1dicos momentos del trabajo. Destaca la importancia de las relaciones interpersonales en el trabajo al tiempo que enumera aspectos negativos y de exposici\u00f3n a riesgos de su tarea. Deja flotando en el aire pistas acerca de qui\u00e9nes son \u201cellos\u201d, los que le dan buen trato.<\/p>\n<p>El ISLyMA-CTA tambi\u00e9n reconoci\u00f3 y agradeci\u00f3 como cada a\u00f1o a los compa\u00f1eros y compa\u00f1eras que hacen posible la concreci\u00f3n de este concurso tan necesario para los trabajadores: Al \u00abSeminario de Periodismo Social\u00bb de la Escuela de Ciencias de la Informaci\u00f3n de la UNC, y en su representaci\u00f3n a la compa\u00f1era docente universitaria y trabajadora de prensa Mariana Mandakovic, al CISPREN, a nuestra CTA, a los compa\u00f1eros de ATE C\u00f3rdoba, de ATE Provincia de Buenos Aires, a los compa\u00f1eros de la UOM de Villa Constituci\u00f3n y su Lista Marr\u00f3n hist\u00f3rica del \u00abVillazo\u00bb, a los compa\u00f1eros de UTS y a FESPROSA. Tambi\u00e9n se mencion\u00f3 y agradeci\u00f3 especialmente al compa\u00f1ero artista pl\u00e1stico Mat\u00edas Lofredo por el dise\u00f1o del afiche de convocatoria a este 5to a\u00f1o del concurso.<\/p>\n<p>Un cierre a puro aplauso de una velada cargada de emoci\u00f3n, de testimonios, de la solidaridad con el otro. El Concurso de Expresi\u00f3n Escrita \u201cSin Presiones\u201d ha logrado convertirse en el grito de los trabajadores, que deciden contar lo que les pasa a pesar de todo. Bienvenido sea!<\/p>\n","protected":false},"excerpt":{"rendered":"<p>FUENTE: AGENCIA ACTA CTA FECHA: 16\/06\/2014 El 11 de junio se entregaron los premios del 5to Concurso de Expresi\u00f3n Escrita de los Trabajadores: \u201cSin Presiones\u201d, Historias del Mundo Laboral: Los trabajadores nos expresamos a pesar de la patronal\u00bb, organizado desde el Instituto de Salud Laboral y Medio Ambiente de Trabajo de la Central de Trabajadores &#8230;<\/p>\n","protected":false},"author":3,"featured_media":4081,"comment_status":"closed","ping_status":"closed","sticky":false,"template":"","format":"standard","meta":{"footnotes":""},"categories":[11],"tags":[],"class_list":{"0":"post-4080","1":"post","2":"type-post","3":"status-publish","4":"format-standard","5":"has-post-thumbnail","7":"category-prensa"},"_links":{"self":[{"href":"https:\/\/fesprosa.org.ar\/portal\/wp-json\/wp\/v2\/posts\/4080","targetHints":{"allow":["GET"]}}],"collection":[{"href":"https:\/\/fesprosa.org.ar\/portal\/wp-json\/wp\/v2\/posts"}],"about":[{"href":"https:\/\/fesprosa.org.ar\/portal\/wp-json\/wp\/v2\/types\/post"}],"author":[{"embeddable":true,"href":"https:\/\/fesprosa.org.ar\/portal\/wp-json\/wp\/v2\/users\/3"}],"replies":[{"embeddable":true,"href":"https:\/\/fesprosa.org.ar\/portal\/wp-json\/wp\/v2\/comments?post=4080"}],"version-history":[{"count":0,"href":"https:\/\/fesprosa.org.ar\/portal\/wp-json\/wp\/v2\/posts\/4080\/revisions"}],"wp:featuredmedia":[{"embeddable":true,"href":"https:\/\/fesprosa.org.ar\/portal\/wp-json\/wp\/v2\/media\/4081"}],"wp:attachment":[{"href":"https:\/\/fesprosa.org.ar\/portal\/wp-json\/wp\/v2\/media?parent=4080"}],"wp:term":[{"taxonomy":"category","embeddable":true,"href":"https:\/\/fesprosa.org.ar\/portal\/wp-json\/wp\/v2\/categories?post=4080"},{"taxonomy":"post_tag","embeddable":true,"href":"https:\/\/fesprosa.org.ar\/portal\/wp-json\/wp\/v2\/tags?post=4080"}],"curies":[{"name":"wp","href":"https:\/\/api.w.org\/{rel}","templated":true}]}}