{"id":4073,"date":"2014-06-12T12:39:07","date_gmt":"2014-06-12T15:39:07","guid":{"rendered":"http:\/\/www.fesprosa.com.ar\/portal\/?p=4073"},"modified":"2014-06-12T12:39:07","modified_gmt":"2014-06-12T15:39:07","slug":"tucuman-capacitacion-en-el-cuarto-aniversario-de-sitas","status":"publish","type":"post","link":"https:\/\/fesprosa.org.ar\/portal\/tucuman-capacitacion-en-el-cuarto-aniversario-de-sitas\/","title":{"rendered":"TUCUM\u00c1N &#124; CAPACITACI\u00d3N EN EL CUARTO ANIVERSARIO DE SITAS"},"content":{"rendered":"<p>En el cuarto aniversario de SITAS realizamos en Tucum\u00e1n una intensa Jornada de Capacitaci\u00f3n con 40 compa\u00f1eras y compa\u00f1eros.Trabajadores de salud de toda la provincia,de los hospitales y de atenci\u00f3n primaria, desde m\u00e9dicos hasta agentes sanitarios, administrativos y choferes, hermanados en el lenguaje com\u00fan de la lucha y la identidad que los iguala: Autoconvocados de la Salud. Con Mar\u00eda Fernanda abordamos desde el sentido de la tarea y la historia de las organizaciones hasta el nuevo modelo sindical. A trav\u00e9s de un ejercicio de dramatizaci\u00f3n debatimos sobre los problemas del nuevo modelo,la cultura de la democracia de base y su relaci\u00f3n con la eficacia en la lucha. El ultimo m\u00f3dulo fue el que mas impact\u00f3: salud laboral como derecho y como pol\u00edtica de nuestros sindicatos: mapas de riesgo, violencia laboral, insalubridad, desgaste, comit\u00e9s mixtos fueron motivo de una discusi\u00f3n apasionada que dej\u00f3 la semillas para futuras acciones, algunas en lo inmediato. En el cierre todos los participantes mostraron su satisfacci\u00f3n por haber participado y pidieron m\u00e1s.<\/p>\n<p>La Jornada reafirm\u00f3 nuestra idea fuerza: no se construye un sindicato democr\u00e1tico si no se empodera con conocimientos a los cuadros medios y a los militantes de base.La formaci\u00f3n en taller revaloriza los saberes de cada uno y achica (mostrando que no son tantas) las presuntas asimetr\u00edas entre dirigentes y dirigidos.<\/p>\n<p><strong>FESPROSA ha elegido una senda. La Jornada del 11 de junio fue un paso mas en ese camino de construcci\u00f3n.<\/strong><\/p>\n","protected":false},"excerpt":{"rendered":"<p>En el cuarto aniversario de SITAS realizamos en Tucum\u00e1n una intensa Jornada de Capacitaci\u00f3n con 40 compa\u00f1eras y compa\u00f1eros.Trabajadores de salud de toda la provincia,de los hospitales y de atenci\u00f3n primaria, desde m\u00e9dicos hasta agentes sanitarios, administrativos y choferes, hermanados en el lenguaje com\u00fan de la lucha y la identidad que los iguala: Autoconvocados de &#8230;<\/p>\n","protected":false},"author":3,"featured_media":4074,"comment_status":"closed","ping_status":"closed","sticky":false,"template":"","format":"standard","meta":{"footnotes":""},"categories":[5,10,12],"tags":[],"class_list":{"0":"post-4073","1":"post","2":"type-post","3":"status-publish","4":"format-standard","5":"has-post-thumbnail","7":"category-comunicados","8":"category-noticias","9":"category-regionales"},"_links":{"self":[{"href":"https:\/\/fesprosa.org.ar\/portal\/wp-json\/wp\/v2\/posts\/4073","targetHints":{"allow":["GET"]}}],"collection":[{"href":"https:\/\/fesprosa.org.ar\/portal\/wp-json\/wp\/v2\/posts"}],"about":[{"href":"https:\/\/fesprosa.org.ar\/portal\/wp-json\/wp\/v2\/types\/post"}],"author":[{"embeddable":true,"href":"https:\/\/fesprosa.org.ar\/portal\/wp-json\/wp\/v2\/users\/3"}],"replies":[{"embeddable":true,"href":"https:\/\/fesprosa.org.ar\/portal\/wp-json\/wp\/v2\/comments?post=4073"}],"version-history":[{"count":0,"href":"https:\/\/fesprosa.org.ar\/portal\/wp-json\/wp\/v2\/posts\/4073\/revisions"}],"wp:featuredmedia":[{"embeddable":true,"href":"https:\/\/fesprosa.org.ar\/portal\/wp-json\/wp\/v2\/media\/4074"}],"wp:attachment":[{"href":"https:\/\/fesprosa.org.ar\/portal\/wp-json\/wp\/v2\/media?parent=4073"}],"wp:term":[{"taxonomy":"category","embeddable":true,"href":"https:\/\/fesprosa.org.ar\/portal\/wp-json\/wp\/v2\/categories?post=4073"},{"taxonomy":"post_tag","embeddable":true,"href":"https:\/\/fesprosa.org.ar\/portal\/wp-json\/wp\/v2\/tags?post=4073"}],"curies":[{"name":"wp","href":"https:\/\/api.w.org\/{rel}","templated":true}]}}