{"id":4069,"date":"2014-06-10T23:44:27","date_gmt":"2014-06-11T02:44:27","guid":{"rendered":"http:\/\/www.fesprosa.com.ar\/portal\/?p=4069"},"modified":"2014-06-10T23:44:27","modified_gmt":"2014-06-11T02:44:27","slug":"aproslar-acepto-la-oferta-salarial-y-levanto-el-paro-de-72-horas","status":"publish","type":"post","link":"https:\/\/fesprosa.org.ar\/portal\/aproslar-acepto-la-oferta-salarial-y-levanto-el-paro-de-72-horas\/","title":{"rendered":"APROSLaR acept\u00f3 la oferta salarial y levant\u00f3 el paro de 72 horas"},"content":{"rendered":"<p>FUENTE: ARAUCODIGITAL<br \/>\nFECHA: 10\/06\/2014<\/p>\n<p>Se trata de un aumento de $1010 no remunerativo a abonar en dos partes: $710 con la quincenita de julio y $300 con la de octubre. De esta manera, el salario m\u00ednimo de bolsillo de un m\u00e9dico ser\u00e1 de $9210, por ello el sindicato que nuclea al profesional de la salud riojano decidi\u00f3 levantar el paro previsto para este martes, mi\u00e9rcoles y jueves. Desde el gobierno se celebr\u00f3 esta decisi\u00f3n de APROSLaR y sostuvo que el incremento es lo m\u00e1ximo que se pudo brindar.<\/p>\n<p>Este lunes el ministro de Gobierno Claudio Sa\u00fal mantuvo una reuni\u00f3n con los representantes del gremio de los profesionales de la salud Aproslar, donde se dio un acercamiento de las posiciones y que culmin\u00f3 con la firma de un acuerdo que dej\u00f3 sin efecto el paro de 72 horas que hab\u00eda sido dispuesto a partir de este martes.<\/p>\n<p>Del encuentro participaron el ministro de Salud Marco Perera, la secretaria de Trabajo Myriam Espinosa y el titular de Aproslar, Rolando Ag\u00fcero.<\/p>\n<p>El gobierno inform\u00f3 que el incremento impactar\u00e1 directamente en el bolsillo de los profesionales, la modalidad acordada contempla un primer aumento que se efectivizar\u00e1 con la quincenita que perciben en julio y con un monto de 710 pesos, mientras que el segundo incremento de 300 pesos se concretar\u00e1 con la quincenita de octubre.<\/p>\n<p>El ministro de Gobierno manifest\u00f3 que por parte del gobierno provincial siempre estuvo la voluntad de conciliar, prueba de ello es que r\u00e1pidamente se logr\u00f3 un acuerdo con la gremial m\u00e9dica.<\/p>\n<p>El titular de la cartera de Gobierno Claudio Sa\u00fal sostuvo que este acuerdo se logra gracias a la decisi\u00f3n del gobernador Beder Herrera de dar respuesta las demandas de todos los sectores de la comunidad y, en este sentido, resalt\u00f3 que el Gobierno debe actuar siempre con responsabilidad y dentro de la previsibilidad presupuestaria de la Provincia.<\/p>\n<p>Al respecto agreg\u00f3 que el gobernador sigue demostrando la atenci\u00f3n del Estado a los diferentes sectores, en este caso los profesionales de la salud, lo mismo que con los docentes y otros tantos. Asimismo Sa\u00fal afirm\u00f3 que este acuerdo se consigui\u00f3 tambi\u00e9n gracias al di\u00e1logo, la apertura y razonabilidad de los representantes gremiales.<\/p>\n<p> Acuerdo<\/p>\n<p>En la oportunidad, se suscribi\u00f3 un acuerdo de partes entre la Asociaci\u00f3n de Profesionales de la Salud La Rioja (Aproslar) representada por Rolando Ag\u00fcero en calidad de secretario general y vocal titular de la Federaci\u00f3n Sindical de Profesionales de la Salud de la Rep\u00fablica Argentina (FESPROSA) y Claudia Contreras en calidad de secretaria de Organizaci\u00f3n de la APROSLAR, acompa\u00f1ados por Gabriel Herrera Segovia, en calidad de asesor legal.<\/p>\n<p>Por el Gobierno de la Provincia de La Rioja lo hicieron el ministro de Gobierno, Justicia, Seguridad y Derechos Humanos, Claudio Sa\u00fal y el ministro de Salud Marco Perera.<\/p>\n<p>Entre algunos puntos del documento se destaca el incremento en car\u00e1cter de no remunerativo y no bonificable el salario de los profesionales de la salud correspondiente a la categor\u00eda \u201cA (m\u00e9dicos, odont\u00f3logos, bioqu\u00edmicos, farmac\u00e9uticos, licenciados en sus distintas especialidades como kinesi\u00f3logos, nutricionistas, terapistas ocupacionales, fonoaudi\u00f3logos, diagn\u00f3sticos por im\u00e1genes, etc.) de la siguiente manera: a partir de julio del presente a\u00f1o la suma de 710 pesos, y a partir de octubre la suma de 300 pesos.<\/p>\n<p>Los profesionales que prestan servicios en el Hospital de la Madre y el Ni\u00f1o recibir\u00e1n cada uno id\u00e9ntico incremento salarial, es decir la suma de 710 a partir de julio del a\u00f1o en curso y la suma de 300 pesos a partir de octubre. En ambos casos la suma de 710, ser\u00e1 abonada conjuntamente con la quincenita que se abonar\u00e1 en julio y la suma de 300, se abonar\u00e1 conjuntamente con la quincenita en octubre. De este modo el haber m\u00ednimo de bolsillo de un profesional de la salud inicial ser\u00e1 de 9210 pesos.<\/p>\n<p>Entre otros puntos, se acord\u00f3 adem\u00e1s darle continuidad al trabajo para la implementaci\u00f3n de la carrera sanitaria \u00fanica para todos los profesionales de la salud de la provincia.<\/p>\n<p>Asimismo ambas partes establecen de com\u00fan acuerdo realizar reuniones peri\u00f3dicas con el objeto de mejorar las prestaciones del sistema de salud provincial. Finalmente, las autoridades sindicales y en virtud del acuerdo que se alcanza, dejan sin efectos las medidas de fuerza anunciadas.<\/p>\n","protected":false},"excerpt":{"rendered":"<p>FUENTE: ARAUCODIGITAL FECHA: 10\/06\/2014 Se trata de un aumento de $1010 no remunerativo a abonar en dos partes: $710 con la quincenita de julio y $300 con la de octubre. De esta manera, el salario m\u00ednimo de bolsillo de un m\u00e9dico ser\u00e1 de $9210, por ello el sindicato que nuclea al profesional de la salud &#8230;<\/p>\n","protected":false},"author":3,"featured_media":2798,"comment_status":"closed","ping_status":"closed","sticky":false,"template":"","format":"standard","meta":{"footnotes":""},"categories":[11],"tags":[],"class_list":{"0":"post-4069","1":"post","2":"type-post","3":"status-publish","4":"format-standard","5":"has-post-thumbnail","7":"category-prensa"},"_links":{"self":[{"href":"https:\/\/fesprosa.org.ar\/portal\/wp-json\/wp\/v2\/posts\/4069","targetHints":{"allow":["GET"]}}],"collection":[{"href":"https:\/\/fesprosa.org.ar\/portal\/wp-json\/wp\/v2\/posts"}],"about":[{"href":"https:\/\/fesprosa.org.ar\/portal\/wp-json\/wp\/v2\/types\/post"}],"author":[{"embeddable":true,"href":"https:\/\/fesprosa.org.ar\/portal\/wp-json\/wp\/v2\/users\/3"}],"replies":[{"embeddable":true,"href":"https:\/\/fesprosa.org.ar\/portal\/wp-json\/wp\/v2\/comments?post=4069"}],"version-history":[{"count":0,"href":"https:\/\/fesprosa.org.ar\/portal\/wp-json\/wp\/v2\/posts\/4069\/revisions"}],"wp:featuredmedia":[{"embeddable":true,"href":"https:\/\/fesprosa.org.ar\/portal\/wp-json\/wp\/v2\/media\/2798"}],"wp:attachment":[{"href":"https:\/\/fesprosa.org.ar\/portal\/wp-json\/wp\/v2\/media?parent=4069"}],"wp:term":[{"taxonomy":"category","embeddable":true,"href":"https:\/\/fesprosa.org.ar\/portal\/wp-json\/wp\/v2\/categories?post=4069"},{"taxonomy":"post_tag","embeddable":true,"href":"https:\/\/fesprosa.org.ar\/portal\/wp-json\/wp\/v2\/tags?post=4069"}],"curies":[{"name":"wp","href":"https:\/\/api.w.org\/{rel}","templated":true}]}}