{"id":17450,"date":"2026-04-29T19:46:05","date_gmt":"2026-04-29T19:46:05","guid":{"rendered":"https:\/\/fesprosa.org.ar\/portal\/?p=17450"},"modified":"2026-04-29T19:46:06","modified_gmt":"2026-04-29T19:46:06","slug":"unidad-del-cono-sur-contra-el-ajuste-y-por-la-salud-publica","status":"publish","type":"post","link":"https:\/\/fesprosa.org.ar\/portal\/unidad-del-cono-sur-contra-el-ajuste-y-por-la-salud-publica\/","title":{"rendered":"Unidad del Cono Sur contra el ajuste y por la Salud P\u00fablica"},"content":{"rendered":"\n<p>\u200bFinaliz\u00f3 en Asunci\u00f3n el encuentro de la ISP (Internacional de Servicios P\u00fablicos), un espacio clave donde FESPROSA particip\u00f3 activamente para denunciar la situaci\u00f3n que atravesamos las y los trabajadores en Argentina.<\/p>\n\n\n\n<p>\u200bEste encuentro se dio en el marco del SUBRAC (Subcomit\u00e9 Regional), que es el \u00f3rgano de decisi\u00f3n y articulaci\u00f3n de la ISP para el Cono Sur. Su funci\u00f3n es fundamental para coordinar las estrategias pol\u00edticas de los sindicatos de Argentina, Chile, Paraguay y Uruguay .<\/p>\n\n\n\n<p><strong>\u200bPuntos clave del debate:<\/strong><\/p>\n\n\n\n<p>\u200bAtaque a los derechos: Alertamos sobre el avance de modelos de ultra derecha que buscan desmantelar el Estado y precarizar la labor de quienes lo sostienen.<\/p>\n\n\n\n<p>\u200bSalud en peligro: El ajuste no es solo fiscal, es un atentado contra la comunidad que genera mayor inequidad y exclusi\u00f3n. Compartimos la acci\u00f3n pol\u00edtica q est\u00e1 llevando adelante FESPROSA, llevando a la Asamblea de la OMS la posici\u00f3n del campo sanitario y de la sociedad civil contrario a la salida de Argentina de dicho organismo multilateral<\/p>\n\n\n\n<p>SUBREMUJ: una puesta al d\u00eda de la incidencia en espacios como ONU, CEPAL, marcando la importancia de la participaci\u00f3n de los sindicatos. Las pol\u00edticas de cuidado como derecho humano, el rol que debe exigirse a los estados son parte del trabajo que se viene sosteniendo desde ISP. Muy preocupantes los retrocesos en Argentina y Chile. La participaci\u00f3n en la Asamblea de la OIT y en la CSA tambi\u00e9n ha pasado a ser estrat\u00e9gica en el contexto mundial actual.<\/p>\n\n\n\n<p>\u200bEspejos regionales: Analizamos la similitud de las pol\u00edticas en Argentina con lo que sucede en Chile, y los desaf\u00edos de Paraguay y Uruguay (a un a\u00f1o del gobierno de Orsi) para sostener lo p\u00fablico frente a las presiones privatizadoras.<\/p>\n\n\n\n<p>\u200b\u00bbFrente a pol\u00edticas de recorte que no conocen fronteras, nuestra respuesta debe ser una organizaci\u00f3n regional sin fisuras.\u00bb<\/p>\n\n\n\n<p><em>\u200bEl camino es la unidad<\/em><\/p>\n\n\n\n<p>\u200bA trav\u00e9s del SUBRAC, reafirmamos que la alianza entre sindicatos hermanos es el paso fundamental para frenar el ajuste. Solo la unidad nos permitir\u00e1 garantizar derechos para toda la poblaci\u00f3n.<\/p>\n\n\n\n<p>\u200b\u00a1Seguimos en lucha por un Estado al servicio del pueblo!<\/p>\n\n\n\n<div style=\"height:10px\" aria-hidden=\"true\" class=\"wp-block-spacer\"><\/div>\n\n\n\n<figure class=\"wp-block-gallery has-nested-images columns-4 is-cropped wp-block-gallery-1 is-layout-flex wp-block-gallery-is-layout-flex\">\n<figure class=\"wp-block-image size-large\"><a href=\"https:\/\/fesprosa.org.ar\/portal\/wp-content\/uploads\/2026\/04\/Noticias-29042026_1.jpg\"><img loading=\"lazy\" decoding=\"async\" width=\"443\" height=\"590\" data-id=\"17453\" src=\"https:\/\/fesprosa.org.ar\/portal\/wp-content\/uploads\/2026\/04\/Noticias-29042026_1.jpg\" alt=\"\" class=\"wp-image-17453\" srcset=\"https:\/\/fesprosa.org.ar\/portal\/wp-content\/uploads\/2026\/04\/Noticias-29042026_1.jpg 443w, https:\/\/fesprosa.org.ar\/portal\/wp-content\/uploads\/2026\/04\/Noticias-29042026_1-225x300.jpg 225w\" sizes=\"auto, (max-width: 443px) 100vw, 443px\" \/><\/a><\/figure>\n\n\n\n<figure class=\"wp-block-image size-large\"><a href=\"https:\/\/fesprosa.org.ar\/portal\/wp-content\/uploads\/2026\/04\/Noticias-29042026_3.jpg\"><img loading=\"lazy\" decoding=\"async\" width=\"443\" height=\"590\" data-id=\"17452\" src=\"https:\/\/fesprosa.org.ar\/portal\/wp-content\/uploads\/2026\/04\/Noticias-29042026_3.jpg\" alt=\"\" class=\"wp-image-17452\" srcset=\"https:\/\/fesprosa.org.ar\/portal\/wp-content\/uploads\/2026\/04\/Noticias-29042026_3.jpg 443w, https:\/\/fesprosa.org.ar\/portal\/wp-content\/uploads\/2026\/04\/Noticias-29042026_3-225x300.jpg 225w\" sizes=\"auto, (max-width: 443px) 100vw, 443px\" \/><\/a><\/figure>\n\n\n\n<figure class=\"wp-block-image size-large\"><a href=\"https:\/\/fesprosa.org.ar\/portal\/wp-content\/uploads\/2026\/04\/Noticias-29042026_8.jpg\"><img loading=\"lazy\" decoding=\"async\" width=\"1024\" height=\"768\" data-id=\"17456\" src=\"https:\/\/fesprosa.org.ar\/portal\/wp-content\/uploads\/2026\/04\/Noticias-29042026_8-1024x768.jpg\" alt=\"\" class=\"wp-image-17456\" srcset=\"https:\/\/fesprosa.org.ar\/portal\/wp-content\/uploads\/2026\/04\/Noticias-29042026_8-1024x768.jpg 1024w, https:\/\/fesprosa.org.ar\/portal\/wp-content\/uploads\/2026\/04\/Noticias-29042026_8-300x225.jpg 300w, https:\/\/fesprosa.org.ar\/portal\/wp-content\/uploads\/2026\/04\/Noticias-29042026_8-768x576.jpg 768w, https:\/\/fesprosa.org.ar\/portal\/wp-content\/uploads\/2026\/04\/Noticias-29042026_8-1536x1152.jpg 1536w, https:\/\/fesprosa.org.ar\/portal\/wp-content\/uploads\/2026\/04\/Noticias-29042026_8.jpg 1600w\" sizes=\"auto, (max-width: 1024px) 100vw, 1024px\" \/><\/a><\/figure>\n\n\n\n<figure class=\"wp-block-image size-large\"><a href=\"https:\/\/fesprosa.org.ar\/portal\/wp-content\/uploads\/2026\/04\/Noticias-29042026_2.jpg\"><img loading=\"lazy\" decoding=\"async\" width=\"443\" height=\"590\" data-id=\"17454\" src=\"https:\/\/fesprosa.org.ar\/portal\/wp-content\/uploads\/2026\/04\/Noticias-29042026_2.jpg\" alt=\"\" class=\"wp-image-17454\" srcset=\"https:\/\/fesprosa.org.ar\/portal\/wp-content\/uploads\/2026\/04\/Noticias-29042026_2.jpg 443w, https:\/\/fesprosa.org.ar\/portal\/wp-content\/uploads\/2026\/04\/Noticias-29042026_2-225x300.jpg 225w\" sizes=\"auto, (max-width: 443px) 100vw, 443px\" \/><\/a><\/figure>\n\n\n\n<figure class=\"wp-block-image size-large\"><a href=\"https:\/\/fesprosa.org.ar\/portal\/wp-content\/uploads\/2026\/04\/Noticias-29042026_7.jpg\"><img loading=\"lazy\" decoding=\"async\" width=\"1024\" height=\"683\" data-id=\"17457\" src=\"https:\/\/fesprosa.org.ar\/portal\/wp-content\/uploads\/2026\/04\/Noticias-29042026_7-1024x683.jpg\" alt=\"\" class=\"wp-image-17457\" srcset=\"https:\/\/fesprosa.org.ar\/portal\/wp-content\/uploads\/2026\/04\/Noticias-29042026_7-1024x683.jpg 1024w, https:\/\/fesprosa.org.ar\/portal\/wp-content\/uploads\/2026\/04\/Noticias-29042026_7-300x200.jpg 300w, https:\/\/fesprosa.org.ar\/portal\/wp-content\/uploads\/2026\/04\/Noticias-29042026_7-768x512.jpg 768w, https:\/\/fesprosa.org.ar\/portal\/wp-content\/uploads\/2026\/04\/Noticias-29042026_7-1536x1024.jpg 1536w, https:\/\/fesprosa.org.ar\/portal\/wp-content\/uploads\/2026\/04\/Noticias-29042026_7-274x183.jpg 274w, https:\/\/fesprosa.org.ar\/portal\/wp-content\/uploads\/2026\/04\/Noticias-29042026_7-80x54.jpg 80w, https:\/\/fesprosa.org.ar\/portal\/wp-content\/uploads\/2026\/04\/Noticias-29042026_7-130x87.jpg 130w, https:\/\/fesprosa.org.ar\/portal\/wp-content\/uploads\/2026\/04\/Noticias-29042026_7-359x240.jpg 359w, https:\/\/fesprosa.org.ar\/portal\/wp-content\/uploads\/2026\/04\/Noticias-29042026_7-85x57.jpg 85w, https:\/\/fesprosa.org.ar\/portal\/wp-content\/uploads\/2026\/04\/Noticias-29042026_7-546x365.jpg 546w, https:\/\/fesprosa.org.ar\/portal\/wp-content\/uploads\/2026\/04\/Noticias-29042026_7-165x109.jpg 165w, https:\/\/fesprosa.org.ar\/portal\/wp-content\/uploads\/2026\/04\/Noticias-29042026_7-112x75.jpg 112w, https:\/\/fesprosa.org.ar\/portal\/wp-content\/uploads\/2026\/04\/Noticias-29042026_7-179x120.jpg 179w, https:\/\/fesprosa.org.ar\/portal\/wp-content\/uploads\/2026\/04\/Noticias-29042026_7-170x113.jpg 170w, https:\/\/fesprosa.org.ar\/portal\/wp-content\/uploads\/2026\/04\/Noticias-29042026_7-81x55.jpg 81w, https:\/\/fesprosa.org.ar\/portal\/wp-content\/uploads\/2026\/04\/Noticias-29042026_7-765x510.jpg 765w, https:\/\/fesprosa.org.ar\/portal\/wp-content\/uploads\/2026\/04\/Noticias-29042026_7.jpg 1600w\" sizes=\"auto, (max-width: 1024px) 100vw, 1024px\" \/><\/a><\/figure>\n\n\n\n<figure class=\"wp-block-image size-large\"><a href=\"https:\/\/fesprosa.org.ar\/portal\/wp-content\/uploads\/2026\/04\/Noticias-29042026_4.jpg\"><img loading=\"lazy\" decoding=\"async\" width=\"443\" height=\"590\" data-id=\"17451\" src=\"https:\/\/fesprosa.org.ar\/portal\/wp-content\/uploads\/2026\/04\/Noticias-29042026_4.jpg\" alt=\"\" class=\"wp-image-17451\" srcset=\"https:\/\/fesprosa.org.ar\/portal\/wp-content\/uploads\/2026\/04\/Noticias-29042026_4.jpg 443w, https:\/\/fesprosa.org.ar\/portal\/wp-content\/uploads\/2026\/04\/Noticias-29042026_4-225x300.jpg 225w\" sizes=\"auto, (max-width: 443px) 100vw, 443px\" \/><\/a><\/figure>\n<\/figure>\n","protected":false},"excerpt":{"rendered":"<p>\u200bFinaliz\u00f3 en Asunci\u00f3n el encuentro de la ISP (Internacional de Servicios P\u00fablicos), un espacio clave donde FESPROSA particip\u00f3 activamente para denunciar la situaci\u00f3n que atravesamos las y los trabajadores en Argentina. \u200bEste encuentro se dio en el marco del SUBRAC (Subcomit\u00e9 Regional), que es el \u00f3rgano de decisi\u00f3n y articulaci\u00f3n de la ISP para el &#8230;<\/p>\n","protected":false},"author":9,"featured_media":17451,"comment_status":"closed","ping_status":"closed","sticky":false,"template":"","format":"standard","meta":{"footnotes":""},"categories":[268,10],"tags":[],"class_list":{"0":"post-17450","1":"post","2":"type-post","3":"status-publish","4":"format-standard","5":"has-post-thumbnail","7":"category-isp","8":"category-noticias"},"_links":{"self":[{"href":"https:\/\/fesprosa.org.ar\/portal\/wp-json\/wp\/v2\/posts\/17450","targetHints":{"allow":["GET"]}}],"collection":[{"href":"https:\/\/fesprosa.org.ar\/portal\/wp-json\/wp\/v2\/posts"}],"about":[{"href":"https:\/\/fesprosa.org.ar\/portal\/wp-json\/wp\/v2\/types\/post"}],"author":[{"embeddable":true,"href":"https:\/\/fesprosa.org.ar\/portal\/wp-json\/wp\/v2\/users\/9"}],"replies":[{"embeddable":true,"href":"https:\/\/fesprosa.org.ar\/portal\/wp-json\/wp\/v2\/comments?post=17450"}],"version-history":[{"count":1,"href":"https:\/\/fesprosa.org.ar\/portal\/wp-json\/wp\/v2\/posts\/17450\/revisions"}],"predecessor-version":[{"id":17459,"href":"https:\/\/fesprosa.org.ar\/portal\/wp-json\/wp\/v2\/posts\/17450\/revisions\/17459"}],"wp:featuredmedia":[{"embeddable":true,"href":"https:\/\/fesprosa.org.ar\/portal\/wp-json\/wp\/v2\/media\/17451"}],"wp:attachment":[{"href":"https:\/\/fesprosa.org.ar\/portal\/wp-json\/wp\/v2\/media?parent=17450"}],"wp:term":[{"taxonomy":"category","embeddable":true,"href":"https:\/\/fesprosa.org.ar\/portal\/wp-json\/wp\/v2\/categories?post=17450"},{"taxonomy":"post_tag","embeddable":true,"href":"https:\/\/fesprosa.org.ar\/portal\/wp-json\/wp\/v2\/tags?post=17450"}],"curies":[{"name":"wp","href":"https:\/\/api.w.org\/{rel}","templated":true}]}}