{"id":17438,"date":"2026-04-28T14:22:17","date_gmt":"2026-04-28T14:22:17","guid":{"rendered":"https:\/\/fesprosa.org.ar\/portal\/?p=17438"},"modified":"2026-04-28T14:22:18","modified_gmt":"2026-04-28T14:22:18","slug":"nueva-semana-de-conflictos-en-salud","status":"publish","type":"post","link":"https:\/\/fesprosa.org.ar\/portal\/nueva-semana-de-conflictos-en-salud\/","title":{"rendered":"Nueva semana de conflictos en salud"},"content":{"rendered":"\n<p><strong>Hoy, 28 de abril, comienza una serie de medidas de fuerza en varios puntos del pa\u00eds.\u00a0 Un repaso, provincia por provincia, de los conflictos en curso.<\/strong> <\/p>\n\n\n\n<p>Los conflictos salariales y gremiales se intensifican en todo el pa\u00eds, ante la falta de respuesta de los gobiernos nacional y provinciales.<\/p>\n\n\n\n<div style=\"height:10px\" aria-hidden=\"true\" class=\"wp-block-spacer\"><\/div>\n\n\n\n<div class=\"wp-block-media-text is-stacked-on-mobile\" style=\"grid-template-columns:37% auto\"><figure class=\"wp-block-media-text__media\"><img loading=\"lazy\" decoding=\"async\" width=\"320\" height=\"268\" src=\"https:\/\/fesprosa.org.ar\/portal\/wp-content\/uploads\/2026\/04\/Noticias-28042026_1.jpeg\" alt=\"\" class=\"wp-image-17439 size-full\" srcset=\"https:\/\/fesprosa.org.ar\/portal\/wp-content\/uploads\/2026\/04\/Noticias-28042026_1.jpeg 320w, https:\/\/fesprosa.org.ar\/portal\/wp-content\/uploads\/2026\/04\/Noticias-28042026_1-300x251.jpeg 300w\" sizes=\"auto, (max-width: 320px) 100vw, 320px\" \/><\/figure><div class=\"wp-block-media-text__content\">\n<p>En Chubut, Sisap realizar\u00e1 hoy un paro general en toda la provincia, luego de convocar asambleas en distintos hospitales. Reclaman la apertura de la paritaria y una recomposici\u00f3n de los ingresos para los trabajadores y trabajadoras de la salud.<\/p>\n<\/div><\/div>\n\n\n\n<div style=\"height:5px\" aria-hidden=\"true\" class=\"wp-block-spacer\"><\/div>\n\n\n\n<div class=\"wp-block-media-text is-stacked-on-mobile\" style=\"grid-template-columns:37% auto\"><figure class=\"wp-block-media-text__media\"><img loading=\"lazy\" decoding=\"async\" width=\"724\" height=\"1024\" src=\"https:\/\/fesprosa.org.ar\/portal\/wp-content\/uploads\/2026\/04\/Noticias-28042026_2-724x1024.jpeg\" alt=\"\" class=\"wp-image-17440 size-full\" srcset=\"https:\/\/fesprosa.org.ar\/portal\/wp-content\/uploads\/2026\/04\/Noticias-28042026_2-724x1024.jpeg 724w, https:\/\/fesprosa.org.ar\/portal\/wp-content\/uploads\/2026\/04\/Noticias-28042026_2-212x300.jpeg 212w, https:\/\/fesprosa.org.ar\/portal\/wp-content\/uploads\/2026\/04\/Noticias-28042026_2-768x1086.jpeg 768w, https:\/\/fesprosa.org.ar\/portal\/wp-content\/uploads\/2026\/04\/Noticias-28042026_2-1086x1536.jpeg 1086w, https:\/\/fesprosa.org.ar\/portal\/wp-content\/uploads\/2026\/04\/Noticias-28042026_2.jpeg 1131w\" sizes=\"auto, (max-width: 724px) 100vw, 724px\" \/><\/figure><div class=\"wp-block-media-text__content\">\n<p>Aprosa comenzar\u00e1 este mi\u00e9rcoles un paro por 48 horas, en reclamo de la apertura paritaria sectorial de salud y la recomposici\u00f3n y el aumento salarial urgente.<\/p>\n<\/div><\/div>\n\n\n\n<div style=\"height:5px\" aria-hidden=\"true\" class=\"wp-block-spacer\"><\/div>\n\n\n\n<div class=\"wp-block-media-text is-stacked-on-mobile\" style=\"grid-template-columns:35% auto\"><figure class=\"wp-block-media-text__media\"><img loading=\"lazy\" decoding=\"async\" width=\"1024\" height=\"1024\" src=\"https:\/\/fesprosa.org.ar\/portal\/wp-content\/uploads\/2026\/04\/Noticias-28042026_3-1024x1024.jpeg\" alt=\"\" class=\"wp-image-17442 size-full\" srcset=\"https:\/\/fesprosa.org.ar\/portal\/wp-content\/uploads\/2026\/04\/Noticias-28042026_3-1024x1024.jpeg 1024w, https:\/\/fesprosa.org.ar\/portal\/wp-content\/uploads\/2026\/04\/Noticias-28042026_3-300x300.jpeg 300w, https:\/\/fesprosa.org.ar\/portal\/wp-content\/uploads\/2026\/04\/Noticias-28042026_3-150x150.jpeg 150w, https:\/\/fesprosa.org.ar\/portal\/wp-content\/uploads\/2026\/04\/Noticias-28042026_3-768x768.jpeg 768w, https:\/\/fesprosa.org.ar\/portal\/wp-content\/uploads\/2026\/04\/Noticias-28042026_3-36x36.jpeg 36w, https:\/\/fesprosa.org.ar\/portal\/wp-content\/uploads\/2026\/04\/Noticias-28042026_3.jpeg 1440w\" sizes=\"auto, (max-width: 1024px) 100vw, 1024px\" \/><\/figure><div class=\"wp-block-media-text__content\">\n<p>Mendoza se suma a la convocatoria este jueves con una asamblea interhospitalaria y un caravanazo. No perciben un aumento salarial desde octubre del a\u00f1o pasado y hay m\u00e1s de 2 mil prestadores en negro. Exigen una recomposici\u00f3n del sueldo del 40%.<\/p>\n<\/div><\/div>\n\n\n\n<div style=\"height:5px\" aria-hidden=\"true\" class=\"wp-block-spacer\"><\/div>\n\n\n\n<div class=\"wp-block-media-text is-stacked-on-mobile\" style=\"grid-template-columns:35% auto\"><figure class=\"wp-block-media-text__media\"><img loading=\"lazy\" decoding=\"async\" width=\"258\" height=\"320\" src=\"https:\/\/fesprosa.org.ar\/portal\/wp-content\/uploads\/2026\/04\/Noticias-28042026_4.jpeg\" alt=\"\" class=\"wp-image-17443 size-full\" srcset=\"https:\/\/fesprosa.org.ar\/portal\/wp-content\/uploads\/2026\/04\/Noticias-28042026_4.jpeg 258w, https:\/\/fesprosa.org.ar\/portal\/wp-content\/uploads\/2026\/04\/Noticias-28042026_4-242x300.jpeg 242w\" sizes=\"auto, (max-width: 258px) 100vw, 258px\" \/><\/figure><div class=\"wp-block-media-text__content\">\n<p>Siprus llam\u00f3 a asambleas en Santa Fe y Reconquista. En la capital provincial exigen el cumplimiento de la Ley 13.913 de cambio de escalaf\u00f3n y reconocimiento profesional, la mejora inmediata de las condiciones de trabajo y el reconocimiento de quienes trabajan en el territorio, entre otros puntos. La convocatoria es para este jueves desde las 10:30 horas en la Secretar\u00eda de Ni\u00f1ez, Adolescencia y Familia de la capital provincial. En Reconquista, la asamblea de salud mental ser\u00e1 ma\u00f1ana a las 19:30 horas en la sede de ATE, frente a la crisis que atraviesa el sector. <\/p>\n<\/div><\/div>\n\n\n\n<div style=\"height:5px\" aria-hidden=\"true\" class=\"wp-block-spacer\"><\/div>\n\n\n\n<div class=\"wp-block-media-text is-stacked-on-mobile\" style=\"grid-template-columns:35% auto\"><figure class=\"wp-block-media-text__media\"><img loading=\"lazy\" decoding=\"async\" width=\"256\" height=\"320\" src=\"https:\/\/fesprosa.org.ar\/portal\/wp-content\/uploads\/2026\/04\/Noticias-28042026_5.jpeg\" alt=\"\" class=\"wp-image-17444 size-full\" srcset=\"https:\/\/fesprosa.org.ar\/portal\/wp-content\/uploads\/2026\/04\/Noticias-28042026_5.jpeg 256w, https:\/\/fesprosa.org.ar\/portal\/wp-content\/uploads\/2026\/04\/Noticias-28042026_5-240x300.jpeg 240w\" sizes=\"auto, (max-width: 256px) 100vw, 256px\" \/><\/figure><div class=\"wp-block-media-text__content\">\n<p>En Chaco, Aptasch inici\u00f3 hoy, 28 de abril, un paro por 24 horas. Exigen la apertura de paritarias, el pago de categor\u00edas adeudadas, el aumento del valor de las horas de guardia y el fin de la precarizaci\u00f3n laboral, entre otros puntos. Adem\u00e1s Aptasch convoc\u00f3 para este jueves, 30 de abril a una marcha contra el ajuste. Concentrar\u00e1n desde las 18:30 horas en la Plaza 25 de Mayo. Reclaman una recomposici\u00f3n salarial urgente, el fin de la precarizaci\u00f3n y la implementaci\u00f3n de la carrera sanitaria.<\/p>\n<\/div><\/div>\n\n\n\n<div style=\"height:5px\" aria-hidden=\"true\" class=\"wp-block-spacer\"><\/div>\n\n\n\n<div class=\"wp-block-media-text is-stacked-on-mobile\" style=\"grid-template-columns:35% auto\"><figure class=\"wp-block-media-text__media\"><img loading=\"lazy\" decoding=\"async\" width=\"1024\" height=\"576\" src=\"https:\/\/fesprosa.org.ar\/portal\/wp-content\/uploads\/2026\/04\/Noticias-28042026_6-1024x576.jpeg\" alt=\"\" class=\"wp-image-17445 size-full\" srcset=\"https:\/\/fesprosa.org.ar\/portal\/wp-content\/uploads\/2026\/04\/Noticias-28042026_6-1024x576.jpeg 1024w, https:\/\/fesprosa.org.ar\/portal\/wp-content\/uploads\/2026\/04\/Noticias-28042026_6-300x169.jpeg 300w, https:\/\/fesprosa.org.ar\/portal\/wp-content\/uploads\/2026\/04\/Noticias-28042026_6-768x432.jpeg 768w, https:\/\/fesprosa.org.ar\/portal\/wp-content\/uploads\/2026\/04\/Noticias-28042026_6-1536x864.jpeg 1536w, https:\/\/fesprosa.org.ar\/portal\/wp-content\/uploads\/2026\/04\/Noticias-28042026_6.jpeg 1600w\" sizes=\"auto, (max-width: 1024px) 100vw, 1024px\" \/><\/figure><div class=\"wp-block-media-text__content\">\n<p>Siprosa se moviliz\u00f3 el viernes 24 de abril pasado en reclamo de salarios dignos y para exigir al gobierno una convocatoria a nivel provincial de todos los trabajadores de la salud p\u00fablica de Tierra del Fuego.<\/p>\n<\/div><\/div>\n\n\n\n<div style=\"height:5px\" aria-hidden=\"true\" class=\"wp-block-spacer\"><\/div>\n\n\n\n<div class=\"wp-block-media-text is-stacked-on-mobile\" style=\"grid-template-columns:35% auto\"><figure class=\"wp-block-media-text__media\"><img loading=\"lazy\" decoding=\"async\" width=\"768\" height=\"1024\" src=\"https:\/\/fesprosa.org.ar\/portal\/wp-content\/uploads\/2026\/04\/Noticias-28042026_7-768x1024.jpeg\" alt=\"\" class=\"wp-image-17446 size-full\" srcset=\"https:\/\/fesprosa.org.ar\/portal\/wp-content\/uploads\/2026\/04\/Noticias-28042026_7-768x1024.jpeg 768w, https:\/\/fesprosa.org.ar\/portal\/wp-content\/uploads\/2026\/04\/Noticias-28042026_7-225x300.jpeg 225w, https:\/\/fesprosa.org.ar\/portal\/wp-content\/uploads\/2026\/04\/Noticias-28042026_7-1152x1536.jpeg 1152w, https:\/\/fesprosa.org.ar\/portal\/wp-content\/uploads\/2026\/04\/Noticias-28042026_7.jpeg 1200w\" sizes=\"auto, (max-width: 768px) 100vw, 768px\" \/><\/figure><div class=\"wp-block-media-text__content\">\n<p>La semana culminar\u00e1 el 1 de mayo en el plenario del Frente de Sindicatos Unidos (Fresu), donde 1600 delegados de 140 sindicatos discutir\u00e1n un programa y un plan de acci\u00f3n para enfrentar el ajuste libertario. Fesprosa ser\u00e1 part\u00edcipe activa del evento.<\/p>\n<\/div><\/div>\n","protected":false},"excerpt":{"rendered":"<p>Hoy, 28 de abril, comienza una serie de medidas de fuerza en varios puntos del pa\u00eds.  Un repaso, provincia por provincia, de los conflictos en curso. <\/p>\n","protected":false},"author":9,"featured_media":17284,"comment_status":"closed","ping_status":"closed","sticky":false,"template":"","format":"standard","meta":{"footnotes":""},"categories":[10,12,1],"tags":[],"class_list":{"0":"post-17438","1":"post","2":"type-post","3":"status-publish","4":"format-standard","5":"has-post-thumbnail","7":"category-noticias","8":"category-regionales","9":"category-sin-categoria"},"_links":{"self":[{"href":"https:\/\/fesprosa.org.ar\/portal\/wp-json\/wp\/v2\/posts\/17438","targetHints":{"allow":["GET"]}}],"collection":[{"href":"https:\/\/fesprosa.org.ar\/portal\/wp-json\/wp\/v2\/posts"}],"about":[{"href":"https:\/\/fesprosa.org.ar\/portal\/wp-json\/wp\/v2\/types\/post"}],"author":[{"embeddable":true,"href":"https:\/\/fesprosa.org.ar\/portal\/wp-json\/wp\/v2\/users\/9"}],"replies":[{"embeddable":true,"href":"https:\/\/fesprosa.org.ar\/portal\/wp-json\/wp\/v2\/comments?post=17438"}],"version-history":[{"count":3,"href":"https:\/\/fesprosa.org.ar\/portal\/wp-json\/wp\/v2\/posts\/17438\/revisions"}],"predecessor-version":[{"id":17448,"href":"https:\/\/fesprosa.org.ar\/portal\/wp-json\/wp\/v2\/posts\/17438\/revisions\/17448"}],"wp:featuredmedia":[{"embeddable":true,"href":"https:\/\/fesprosa.org.ar\/portal\/wp-json\/wp\/v2\/media\/17284"}],"wp:attachment":[{"href":"https:\/\/fesprosa.org.ar\/portal\/wp-json\/wp\/v2\/media?parent=17438"}],"wp:term":[{"taxonomy":"category","embeddable":true,"href":"https:\/\/fesprosa.org.ar\/portal\/wp-json\/wp\/v2\/categories?post=17438"},{"taxonomy":"post_tag","embeddable":true,"href":"https:\/\/fesprosa.org.ar\/portal\/wp-json\/wp\/v2\/tags?post=17438"}],"curies":[{"name":"wp","href":"https:\/\/api.w.org\/{rel}","templated":true}]}}