{"id":17368,"date":"2026-03-13T17:56:11","date_gmt":"2026-03-13T17:56:11","guid":{"rendered":"https:\/\/fesprosa.org.ar\/portal\/?p=17368"},"modified":"2026-03-13T17:56:12","modified_gmt":"2026-03-13T17:56:12","slug":"santa-fe-siprus-culmino-una-nueva-semana-de-lucha-en-reclamo-de-la-reapertura-de-la-paritaria","status":"publish","type":"post","link":"https:\/\/fesprosa.org.ar\/portal\/santa-fe-siprus-culmino-una-nueva-semana-de-lucha-en-reclamo-de-la-reapertura-de-la-paritaria\/","title":{"rendered":"Santa Fe | Siprus culmin\u00f3 una nueva semana de lucha en reclamo de la reapertura de la paritaria"},"content":{"rendered":"\n<p><strong>Culmin\u00f3 hoy, 13 de marzo, con un acto en el Hospital Provincial de Rosario, la semana de lucha organizada por Siprus, una expresi\u00f3n del rechazo de los profesionales de la provincia de Santa Fe a la magra oferta paritaria del gobernador Pullaro.<\/strong><\/p>\n\n\n\n<p>Durante toda la semana se sucedieron actos y abrazos a los establecimientos de salud en el Hospital Centenario y Zona Norte de Rosario, Hospital de Granadero Baigorria de la localidad hom\u00f3nima y en las ciudades de Santa Fe y Reconquista.&nbsp;<\/p>\n\n\n\n<p>El acto de hoy cont\u00f3 con la presencia de la Presidenta de Fesprosa y trabajadora del Hospital Provincial, Mar\u00eda Fernanda Boriotti, y los miembros del Consejo Ejecutivo Nacional de la Federaci\u00f3n, Cintia Gambuti y Jer\u00f3nimo Ainsua\u00edn.<\/p>\n\n\n\n<p>Boriotti declar\u00f3 que el acto signific\u00f3 otro paso m\u00e1s en la resistencia a la Reforma Laboral y sus disposiciones sobre la realizaci\u00f3n de asambleas. \u201cLos trabajadores de la salud, continuando con la tradici\u00f3n democr\u00e1tica y de movilizaci\u00f3n de nuestro gremio, salieron a la calle sin pedir permiso a la patronal\u201d, declar\u00f3 la referente gremial.<\/p>\n\n\n\n<p>La semana pr\u00f3xima, Siprus seguir\u00e1 con actividades de visibilizaci\u00f3n y movilizaci\u00f3n para exigir la reapertura de la paritaria y una nueva oferta salarial.<\/p>\n\n\n\n<div style=\"height:10px\" aria-hidden=\"true\" class=\"wp-block-spacer\"><\/div>\n\n\n\n<figure class=\"wp-block-gallery has-nested-images columns-default is-cropped wp-block-gallery-1 is-layout-flex wp-block-gallery-is-layout-flex\">\n<figure class=\"wp-block-image size-large\"><a href=\"https:\/\/fesprosa.org.ar\/portal\/wp-content\/uploads\/2026\/03\/Noticias-13032026_3.jpg\"><img loading=\"lazy\" decoding=\"async\" width=\"1024\" height=\"768\" data-id=\"17369\" src=\"https:\/\/fesprosa.org.ar\/portal\/wp-content\/uploads\/2026\/03\/Noticias-13032026_3-1024x768.jpg\" alt=\"\" class=\"wp-image-17369\" srcset=\"https:\/\/fesprosa.org.ar\/portal\/wp-content\/uploads\/2026\/03\/Noticias-13032026_3-1024x768.jpg 1024w, https:\/\/fesprosa.org.ar\/portal\/wp-content\/uploads\/2026\/03\/Noticias-13032026_3-300x225.jpg 300w, https:\/\/fesprosa.org.ar\/portal\/wp-content\/uploads\/2026\/03\/Noticias-13032026_3-768x576.jpg 768w, https:\/\/fesprosa.org.ar\/portal\/wp-content\/uploads\/2026\/03\/Noticias-13032026_3.jpg 1280w\" sizes=\"auto, (max-width: 1024px) 100vw, 1024px\" \/><\/a><\/figure>\n\n\n\n<figure class=\"wp-block-image size-large\"><a href=\"https:\/\/fesprosa.org.ar\/portal\/wp-content\/uploads\/2026\/03\/Noticias-13032026_2.jpg\"><img loading=\"lazy\" decoding=\"async\" width=\"768\" height=\"1024\" data-id=\"17370\" src=\"https:\/\/fesprosa.org.ar\/portal\/wp-content\/uploads\/2026\/03\/Noticias-13032026_2-768x1024.jpg\" alt=\"\" class=\"wp-image-17370\" srcset=\"https:\/\/fesprosa.org.ar\/portal\/wp-content\/uploads\/2026\/03\/Noticias-13032026_2-768x1024.jpg 768w, https:\/\/fesprosa.org.ar\/portal\/wp-content\/uploads\/2026\/03\/Noticias-13032026_2-225x300.jpg 225w, https:\/\/fesprosa.org.ar\/portal\/wp-content\/uploads\/2026\/03\/Noticias-13032026_2.jpg 960w\" sizes=\"auto, (max-width: 768px) 100vw, 768px\" \/><\/a><\/figure>\n\n\n\n<figure class=\"wp-block-image size-large\"><a href=\"https:\/\/fesprosa.org.ar\/portal\/wp-content\/uploads\/2026\/03\/Noticias-13032026_1.jpg\"><img loading=\"lazy\" decoding=\"async\" width=\"768\" height=\"1024\" data-id=\"17371\" src=\"https:\/\/fesprosa.org.ar\/portal\/wp-content\/uploads\/2026\/03\/Noticias-13032026_1-768x1024.jpg\" alt=\"\" class=\"wp-image-17371\" srcset=\"https:\/\/fesprosa.org.ar\/portal\/wp-content\/uploads\/2026\/03\/Noticias-13032026_1-768x1024.jpg 768w, https:\/\/fesprosa.org.ar\/portal\/wp-content\/uploads\/2026\/03\/Noticias-13032026_1-225x300.jpg 225w, https:\/\/fesprosa.org.ar\/portal\/wp-content\/uploads\/2026\/03\/Noticias-13032026_1.jpg 960w\" sizes=\"auto, (max-width: 768px) 100vw, 768px\" \/><\/a><\/figure>\n\n\n\n<figure class=\"wp-block-image size-large\"><a href=\"https:\/\/fesprosa.org.ar\/portal\/wp-content\/uploads\/2026\/03\/Noticias-13032026.jpg\"><img loading=\"lazy\" decoding=\"async\" width=\"1024\" height=\"768\" data-id=\"17372\" src=\"https:\/\/fesprosa.org.ar\/portal\/wp-content\/uploads\/2026\/03\/Noticias-13032026-1024x768.jpg\" alt=\"\" class=\"wp-image-17372\" srcset=\"https:\/\/fesprosa.org.ar\/portal\/wp-content\/uploads\/2026\/03\/Noticias-13032026-1024x768.jpg 1024w, https:\/\/fesprosa.org.ar\/portal\/wp-content\/uploads\/2026\/03\/Noticias-13032026-300x225.jpg 300w, https:\/\/fesprosa.org.ar\/portal\/wp-content\/uploads\/2026\/03\/Noticias-13032026-768x576.jpg 768w, https:\/\/fesprosa.org.ar\/portal\/wp-content\/uploads\/2026\/03\/Noticias-13032026.jpg 1280w\" sizes=\"auto, (max-width: 1024px) 100vw, 1024px\" \/><\/a><\/figure>\n<\/figure>\n","protected":false},"excerpt":{"rendered":"<p>Culmin\u00f3 hoy, 13 de marzo, con un acto en el Hospital Provincial de Rosario, la semana de lucha organizada por Siprus, una expresi\u00f3n del rechazo de los profesionales de la provincia de Santa Fe a la magra oferta paritaria del gobernador Pullaro. Durante toda la semana se sucedieron actos y abrazos a los establecimientos de &#8230;<\/p>\n","protected":false},"author":9,"featured_media":17372,"comment_status":"closed","ping_status":"closed","sticky":false,"template":"","format":"standard","meta":{"footnotes":""},"categories":[10,12,247],"tags":[],"class_list":{"0":"post-17368","1":"post","2":"type-post","3":"status-publish","4":"format-standard","5":"has-post-thumbnail","7":"category-noticias","8":"category-regionales","9":"category-santa-fe"},"_links":{"self":[{"href":"https:\/\/fesprosa.org.ar\/portal\/wp-json\/wp\/v2\/posts\/17368","targetHints":{"allow":["GET"]}}],"collection":[{"href":"https:\/\/fesprosa.org.ar\/portal\/wp-json\/wp\/v2\/posts"}],"about":[{"href":"https:\/\/fesprosa.org.ar\/portal\/wp-json\/wp\/v2\/types\/post"}],"author":[{"embeddable":true,"href":"https:\/\/fesprosa.org.ar\/portal\/wp-json\/wp\/v2\/users\/9"}],"replies":[{"embeddable":true,"href":"https:\/\/fesprosa.org.ar\/portal\/wp-json\/wp\/v2\/comments?post=17368"}],"version-history":[{"count":1,"href":"https:\/\/fesprosa.org.ar\/portal\/wp-json\/wp\/v2\/posts\/17368\/revisions"}],"predecessor-version":[{"id":17373,"href":"https:\/\/fesprosa.org.ar\/portal\/wp-json\/wp\/v2\/posts\/17368\/revisions\/17373"}],"wp:featuredmedia":[{"embeddable":true,"href":"https:\/\/fesprosa.org.ar\/portal\/wp-json\/wp\/v2\/media\/17372"}],"wp:attachment":[{"href":"https:\/\/fesprosa.org.ar\/portal\/wp-json\/wp\/v2\/media?parent=17368"}],"wp:term":[{"taxonomy":"category","embeddable":true,"href":"https:\/\/fesprosa.org.ar\/portal\/wp-json\/wp\/v2\/categories?post=17368"},{"taxonomy":"post_tag","embeddable":true,"href":"https:\/\/fesprosa.org.ar\/portal\/wp-json\/wp\/v2\/tags?post=17368"}],"curies":[{"name":"wp","href":"https:\/\/api.w.org\/{rel}","templated":true}]}}