{"id":17334,"date":"2026-03-10T16:05:42","date_gmt":"2026-03-10T16:05:42","guid":{"rendered":"https:\/\/fesprosa.org.ar\/portal\/?p=17334"},"modified":"2026-03-10T16:05:43","modified_gmt":"2026-03-10T16:05:43","slug":"continuan-los-reclamos-de-salud-en-las-provincias","status":"publish","type":"post","link":"https:\/\/fesprosa.org.ar\/portal\/continuan-los-reclamos-de-salud-en-las-provincias\/","title":{"rendered":"Contin\u00faan los reclamos de salud en las provincias"},"content":{"rendered":"\n<p><strong>Aprosa-Santa Cruz y Siprus-Santa Fe contin\u00faan con las medidas de fuerza por aumentos salariales y condiciones laborales dignas.<\/strong><\/p>\n\n\n\n<div style=\"height:10px\" aria-hidden=\"true\" class=\"wp-block-spacer\"><\/div>\n\n\n\n<figure class=\"wp-block-gallery has-nested-images columns-default is-cropped wp-block-gallery-1 is-layout-flex wp-block-gallery-is-layout-flex\">\n<figure class=\"wp-block-image size-large\"><a href=\"https:\/\/fesprosa.org.ar\/portal\/wp-content\/uploads\/2026\/03\/Noticias-10032026_2.jpg\"><img loading=\"lazy\" decoding=\"async\" width=\"768\" height=\"1024\" data-id=\"17335\" src=\"https:\/\/fesprosa.org.ar\/portal\/wp-content\/uploads\/2026\/03\/Noticias-10032026_2-768x1024.jpg\" alt=\"\" class=\"wp-image-17335\" srcset=\"https:\/\/fesprosa.org.ar\/portal\/wp-content\/uploads\/2026\/03\/Noticias-10032026_2-768x1024.jpg 768w, https:\/\/fesprosa.org.ar\/portal\/wp-content\/uploads\/2026\/03\/Noticias-10032026_2-225x300.jpg 225w, https:\/\/fesprosa.org.ar\/portal\/wp-content\/uploads\/2026\/03\/Noticias-10032026_2-1152x1536.jpg 1152w, https:\/\/fesprosa.org.ar\/portal\/wp-content\/uploads\/2026\/03\/Noticias-10032026_2.jpg 1200w\" sizes=\"auto, (max-width: 768px) 100vw, 768px\" \/><\/a><\/figure>\n\n\n\n<figure class=\"wp-block-image size-large\"><a href=\"https:\/\/fesprosa.org.ar\/portal\/wp-content\/uploads\/2026\/03\/Noticias-10032026_5.jpg\"><img loading=\"lazy\" decoding=\"async\" width=\"768\" height=\"1024\" data-id=\"17336\" src=\"https:\/\/fesprosa.org.ar\/portal\/wp-content\/uploads\/2026\/03\/Noticias-10032026_5-768x1024.jpg\" alt=\"\" class=\"wp-image-17336\" srcset=\"https:\/\/fesprosa.org.ar\/portal\/wp-content\/uploads\/2026\/03\/Noticias-10032026_5-768x1024.jpg 768w, https:\/\/fesprosa.org.ar\/portal\/wp-content\/uploads\/2026\/03\/Noticias-10032026_5-225x300.jpg 225w, https:\/\/fesprosa.org.ar\/portal\/wp-content\/uploads\/2026\/03\/Noticias-10032026_5-1152x1536.jpg 1152w, https:\/\/fesprosa.org.ar\/portal\/wp-content\/uploads\/2026\/03\/Noticias-10032026_5.jpg 1200w\" sizes=\"auto, (max-width: 768px) 100vw, 768px\" \/><\/a><\/figure>\n<\/figure>\n\n\n\n<p>El Sindicato de Profesionales Universitarios de la Sanidad (Siprus) convoc\u00f3 a una semana de protesta en Rosario para esta semana, con jornadas de reclamo en cada hospital. La medida comenz\u00f3 hoy en el Hospital de Ni\u00f1os de Zona Norte, y continuar\u00e1 en otros nosocomios hasta el viernes inclusive.<\/p>\n\n\n\n<p>Adem\u00e1s, en la capital de la provincia, Siprus convoc\u00f3 a una jornada de lucha para este jueves. La cita es a las 10:30 horas en la explanada del Hospital Iturraspe de Santa Fe. Exigen una recomposici\u00f3n salarial y pases a planta, entre otros puntos.<\/p>\n\n\n\n<div style=\"height:10px\" aria-hidden=\"true\" class=\"wp-block-spacer\"><\/div>\n\n\n<div class=\"wp-block-image\">\n<figure class=\"aligncenter size-large is-resized\"><a href=\"https:\/\/fesprosa.org.ar\/portal\/wp-content\/uploads\/2026\/03\/Noticias-10032026_3.jpg\"><img loading=\"lazy\" decoding=\"async\" width=\"819\" height=\"1024\" src=\"https:\/\/fesprosa.org.ar\/portal\/wp-content\/uploads\/2026\/03\/Noticias-10032026_3-819x1024.jpg\" alt=\"\" class=\"wp-image-17337\" style=\"width:317px;height:auto\" srcset=\"https:\/\/fesprosa.org.ar\/portal\/wp-content\/uploads\/2026\/03\/Noticias-10032026_3-819x1024.jpg 819w, https:\/\/fesprosa.org.ar\/portal\/wp-content\/uploads\/2026\/03\/Noticias-10032026_3-240x300.jpg 240w, https:\/\/fesprosa.org.ar\/portal\/wp-content\/uploads\/2026\/03\/Noticias-10032026_3-768x960.jpg 768w, https:\/\/fesprosa.org.ar\/portal\/wp-content\/uploads\/2026\/03\/Noticias-10032026_3.jpg 1080w\" sizes=\"auto, (max-width: 819px) 100vw, 819px\" \/><\/a><\/figure>\n<\/div>\n\n\n<div style=\"height:10px\" aria-hidden=\"true\" class=\"wp-block-spacer\"><\/div>\n\n\n\n<div class=\"wp-block-media-text is-stacked-on-mobile\"><figure class=\"wp-block-media-text__media\"><img loading=\"lazy\" decoding=\"async\" width=\"724\" height=\"1024\" src=\"https:\/\/fesprosa.org.ar\/portal\/wp-content\/uploads\/2026\/03\/Noticias-10032026_4-724x1024.jpg\" alt=\"\" class=\"wp-image-17338 size-full\" srcset=\"https:\/\/fesprosa.org.ar\/portal\/wp-content\/uploads\/2026\/03\/Noticias-10032026_4-724x1024.jpg 724w, https:\/\/fesprosa.org.ar\/portal\/wp-content\/uploads\/2026\/03\/Noticias-10032026_4-212x300.jpg 212w, https:\/\/fesprosa.org.ar\/portal\/wp-content\/uploads\/2026\/03\/Noticias-10032026_4-768x1086.jpg 768w, https:\/\/fesprosa.org.ar\/portal\/wp-content\/uploads\/2026\/03\/Noticias-10032026_4-1086x1536.jpg 1086w, https:\/\/fesprosa.org.ar\/portal\/wp-content\/uploads\/2026\/03\/Noticias-10032026_4.jpg 1131w\" sizes=\"auto, (max-width: 724px) 100vw, 724px\" \/><\/figure><div class=\"wp-block-media-text__content\">\n<p>Por su parte, la Asociaci\u00f3n Sindical de Profesionales de la Salud de Santa Cruz (Aprosa) llam\u00f3 a parar en toda la provincia por 48 horas, a partir de ma\u00f1ana, 11 de marzo. Reclaman la apertura de una paritaria sectorial y una recomposici\u00f3n salarial urgente.<\/p>\n<\/div><\/div>\n","protected":false},"excerpt":{"rendered":"<p>Aprosa-Santa Cruz y Siprus-Santa Fe contin\u00faan con las medidas de fuerza por aumentos salariales y condiciones laborales dignas. El Sindicato de Profesionales Universitarios de la Sanidad (Siprus) convoc\u00f3 a una semana de protesta en Rosario para esta semana, con jornadas de reclamo en cada hospital. La medida comenz\u00f3 hoy en el Hospital de Ni\u00f1os de &#8230;<\/p>\n","protected":false},"author":9,"featured_media":17339,"comment_status":"closed","ping_status":"closed","sticky":false,"template":"","format":"standard","meta":{"footnotes":""},"categories":[10,12,262,247],"tags":[],"class_list":{"0":"post-17334","1":"post","2":"type-post","3":"status-publish","4":"format-standard","5":"has-post-thumbnail","7":"category-noticias","8":"category-regionales","9":"category-santa-cruz","10":"category-santa-fe"},"_links":{"self":[{"href":"https:\/\/fesprosa.org.ar\/portal\/wp-json\/wp\/v2\/posts\/17334","targetHints":{"allow":["GET"]}}],"collection":[{"href":"https:\/\/fesprosa.org.ar\/portal\/wp-json\/wp\/v2\/posts"}],"about":[{"href":"https:\/\/fesprosa.org.ar\/portal\/wp-json\/wp\/v2\/types\/post"}],"author":[{"embeddable":true,"href":"https:\/\/fesprosa.org.ar\/portal\/wp-json\/wp\/v2\/users\/9"}],"replies":[{"embeddable":true,"href":"https:\/\/fesprosa.org.ar\/portal\/wp-json\/wp\/v2\/comments?post=17334"}],"version-history":[{"count":1,"href":"https:\/\/fesprosa.org.ar\/portal\/wp-json\/wp\/v2\/posts\/17334\/revisions"}],"predecessor-version":[{"id":17340,"href":"https:\/\/fesprosa.org.ar\/portal\/wp-json\/wp\/v2\/posts\/17334\/revisions\/17340"}],"wp:featuredmedia":[{"embeddable":true,"href":"https:\/\/fesprosa.org.ar\/portal\/wp-json\/wp\/v2\/media\/17339"}],"wp:attachment":[{"href":"https:\/\/fesprosa.org.ar\/portal\/wp-json\/wp\/v2\/media?parent=17334"}],"wp:term":[{"taxonomy":"category","embeddable":true,"href":"https:\/\/fesprosa.org.ar\/portal\/wp-json\/wp\/v2\/categories?post=17334"},{"taxonomy":"post_tag","embeddable":true,"href":"https:\/\/fesprosa.org.ar\/portal\/wp-json\/wp\/v2\/tags?post=17334"}],"curies":[{"name":"wp","href":"https:\/\/api.w.org\/{rel}","templated":true}]}}