{"id":17245,"date":"2026-01-14T18:29:22","date_gmt":"2026-01-14T18:29:22","guid":{"rendered":"https:\/\/fesprosa.org.ar\/portal\/?p=17245"},"modified":"2026-01-14T18:29:23","modified_gmt":"2026-01-14T18:29:23","slug":"asiseguiremos-cobrando-ley-27-701","status":"publish","type":"post","link":"https:\/\/fesprosa.org.ar\/portal\/asiseguiremos-cobrando-ley-27-701\/","title":{"rendered":"AS\u00cd:\u00bfSEGUIREMOS COBRANDO? -LEY 27.701-"},"content":{"rendered":"\n<p>A trav\u00e9s de medios de prensa se informa que ANSES dej\u00f3 de transferir a 13 cajas jubilatorias provinciales.<br>La deuda acumulada es significativa. La presidenta del IPS de Bs. As., Sra. Marina Moretti, se\u00f1al\u00f3 a los medios que asciende a junio 2025 a 1.7 billones de pesos.<\/p>\n\n\n<div class=\"wp-block-image\">\n<figure class=\"aligncenter size-full\"><a href=\"https:\/\/fesprosa.org.ar\/portal\/wp-content\/uploads\/2026\/01\/Noticias-14012026.jpg\"><img loading=\"lazy\" decoding=\"async\" width=\"720\" height=\"540\" src=\"https:\/\/fesprosa.org.ar\/portal\/wp-content\/uploads\/2026\/01\/Noticias-14012026.jpg\" alt=\"\" class=\"wp-image-17246\" srcset=\"https:\/\/fesprosa.org.ar\/portal\/wp-content\/uploads\/2026\/01\/Noticias-14012026.jpg 720w, https:\/\/fesprosa.org.ar\/portal\/wp-content\/uploads\/2026\/01\/Noticias-14012026-300x225.jpg 300w\" sizes=\"auto, (max-width: 720px) 100vw, 720px\" \/><\/a><\/figure>\n<\/div>\n\n\n<div style=\"height:10px\" aria-hidden=\"true\" class=\"wp-block-spacer\"><\/div>\n\n\n\n<p>La Ley 27.701, en su art\u00edculo 50, establece que ANSES debe transferir \u201cmensualmente\u201d a las provincias que no pasaron sus reg\u00edmenes previsionales a la Naci\u00f3n, un monto equivalente a 1\/12 del \u00faltimo d\u00e9ficit del sistema previsional provincial\u201d.<br>En documentos p\u00fablicos se registra que el Gobierno de la provincia de Buenos Aires, a trav\u00e9s de la Fiscal\u00eda de Estado, demand\u00f3 ante la Corte Suprema de Justicia de la Naci\u00f3n para reclamar la deuda correspondiente a IPS.<br>Hemos chequeado los art\u00edculos que se\u00f1alan que durante 2024 y 2025, el gobierno de la Naci\u00f3n no realiz\u00f3 ninguna transferencia a IPS.<br>La deuda megamillonaria desfinancia, parcialmente, al IPS.<br>Las\/os jubiladas\/os sentimos incertidumbre por nuestro futuro inmediato. \u00bfSeguiremos cobrando los aumentos y\/o los haberes jubilatorios normalmente?<br>PD La Auditor\u00eda General de la Naci\u00f3n, verific\u00f3 que se evidencia una partida a las \u201ccajas previsionales provinciales.<br>En la Corte Suprema de Justicia de la Naci\u00f3n, existe la demanda, (N\u00ba CSJ 661\/2024\/1) bajo la car\u00e1tula: Provincia de Buenos Aires s\/ incidente de medida cautelar. NO hubo avances en este expediente.<br>No somos indiferentes. No nos quejamos solamente. No somos \u201cpasivos\u201d.<br>Nos pondremos en actividad para defender nuestra caja jubilatoria que es el IPS.<\/p>\n\n\n\n<p>JUBILADAS\/OS del IPS de:<br>Vicente L\u00f3pez<br>San Isidro (Profesionales de la salud)<br>San Fernando<br>San Mart\u00edn<br>Pergamino<\/p>\n","protected":false},"excerpt":{"rendered":"<p>A trav\u00e9s de medios de prensa se informa que ANSES dej\u00f3 de transferir a 13 cajas jubilatorias provinciales.La deuda acumulada es significativa. La presidenta del IPS de Bs. As., Sra. Marina Moretti, se\u00f1al\u00f3 a los medios que asciende a junio 2025 a 1.7 billones de pesos. La Ley 27.701, en su art\u00edculo 50, establece que &#8230;<\/p>\n","protected":false},"author":9,"featured_media":17246,"comment_status":"closed","ping_status":"closed","sticky":false,"template":"","format":"standard","meta":{"footnotes":""},"categories":[254,10],"tags":[],"class_list":{"0":"post-17245","1":"post","2":"type-post","3":"status-publish","4":"format-standard","5":"has-post-thumbnail","7":"category-buenos-aires","8":"category-noticias"},"_links":{"self":[{"href":"https:\/\/fesprosa.org.ar\/portal\/wp-json\/wp\/v2\/posts\/17245","targetHints":{"allow":["GET"]}}],"collection":[{"href":"https:\/\/fesprosa.org.ar\/portal\/wp-json\/wp\/v2\/posts"}],"about":[{"href":"https:\/\/fesprosa.org.ar\/portal\/wp-json\/wp\/v2\/types\/post"}],"author":[{"embeddable":true,"href":"https:\/\/fesprosa.org.ar\/portal\/wp-json\/wp\/v2\/users\/9"}],"replies":[{"embeddable":true,"href":"https:\/\/fesprosa.org.ar\/portal\/wp-json\/wp\/v2\/comments?post=17245"}],"version-history":[{"count":1,"href":"https:\/\/fesprosa.org.ar\/portal\/wp-json\/wp\/v2\/posts\/17245\/revisions"}],"predecessor-version":[{"id":17247,"href":"https:\/\/fesprosa.org.ar\/portal\/wp-json\/wp\/v2\/posts\/17245\/revisions\/17247"}],"wp:featuredmedia":[{"embeddable":true,"href":"https:\/\/fesprosa.org.ar\/portal\/wp-json\/wp\/v2\/media\/17246"}],"wp:attachment":[{"href":"https:\/\/fesprosa.org.ar\/portal\/wp-json\/wp\/v2\/media?parent=17245"}],"wp:term":[{"taxonomy":"category","embeddable":true,"href":"https:\/\/fesprosa.org.ar\/portal\/wp-json\/wp\/v2\/categories?post=17245"},{"taxonomy":"post_tag","embeddable":true,"href":"https:\/\/fesprosa.org.ar\/portal\/wp-json\/wp\/v2\/tags?post=17245"}],"curies":[{"name":"wp","href":"https:\/\/api.w.org\/{rel}","templated":true}]}}