{"id":17231,"date":"2026-01-06T20:02:01","date_gmt":"2026-01-06T20:02:01","guid":{"rendered":"https:\/\/fesprosa.org.ar\/portal\/?p=17231"},"modified":"2026-01-06T20:02:02","modified_gmt":"2026-01-06T20:02:02","slug":"fin-de-ano-critico-para-la-salud-publica-fesprosa-denuncia-desmantelamiento-de-programas-nacionales","status":"publish","type":"post","link":"https:\/\/fesprosa.org.ar\/portal\/fin-de-ano-critico-para-la-salud-publica-fesprosa-denuncia-desmantelamiento-de-programas-nacionales\/","title":{"rendered":"Fin de a\u00f1o cr\u00edtico para la salud p\u00fablica: Fesprosa denuncia desmantelamiento de programas nacionales"},"content":{"rendered":"\n<p>Organizaciones del sector sanitario advirtieron que el Gobierno nacional avanz\u00f3 nuevamente, durante el mes de diciembre, con una serie de medidas que afectan de manera directa a la estructura y funcionamiento del sistema p\u00fablico de salud.<\/p>\n\n\n\n<figure class=\"wp-block-image size-large\"><a href=\"https:\/\/fesprosa.org.ar\/portal\/wp-content\/uploads\/2025\/07\/Noticias-20072025.jpg\"><img loading=\"lazy\" decoding=\"async\" width=\"1024\" height=\"576\" src=\"https:\/\/fesprosa.org.ar\/portal\/wp-content\/uploads\/2025\/07\/Noticias-20072025-1024x576.jpg\" alt=\"\" class=\"wp-image-16950\" srcset=\"https:\/\/fesprosa.org.ar\/portal\/wp-content\/uploads\/2025\/07\/Noticias-20072025-1024x576.jpg 1024w, https:\/\/fesprosa.org.ar\/portal\/wp-content\/uploads\/2025\/07\/Noticias-20072025-300x169.jpg 300w, https:\/\/fesprosa.org.ar\/portal\/wp-content\/uploads\/2025\/07\/Noticias-20072025-768x432.jpg 768w, https:\/\/fesprosa.org.ar\/portal\/wp-content\/uploads\/2025\/07\/Noticias-20072025-1536x864.jpg 1536w, https:\/\/fesprosa.org.ar\/portal\/wp-content\/uploads\/2025\/07\/Noticias-20072025.jpg 1600w\" sizes=\"auto, (max-width: 1024px) 100vw, 1024px\" \/><\/a><\/figure>\n\n\n\n<div style=\"height:10px\" aria-hidden=\"true\" class=\"wp-block-spacer\"><\/div>\n\n\n\n<p>Seg\u00fan denuncian profesionales y entidades gremiales, las decisiones adoptadas por la gesti\u00f3n de Javier Milei y el Ministerio de Salud profundizan un proceso de desarticulaci\u00f3n iniciado a fines de 2024.<\/p>\n\n\n\n<p>El antecedente inmediato incluye recortes en programas de provisi\u00f3n de medicamentos oncol\u00f3gicos, VIH y hepatitis C, el despido de alrededor del 40% del personal de la Direcci\u00f3n Nacional de Vacunaci\u00f3n, el cierre de m\u00e1s de 60 direcciones y subsecretar\u00edas y la disoluci\u00f3n del Instituto Nacional del C\u00e1ncer.<\/p>\n\n\n\n<p>En las \u00faltimas semanas, el Ministerio avanz\u00f3 con nuevas medidas que impactan sobre \u00e1reas consideradas estrat\u00e9gicas. Entre ellas, se destaca la desarticulaci\u00f3n del Plan Nacional de Cardiopat\u00edas Cong\u00e9nitas, creado en 2008 con el objetivo de reducir los tiempos de espera y garantizar el acceso federal y oportuno de ni\u00f1as y ni\u00f1os a cirug\u00edas cardiovasculares.&nbsp;<\/p>\n\n\n\n<p>Seg\u00fan los profesionales desvinculados, el programa fue clave en la reducci\u00f3n de la mortalidad infantil. Actualmente, todo su equipo fue despedido, lo que \u2014advierten\u2014 implica un retroceso a la situaci\u00f3n previa a su creaci\u00f3n.<\/p>\n\n\n\n<p>Tambi\u00e9n se interrumpieron desde mediados de a\u00f1o los subsidios a la Fundaci\u00f3n de la Hemofilia, que representaban entre el 80 y el 90% de su financiamiento.&nbsp;<\/p>\n\n\n\n<p>La instituci\u00f3n debi\u00f3 despedir a la mayor\u00eda de su personal y vender su sede para afrontar indemnizaciones, mientras que los pacientes enfrentan dificultades para acceder a tratamientos y consultas especializadas.<\/p>\n\n\n\n<p>Otra de las decisiones cuestionadas fue la disoluci\u00f3n de la Comisi\u00f3n Nacional de Inmunizaciones, bajo el argumento de \u201cdesburocratizar\u201d el Estado. Sus funciones fueron absorbidas por el Ministerio de Salud en un contexto de ca\u00edda sostenida de las tasas de vacunaci\u00f3n y de posicionamientos antivacunas dentro de sectores del oficialismo.<\/p>\n\n\n\n<p>En la misma l\u00ednea, hace dos semanas se disolvi\u00f3 la Comisi\u00f3n Nacional de Bio\u00e9tica, organismo encargado de supervisar el cumplimiento de protocolos en investigaciones biom\u00e9dicas. Hasta ahora, estaba integrada por representantes de sociedades cient\u00edficas y especialistas independientes. Seg\u00fan lo informado, pasar\u00e1 a depender directamente del Ministerio, con una estructura reducida.<\/p>\n\n\n\n<p>Por otro lado, el jefe de Gabinete anunci\u00f3 la privatizaci\u00f3n de la administraci\u00f3n de los hospitales SAMIC en la provincia de Buenos Aires. La medida se da en medio de un conflicto financiero entre Naci\u00f3n y Provincia por deudas vinculadas a fondos previsionales y transferencias del Tesoro Nacional. La propuesta oficial contempla un esquema de gesti\u00f3n privada, un modelo ya aplicado en la d\u00e9cada del \u201990, que garantizar\u00eda un piso m\u00ednimo de prestaciones para los sectores de menores ingresos.<\/p>\n\n\n\n<p>Finalmente, las organizaciones denunciaron la disoluci\u00f3n de la Agencia Nacional de Discapacidad, a la que calificaron como una maniobra para encubrir irregularidades administrativas, con consecuencias directas sobre uno de los sectores m\u00e1s vulnerables de la poblaci\u00f3n.<\/p>\n\n\n\n<p>Ante este escenario, la Federaci\u00f3n Sindical de Profesionales de la Salud (FESPROSA) anunci\u00f3 que impulsar\u00e1 denuncias a nivel nacional e internacional y convocar\u00e1, junto a Cabildo Abierto y organizaciones de trabajadores y pacientes, a una movilizaci\u00f3n conjunta en defensa del derecho constitucional a una salud p\u00fablica, gratuita y de calidad.<\/p>\n\n\n\n<p class=\"has-small-font-size\">Fuente: Enfoque Sindical<\/p>\n","protected":false},"excerpt":{"rendered":"<p>Organizaciones del sector sanitario advirtieron que el Gobierno nacional avanz\u00f3 nuevamente, durante el mes de diciembre, con una serie de medidas que afectan de manera directa a la estructura y funcionamiento del sistema p\u00fablico de salud.<\/p>\n","protected":false},"author":9,"featured_media":16950,"comment_status":"closed","ping_status":"closed","sticky":false,"template":"","format":"standard","meta":{"footnotes":""},"categories":[10,11],"tags":[],"class_list":{"0":"post-17231","1":"post","2":"type-post","3":"status-publish","4":"format-standard","5":"has-post-thumbnail","7":"category-noticias","8":"category-prensa"},"_links":{"self":[{"href":"https:\/\/fesprosa.org.ar\/portal\/wp-json\/wp\/v2\/posts\/17231","targetHints":{"allow":["GET"]}}],"collection":[{"href":"https:\/\/fesprosa.org.ar\/portal\/wp-json\/wp\/v2\/posts"}],"about":[{"href":"https:\/\/fesprosa.org.ar\/portal\/wp-json\/wp\/v2\/types\/post"}],"author":[{"embeddable":true,"href":"https:\/\/fesprosa.org.ar\/portal\/wp-json\/wp\/v2\/users\/9"}],"replies":[{"embeddable":true,"href":"https:\/\/fesprosa.org.ar\/portal\/wp-json\/wp\/v2\/comments?post=17231"}],"version-history":[{"count":1,"href":"https:\/\/fesprosa.org.ar\/portal\/wp-json\/wp\/v2\/posts\/17231\/revisions"}],"predecessor-version":[{"id":17232,"href":"https:\/\/fesprosa.org.ar\/portal\/wp-json\/wp\/v2\/posts\/17231\/revisions\/17232"}],"wp:featuredmedia":[{"embeddable":true,"href":"https:\/\/fesprosa.org.ar\/portal\/wp-json\/wp\/v2\/media\/16950"}],"wp:attachment":[{"href":"https:\/\/fesprosa.org.ar\/portal\/wp-json\/wp\/v2\/media?parent=17231"}],"wp:term":[{"taxonomy":"category","embeddable":true,"href":"https:\/\/fesprosa.org.ar\/portal\/wp-json\/wp\/v2\/categories?post=17231"},{"taxonomy":"post_tag","embeddable":true,"href":"https:\/\/fesprosa.org.ar\/portal\/wp-json\/wp\/v2\/tags?post=17231"}],"curies":[{"name":"wp","href":"https:\/\/api.w.org\/{rel}","templated":true}]}}