{"id":17209,"date":"2025-12-19T12:05:55","date_gmt":"2025-12-19T12:05:55","guid":{"rendered":"https:\/\/fesprosa.org.ar\/portal\/?p=17209"},"modified":"2025-12-19T12:05:56","modified_gmt":"2025-12-19T12:05:56","slug":"fesprosa-se-movilizo-en-el-pais-en-contra-de-la-reforma-laboral","status":"publish","type":"post","link":"https:\/\/fesprosa.org.ar\/portal\/fesprosa-se-movilizo-en-el-pais-en-contra-de-la-reforma-laboral\/","title":{"rendered":"Fesprosa se moviliz\u00f3 en el pa\u00eds en contra de la reforma laboral"},"content":{"rendered":"\n<p><strong>La Federaci\u00f3n se moviliz\u00f3 en varios puntos del pa\u00eds. La calle impuso la ca\u00edda del cap\u00edtulo 11 del presupuesto y la postergaci\u00f3n del tratamiento de la regresiva reforma laboral.<\/strong><\/p>\n\n\n\n<p>Fesprosa march\u00f3 ayer, 18 de diciembre,  en varios puntos del pa\u00eds. En CABA, se moviliz\u00f3 a Plaza de Mayo junto al Frente de Gremios Estatales, la Federaci\u00f3n de Profesionales de CABA, los trabajadores del Garrahan y seccionales de Cicop. Tambi\u00e9n hubo movilizaciones en R\u00edo Negro, Tierra del Fuego, Neuqu\u00e9n, Chaco, Santa Fe, La Rioja y La Pampa.<\/p>\n\n\n\n<div style=\"height:10px\" aria-hidden=\"true\" class=\"wp-block-spacer\"><\/div>\n\n\n\n<figure class=\"wp-block-gallery has-nested-images columns-default is-cropped wp-block-gallery-1 is-layout-flex wp-block-gallery-is-layout-flex\">\n<figure class=\"wp-block-image size-large\"><a href=\"https:\/\/fesprosa.org.ar\/portal\/wp-content\/uploads\/2025\/12\/Noticias-19122025_3.jpg\"><img loading=\"lazy\" decoding=\"async\" width=\"1024\" height=\"768\" data-id=\"17213\" src=\"https:\/\/fesprosa.org.ar\/portal\/wp-content\/uploads\/2025\/12\/Noticias-19122025_3-1024x768.jpg\" alt=\"\" class=\"wp-image-17213\" srcset=\"https:\/\/fesprosa.org.ar\/portal\/wp-content\/uploads\/2025\/12\/Noticias-19122025_3-1024x768.jpg 1024w, https:\/\/fesprosa.org.ar\/portal\/wp-content\/uploads\/2025\/12\/Noticias-19122025_3-300x225.jpg 300w, https:\/\/fesprosa.org.ar\/portal\/wp-content\/uploads\/2025\/12\/Noticias-19122025_3-768x576.jpg 768w, https:\/\/fesprosa.org.ar\/portal\/wp-content\/uploads\/2025\/12\/Noticias-19122025_3-1536x1152.jpg 1536w, https:\/\/fesprosa.org.ar\/portal\/wp-content\/uploads\/2025\/12\/Noticias-19122025_3.jpg 1600w\" sizes=\"auto, (max-width: 1024px) 100vw, 1024px\" \/><\/a><\/figure>\n\n\n\n<figure class=\"wp-block-image size-large\"><a href=\"https:\/\/fesprosa.org.ar\/portal\/wp-content\/uploads\/2025\/12\/Noticias-19122025_2.jpg\"><img loading=\"lazy\" decoding=\"async\" width=\"1024\" height=\"768\" data-id=\"17210\" src=\"https:\/\/fesprosa.org.ar\/portal\/wp-content\/uploads\/2025\/12\/Noticias-19122025_2-1024x768.jpg\" alt=\"\" class=\"wp-image-17210\" srcset=\"https:\/\/fesprosa.org.ar\/portal\/wp-content\/uploads\/2025\/12\/Noticias-19122025_2-1024x768.jpg 1024w, https:\/\/fesprosa.org.ar\/portal\/wp-content\/uploads\/2025\/12\/Noticias-19122025_2-300x225.jpg 300w, https:\/\/fesprosa.org.ar\/portal\/wp-content\/uploads\/2025\/12\/Noticias-19122025_2-768x576.jpg 768w, https:\/\/fesprosa.org.ar\/portal\/wp-content\/uploads\/2025\/12\/Noticias-19122025_2.jpg 1280w\" sizes=\"auto, (max-width: 1024px) 100vw, 1024px\" \/><\/a><\/figure>\n\n\n\n<figure class=\"wp-block-image size-large\"><a href=\"https:\/\/fesprosa.org.ar\/portal\/wp-content\/uploads\/2025\/12\/Noticias-19122025_4.jpg\"><img loading=\"lazy\" decoding=\"async\" width=\"1024\" height=\"576\" data-id=\"17212\" src=\"https:\/\/fesprosa.org.ar\/portal\/wp-content\/uploads\/2025\/12\/Noticias-19122025_4-1024x576.jpg\" alt=\"\" class=\"wp-image-17212\" srcset=\"https:\/\/fesprosa.org.ar\/portal\/wp-content\/uploads\/2025\/12\/Noticias-19122025_4-1024x576.jpg 1024w, https:\/\/fesprosa.org.ar\/portal\/wp-content\/uploads\/2025\/12\/Noticias-19122025_4-300x169.jpg 300w, https:\/\/fesprosa.org.ar\/portal\/wp-content\/uploads\/2025\/12\/Noticias-19122025_4-768x432.jpg 768w, https:\/\/fesprosa.org.ar\/portal\/wp-content\/uploads\/2025\/12\/Noticias-19122025_4-1536x864.jpg 1536w, https:\/\/fesprosa.org.ar\/portal\/wp-content\/uploads\/2025\/12\/Noticias-19122025_4.jpg 2048w\" sizes=\"auto, (max-width: 1024px) 100vw, 1024px\" \/><\/a><\/figure>\n\n\n\n<figure class=\"wp-block-image size-large\"><a href=\"https:\/\/fesprosa.org.ar\/portal\/wp-content\/uploads\/2025\/12\/Noticias-19122025_1.jpg\"><img loading=\"lazy\" decoding=\"async\" width=\"1024\" height=\"681\" data-id=\"17214\" src=\"https:\/\/fesprosa.org.ar\/portal\/wp-content\/uploads\/2025\/12\/Noticias-19122025_1-1024x681.jpg\" alt=\"\" class=\"wp-image-17214\" srcset=\"https:\/\/fesprosa.org.ar\/portal\/wp-content\/uploads\/2025\/12\/Noticias-19122025_1-1024x681.jpg 1024w, https:\/\/fesprosa.org.ar\/portal\/wp-content\/uploads\/2025\/12\/Noticias-19122025_1-300x199.jpg 300w, https:\/\/fesprosa.org.ar\/portal\/wp-content\/uploads\/2025\/12\/Noticias-19122025_1-768x511.jpg 768w, https:\/\/fesprosa.org.ar\/portal\/wp-content\/uploads\/2025\/12\/Noticias-19122025_1-274x183.jpg 274w, https:\/\/fesprosa.org.ar\/portal\/wp-content\/uploads\/2025\/12\/Noticias-19122025_1-80x54.jpg 80w, https:\/\/fesprosa.org.ar\/portal\/wp-content\/uploads\/2025\/12\/Noticias-19122025_1-130x87.jpg 130w, https:\/\/fesprosa.org.ar\/portal\/wp-content\/uploads\/2025\/12\/Noticias-19122025_1-359x240.jpg 359w, https:\/\/fesprosa.org.ar\/portal\/wp-content\/uploads\/2025\/12\/Noticias-19122025_1-85x57.jpg 85w, https:\/\/fesprosa.org.ar\/portal\/wp-content\/uploads\/2025\/12\/Noticias-19122025_1-165x109.jpg 165w, https:\/\/fesprosa.org.ar\/portal\/wp-content\/uploads\/2025\/12\/Noticias-19122025_1-112x75.jpg 112w, https:\/\/fesprosa.org.ar\/portal\/wp-content\/uploads\/2025\/12\/Noticias-19122025_1-179x120.jpg 179w, https:\/\/fesprosa.org.ar\/portal\/wp-content\/uploads\/2025\/12\/Noticias-19122025_1-170x113.jpg 170w, https:\/\/fesprosa.org.ar\/portal\/wp-content\/uploads\/2025\/12\/Noticias-19122025_1-81x55.jpg 81w, https:\/\/fesprosa.org.ar\/portal\/wp-content\/uploads\/2025\/12\/Noticias-19122025_1-765x510.jpg 765w, https:\/\/fesprosa.org.ar\/portal\/wp-content\/uploads\/2025\/12\/Noticias-19122025_1.jpg 1280w\" sizes=\"auto, (max-width: 1024px) 100vw, 1024px\" \/><\/a><\/figure>\n\n\n\n<figure class=\"wp-block-image size-large\"><a href=\"https:\/\/fesprosa.org.ar\/portal\/wp-content\/uploads\/2025\/12\/Noticias-19122025.jpg\"><img loading=\"lazy\" decoding=\"async\" width=\"320\" height=\"240\" data-id=\"17211\" src=\"https:\/\/fesprosa.org.ar\/portal\/wp-content\/uploads\/2025\/12\/Noticias-19122025.jpg\" alt=\"\" class=\"wp-image-17211\" srcset=\"https:\/\/fesprosa.org.ar\/portal\/wp-content\/uploads\/2025\/12\/Noticias-19122025.jpg 320w, https:\/\/fesprosa.org.ar\/portal\/wp-content\/uploads\/2025\/12\/Noticias-19122025-300x225.jpg 300w\" sizes=\"auto, (max-width: 320px) 100vw, 320px\" \/><\/a><\/figure>\n<\/figure>\n","protected":false},"excerpt":{"rendered":"<p>La Federaci\u00f3n se moviliz\u00f3 en varios puntos del pa\u00eds. La calle impuso la ca\u00edda del cap\u00edtulo 11 del presupuesto y la postergaci\u00f3n del tratamiento de la regresiva reforma laboral. Fesprosa march\u00f3 ayer, 18 de diciembre, en varios puntos del pa\u00eds. En CABA, se moviliz\u00f3 a Plaza de Mayo junto al Frente de Gremios Estatales, la &#8230;<\/p>\n","protected":false},"author":9,"featured_media":17211,"comment_status":"closed","ping_status":"closed","sticky":false,"template":"","format":"standard","meta":{"footnotes":""},"categories":[9,10,12],"tags":[],"class_list":{"0":"post-17209","1":"post","2":"type-post","3":"status-publish","4":"format-standard","5":"has-post-thumbnail","7":"category-movilizaciones","8":"category-noticias","9":"category-regionales"},"_links":{"self":[{"href":"https:\/\/fesprosa.org.ar\/portal\/wp-json\/wp\/v2\/posts\/17209","targetHints":{"allow":["GET"]}}],"collection":[{"href":"https:\/\/fesprosa.org.ar\/portal\/wp-json\/wp\/v2\/posts"}],"about":[{"href":"https:\/\/fesprosa.org.ar\/portal\/wp-json\/wp\/v2\/types\/post"}],"author":[{"embeddable":true,"href":"https:\/\/fesprosa.org.ar\/portal\/wp-json\/wp\/v2\/users\/9"}],"replies":[{"embeddable":true,"href":"https:\/\/fesprosa.org.ar\/portal\/wp-json\/wp\/v2\/comments?post=17209"}],"version-history":[{"count":1,"href":"https:\/\/fesprosa.org.ar\/portal\/wp-json\/wp\/v2\/posts\/17209\/revisions"}],"predecessor-version":[{"id":17215,"href":"https:\/\/fesprosa.org.ar\/portal\/wp-json\/wp\/v2\/posts\/17209\/revisions\/17215"}],"wp:featuredmedia":[{"embeddable":true,"href":"https:\/\/fesprosa.org.ar\/portal\/wp-json\/wp\/v2\/media\/17211"}],"wp:attachment":[{"href":"https:\/\/fesprosa.org.ar\/portal\/wp-json\/wp\/v2\/media?parent=17209"}],"wp:term":[{"taxonomy":"category","embeddable":true,"href":"https:\/\/fesprosa.org.ar\/portal\/wp-json\/wp\/v2\/categories?post=17209"},{"taxonomy":"post_tag","embeddable":true,"href":"https:\/\/fesprosa.org.ar\/portal\/wp-json\/wp\/v2\/tags?post=17209"}],"curies":[{"name":"wp","href":"https:\/\/api.w.org\/{rel}","templated":true}]}}