{"id":17191,"date":"2025-12-11T17:24:24","date_gmt":"2025-12-11T17:24:24","guid":{"rendered":"https:\/\/fesprosa.org.ar\/portal\/?p=17191"},"modified":"2025-12-11T17:24:25","modified_gmt":"2025-12-11T17:24:25","slug":"fesprosa-20-anos-festejo-aniversario","status":"publish","type":"post","link":"https:\/\/fesprosa.org.ar\/portal\/fesprosa-20-anos-festejo-aniversario\/","title":{"rendered":"Fesprosa 20 a\u00f1os | Festejo aniversario"},"content":{"rendered":"\n<p>Culminando las dos jornadas, el 28 por la noche se realiz\u00f3 la fiesta de los veinte a\u00f1os de FESPROSA. En un clima de alegr\u00eda, fraternidad y camarader\u00eda, las compa\u00f1eras y compa\u00f1eros de todo el pa\u00eds brindaron por el aniversario de nuestra FESPROSA.<\/p>\n\n\n\n<figure class=\"wp-block-gallery has-nested-images columns-default is-cropped wp-block-gallery-1 is-layout-flex wp-block-gallery-is-layout-flex\">\n<figure class=\"wp-block-image size-large\"><a href=\"https:\/\/fesprosa.org.ar\/portal\/wp-content\/uploads\/2025\/12\/Fiesta-_1.jpeg\"><img loading=\"lazy\" decoding=\"async\" width=\"768\" height=\"1024\" data-id=\"17192\" src=\"https:\/\/fesprosa.org.ar\/portal\/wp-content\/uploads\/2025\/12\/Fiesta-_1-768x1024.jpeg\" alt=\"\" class=\"wp-image-17192\" srcset=\"https:\/\/fesprosa.org.ar\/portal\/wp-content\/uploads\/2025\/12\/Fiesta-_1-768x1024.jpeg 768w, https:\/\/fesprosa.org.ar\/portal\/wp-content\/uploads\/2025\/12\/Fiesta-_1-225x300.jpeg 225w, https:\/\/fesprosa.org.ar\/portal\/wp-content\/uploads\/2025\/12\/Fiesta-_1-1152x1536.jpeg 1152w, https:\/\/fesprosa.org.ar\/portal\/wp-content\/uploads\/2025\/12\/Fiesta-_1.jpeg 1200w\" sizes=\"auto, (max-width: 768px) 100vw, 768px\" \/><\/a><\/figure>\n\n\n\n<figure class=\"wp-block-image size-large\"><a href=\"https:\/\/fesprosa.org.ar\/portal\/wp-content\/uploads\/2025\/12\/Fiesta-_2.jpeg\"><img loading=\"lazy\" decoding=\"async\" width=\"1024\" height=\"682\" data-id=\"17193\" src=\"https:\/\/fesprosa.org.ar\/portal\/wp-content\/uploads\/2025\/12\/Fiesta-_2-1024x682.jpeg\" alt=\"\" class=\"wp-image-17193\" srcset=\"https:\/\/fesprosa.org.ar\/portal\/wp-content\/uploads\/2025\/12\/Fiesta-_2-1024x682.jpeg 1024w, https:\/\/fesprosa.org.ar\/portal\/wp-content\/uploads\/2025\/12\/Fiesta-_2-300x200.jpeg 300w, https:\/\/fesprosa.org.ar\/portal\/wp-content\/uploads\/2025\/12\/Fiesta-_2-768x512.jpeg 768w, https:\/\/fesprosa.org.ar\/portal\/wp-content\/uploads\/2025\/12\/Fiesta-_2-1536x1023.jpeg 1536w, https:\/\/fesprosa.org.ar\/portal\/wp-content\/uploads\/2025\/12\/Fiesta-_2-274x183.jpeg 274w, https:\/\/fesprosa.org.ar\/portal\/wp-content\/uploads\/2025\/12\/Fiesta-_2-80x54.jpeg 80w, https:\/\/fesprosa.org.ar\/portal\/wp-content\/uploads\/2025\/12\/Fiesta-_2-130x87.jpeg 130w, https:\/\/fesprosa.org.ar\/portal\/wp-content\/uploads\/2025\/12\/Fiesta-_2-359x240.jpeg 359w, https:\/\/fesprosa.org.ar\/portal\/wp-content\/uploads\/2025\/12\/Fiesta-_2-85x57.jpeg 85w, https:\/\/fesprosa.org.ar\/portal\/wp-content\/uploads\/2025\/12\/Fiesta-_2-546x365.jpeg 546w, https:\/\/fesprosa.org.ar\/portal\/wp-content\/uploads\/2025\/12\/Fiesta-_2-165x109.jpeg 165w, https:\/\/fesprosa.org.ar\/portal\/wp-content\/uploads\/2025\/12\/Fiesta-_2-112x75.jpeg 112w, https:\/\/fesprosa.org.ar\/portal\/wp-content\/uploads\/2025\/12\/Fiesta-_2-179x120.jpeg 179w, https:\/\/fesprosa.org.ar\/portal\/wp-content\/uploads\/2025\/12\/Fiesta-_2-170x113.jpeg 170w, https:\/\/fesprosa.org.ar\/portal\/wp-content\/uploads\/2025\/12\/Fiesta-_2-81x55.jpeg 81w, https:\/\/fesprosa.org.ar\/portal\/wp-content\/uploads\/2025\/12\/Fiesta-_2-765x510.jpeg 765w, https:\/\/fesprosa.org.ar\/portal\/wp-content\/uploads\/2025\/12\/Fiesta-_2.jpeg 1600w\" sizes=\"auto, (max-width: 1024px) 100vw, 1024px\" \/><\/a><\/figure>\n\n\n\n<figure class=\"wp-block-image size-large\"><a href=\"https:\/\/fesprosa.org.ar\/portal\/wp-content\/uploads\/2025\/12\/Fiesta-_3.jpeg\"><img loading=\"lazy\" decoding=\"async\" width=\"1024\" height=\"682\" data-id=\"17198\" src=\"https:\/\/fesprosa.org.ar\/portal\/wp-content\/uploads\/2025\/12\/Fiesta-_3-1024x682.jpeg\" alt=\"\" class=\"wp-image-17198\" srcset=\"https:\/\/fesprosa.org.ar\/portal\/wp-content\/uploads\/2025\/12\/Fiesta-_3-1024x682.jpeg 1024w, https:\/\/fesprosa.org.ar\/portal\/wp-content\/uploads\/2025\/12\/Fiesta-_3-300x200.jpeg 300w, https:\/\/fesprosa.org.ar\/portal\/wp-content\/uploads\/2025\/12\/Fiesta-_3-768x512.jpeg 768w, https:\/\/fesprosa.org.ar\/portal\/wp-content\/uploads\/2025\/12\/Fiesta-_3-1536x1023.jpeg 1536w, https:\/\/fesprosa.org.ar\/portal\/wp-content\/uploads\/2025\/12\/Fiesta-_3-274x183.jpeg 274w, https:\/\/fesprosa.org.ar\/portal\/wp-content\/uploads\/2025\/12\/Fiesta-_3-80x54.jpeg 80w, https:\/\/fesprosa.org.ar\/portal\/wp-content\/uploads\/2025\/12\/Fiesta-_3-130x87.jpeg 130w, https:\/\/fesprosa.org.ar\/portal\/wp-content\/uploads\/2025\/12\/Fiesta-_3-359x240.jpeg 359w, https:\/\/fesprosa.org.ar\/portal\/wp-content\/uploads\/2025\/12\/Fiesta-_3-85x57.jpeg 85w, https:\/\/fesprosa.org.ar\/portal\/wp-content\/uploads\/2025\/12\/Fiesta-_3-546x365.jpeg 546w, https:\/\/fesprosa.org.ar\/portal\/wp-content\/uploads\/2025\/12\/Fiesta-_3-165x109.jpeg 165w, https:\/\/fesprosa.org.ar\/portal\/wp-content\/uploads\/2025\/12\/Fiesta-_3-112x75.jpeg 112w, https:\/\/fesprosa.org.ar\/portal\/wp-content\/uploads\/2025\/12\/Fiesta-_3-179x120.jpeg 179w, https:\/\/fesprosa.org.ar\/portal\/wp-content\/uploads\/2025\/12\/Fiesta-_3-170x113.jpeg 170w, https:\/\/fesprosa.org.ar\/portal\/wp-content\/uploads\/2025\/12\/Fiesta-_3-81x55.jpeg 81w, https:\/\/fesprosa.org.ar\/portal\/wp-content\/uploads\/2025\/12\/Fiesta-_3-765x510.jpeg 765w, https:\/\/fesprosa.org.ar\/portal\/wp-content\/uploads\/2025\/12\/Fiesta-_3.jpeg 1600w\" sizes=\"auto, (max-width: 1024px) 100vw, 1024px\" \/><\/a><\/figure>\n\n\n\n<figure class=\"wp-block-image size-large\"><a href=\"https:\/\/fesprosa.org.ar\/portal\/wp-content\/uploads\/2025\/12\/Fiesta-_4.jpeg\"><img loading=\"lazy\" decoding=\"async\" width=\"1024\" height=\"682\" data-id=\"17196\" src=\"https:\/\/fesprosa.org.ar\/portal\/wp-content\/uploads\/2025\/12\/Fiesta-_4-1024x682.jpeg\" alt=\"\" class=\"wp-image-17196\" srcset=\"https:\/\/fesprosa.org.ar\/portal\/wp-content\/uploads\/2025\/12\/Fiesta-_4-1024x682.jpeg 1024w, https:\/\/fesprosa.org.ar\/portal\/wp-content\/uploads\/2025\/12\/Fiesta-_4-300x200.jpeg 300w, https:\/\/fesprosa.org.ar\/portal\/wp-content\/uploads\/2025\/12\/Fiesta-_4-768x512.jpeg 768w, https:\/\/fesprosa.org.ar\/portal\/wp-content\/uploads\/2025\/12\/Fiesta-_4-1536x1023.jpeg 1536w, https:\/\/fesprosa.org.ar\/portal\/wp-content\/uploads\/2025\/12\/Fiesta-_4-274x183.jpeg 274w, https:\/\/fesprosa.org.ar\/portal\/wp-content\/uploads\/2025\/12\/Fiesta-_4-80x54.jpeg 80w, https:\/\/fesprosa.org.ar\/portal\/wp-content\/uploads\/2025\/12\/Fiesta-_4-130x87.jpeg 130w, https:\/\/fesprosa.org.ar\/portal\/wp-content\/uploads\/2025\/12\/Fiesta-_4-359x240.jpeg 359w, https:\/\/fesprosa.org.ar\/portal\/wp-content\/uploads\/2025\/12\/Fiesta-_4-85x57.jpeg 85w, https:\/\/fesprosa.org.ar\/portal\/wp-content\/uploads\/2025\/12\/Fiesta-_4-546x365.jpeg 546w, https:\/\/fesprosa.org.ar\/portal\/wp-content\/uploads\/2025\/12\/Fiesta-_4-165x109.jpeg 165w, https:\/\/fesprosa.org.ar\/portal\/wp-content\/uploads\/2025\/12\/Fiesta-_4-112x75.jpeg 112w, https:\/\/fesprosa.org.ar\/portal\/wp-content\/uploads\/2025\/12\/Fiesta-_4-179x120.jpeg 179w, https:\/\/fesprosa.org.ar\/portal\/wp-content\/uploads\/2025\/12\/Fiesta-_4-170x113.jpeg 170w, https:\/\/fesprosa.org.ar\/portal\/wp-content\/uploads\/2025\/12\/Fiesta-_4-81x55.jpeg 81w, https:\/\/fesprosa.org.ar\/portal\/wp-content\/uploads\/2025\/12\/Fiesta-_4-765x510.jpeg 765w, https:\/\/fesprosa.org.ar\/portal\/wp-content\/uploads\/2025\/12\/Fiesta-_4.jpeg 1600w\" sizes=\"auto, (max-width: 1024px) 100vw, 1024px\" \/><\/a><\/figure>\n\n\n\n<figure class=\"wp-block-image size-large\"><a href=\"https:\/\/fesprosa.org.ar\/portal\/wp-content\/uploads\/2025\/12\/Fiesta-_6.jpeg\"><img loading=\"lazy\" decoding=\"async\" width=\"1024\" height=\"807\" data-id=\"17195\" src=\"https:\/\/fesprosa.org.ar\/portal\/wp-content\/uploads\/2025\/12\/Fiesta-_6-1024x807.jpeg\" alt=\"\" class=\"wp-image-17195\" srcset=\"https:\/\/fesprosa.org.ar\/portal\/wp-content\/uploads\/2025\/12\/Fiesta-_6-1024x807.jpeg 1024w, https:\/\/fesprosa.org.ar\/portal\/wp-content\/uploads\/2025\/12\/Fiesta-_6-300x236.jpeg 300w, https:\/\/fesprosa.org.ar\/portal\/wp-content\/uploads\/2025\/12\/Fiesta-_6-768x605.jpeg 768w, https:\/\/fesprosa.org.ar\/portal\/wp-content\/uploads\/2025\/12\/Fiesta-_6-1536x1211.jpeg 1536w, https:\/\/fesprosa.org.ar\/portal\/wp-content\/uploads\/2025\/12\/Fiesta-_6.jpeg 1600w\" sizes=\"auto, (max-width: 1024px) 100vw, 1024px\" \/><\/a><\/figure>\n\n\n\n<figure class=\"wp-block-image size-large\"><a href=\"https:\/\/fesprosa.org.ar\/portal\/wp-content\/uploads\/2025\/12\/Fiesta-_5.jpeg\"><img loading=\"lazy\" decoding=\"async\" width=\"1024\" height=\"682\" data-id=\"17194\" src=\"https:\/\/fesprosa.org.ar\/portal\/wp-content\/uploads\/2025\/12\/Fiesta-_5-1024x682.jpeg\" alt=\"\" class=\"wp-image-17194\" srcset=\"https:\/\/fesprosa.org.ar\/portal\/wp-content\/uploads\/2025\/12\/Fiesta-_5-1024x682.jpeg 1024w, https:\/\/fesprosa.org.ar\/portal\/wp-content\/uploads\/2025\/12\/Fiesta-_5-300x200.jpeg 300w, https:\/\/fesprosa.org.ar\/portal\/wp-content\/uploads\/2025\/12\/Fiesta-_5-768x512.jpeg 768w, https:\/\/fesprosa.org.ar\/portal\/wp-content\/uploads\/2025\/12\/Fiesta-_5-1536x1023.jpeg 1536w, https:\/\/fesprosa.org.ar\/portal\/wp-content\/uploads\/2025\/12\/Fiesta-_5-274x183.jpeg 274w, https:\/\/fesprosa.org.ar\/portal\/wp-content\/uploads\/2025\/12\/Fiesta-_5-80x54.jpeg 80w, https:\/\/fesprosa.org.ar\/portal\/wp-content\/uploads\/2025\/12\/Fiesta-_5-130x87.jpeg 130w, https:\/\/fesprosa.org.ar\/portal\/wp-content\/uploads\/2025\/12\/Fiesta-_5-359x240.jpeg 359w, https:\/\/fesprosa.org.ar\/portal\/wp-content\/uploads\/2025\/12\/Fiesta-_5-85x57.jpeg 85w, https:\/\/fesprosa.org.ar\/portal\/wp-content\/uploads\/2025\/12\/Fiesta-_5-546x365.jpeg 546w, https:\/\/fesprosa.org.ar\/portal\/wp-content\/uploads\/2025\/12\/Fiesta-_5-165x109.jpeg 165w, https:\/\/fesprosa.org.ar\/portal\/wp-content\/uploads\/2025\/12\/Fiesta-_5-112x75.jpeg 112w, https:\/\/fesprosa.org.ar\/portal\/wp-content\/uploads\/2025\/12\/Fiesta-_5-179x120.jpeg 179w, https:\/\/fesprosa.org.ar\/portal\/wp-content\/uploads\/2025\/12\/Fiesta-_5-170x113.jpeg 170w, https:\/\/fesprosa.org.ar\/portal\/wp-content\/uploads\/2025\/12\/Fiesta-_5-81x55.jpeg 81w, https:\/\/fesprosa.org.ar\/portal\/wp-content\/uploads\/2025\/12\/Fiesta-_5-765x510.jpeg 765w, https:\/\/fesprosa.org.ar\/portal\/wp-content\/uploads\/2025\/12\/Fiesta-_5.jpeg 1600w\" sizes=\"auto, (max-width: 1024px) 100vw, 1024px\" \/><\/a><\/figure>\n\n\n\n<figure class=\"wp-block-image size-large\"><a href=\"https:\/\/fesprosa.org.ar\/portal\/wp-content\/uploads\/2025\/12\/Fiesta-_7.jpeg\"><img loading=\"lazy\" decoding=\"async\" width=\"1024\" height=\"682\" data-id=\"17197\" src=\"https:\/\/fesprosa.org.ar\/portal\/wp-content\/uploads\/2025\/12\/Fiesta-_7-1024x682.jpeg\" alt=\"\" class=\"wp-image-17197\" srcset=\"https:\/\/fesprosa.org.ar\/portal\/wp-content\/uploads\/2025\/12\/Fiesta-_7-1024x682.jpeg 1024w, https:\/\/fesprosa.org.ar\/portal\/wp-content\/uploads\/2025\/12\/Fiesta-_7-300x200.jpeg 300w, https:\/\/fesprosa.org.ar\/portal\/wp-content\/uploads\/2025\/12\/Fiesta-_7-768x512.jpeg 768w, https:\/\/fesprosa.org.ar\/portal\/wp-content\/uploads\/2025\/12\/Fiesta-_7-1536x1023.jpeg 1536w, https:\/\/fesprosa.org.ar\/portal\/wp-content\/uploads\/2025\/12\/Fiesta-_7-274x183.jpeg 274w, https:\/\/fesprosa.org.ar\/portal\/wp-content\/uploads\/2025\/12\/Fiesta-_7-80x54.jpeg 80w, https:\/\/fesprosa.org.ar\/portal\/wp-content\/uploads\/2025\/12\/Fiesta-_7-130x87.jpeg 130w, https:\/\/fesprosa.org.ar\/portal\/wp-content\/uploads\/2025\/12\/Fiesta-_7-359x240.jpeg 359w, https:\/\/fesprosa.org.ar\/portal\/wp-content\/uploads\/2025\/12\/Fiesta-_7-85x57.jpeg 85w, https:\/\/fesprosa.org.ar\/portal\/wp-content\/uploads\/2025\/12\/Fiesta-_7-546x365.jpeg 546w, https:\/\/fesprosa.org.ar\/portal\/wp-content\/uploads\/2025\/12\/Fiesta-_7-165x109.jpeg 165w, https:\/\/fesprosa.org.ar\/portal\/wp-content\/uploads\/2025\/12\/Fiesta-_7-112x75.jpeg 112w, https:\/\/fesprosa.org.ar\/portal\/wp-content\/uploads\/2025\/12\/Fiesta-_7-179x120.jpeg 179w, https:\/\/fesprosa.org.ar\/portal\/wp-content\/uploads\/2025\/12\/Fiesta-_7-170x113.jpeg 170w, https:\/\/fesprosa.org.ar\/portal\/wp-content\/uploads\/2025\/12\/Fiesta-_7-81x55.jpeg 81w, https:\/\/fesprosa.org.ar\/portal\/wp-content\/uploads\/2025\/12\/Fiesta-_7-765x510.jpeg 765w, https:\/\/fesprosa.org.ar\/portal\/wp-content\/uploads\/2025\/12\/Fiesta-_7.jpeg 1600w\" sizes=\"auto, (max-width: 1024px) 100vw, 1024px\" \/><\/a><\/figure>\n<\/figure>\n","protected":false},"excerpt":{"rendered":"<p>Culminando las dos jornadas, el 28 por la noche se realiz\u00f3 la fiesta de los veinte a\u00f1os de FESPROSA. En un clima de alegr\u00eda, fraternidad y camarader\u00eda, las compa\u00f1eras y compa\u00f1eros de todo el pa\u00eds brindaron por el aniversario de nuestra FESPROSA.<\/p>\n","protected":false},"author":9,"featured_media":17198,"comment_status":"closed","ping_status":"closed","sticky":false,"template":"","format":"standard","meta":{"footnotes":""},"categories":[6,10,1],"tags":[],"class_list":{"0":"post-17191","1":"post","2":"type-post","3":"status-publish","4":"format-standard","5":"has-post-thumbnail","7":"category-destacados-del-mes","8":"category-noticias","9":"category-sin-categoria"},"_links":{"self":[{"href":"https:\/\/fesprosa.org.ar\/portal\/wp-json\/wp\/v2\/posts\/17191","targetHints":{"allow":["GET"]}}],"collection":[{"href":"https:\/\/fesprosa.org.ar\/portal\/wp-json\/wp\/v2\/posts"}],"about":[{"href":"https:\/\/fesprosa.org.ar\/portal\/wp-json\/wp\/v2\/types\/post"}],"author":[{"embeddable":true,"href":"https:\/\/fesprosa.org.ar\/portal\/wp-json\/wp\/v2\/users\/9"}],"replies":[{"embeddable":true,"href":"https:\/\/fesprosa.org.ar\/portal\/wp-json\/wp\/v2\/comments?post=17191"}],"version-history":[{"count":2,"href":"https:\/\/fesprosa.org.ar\/portal\/wp-json\/wp\/v2\/posts\/17191\/revisions"}],"predecessor-version":[{"id":17200,"href":"https:\/\/fesprosa.org.ar\/portal\/wp-json\/wp\/v2\/posts\/17191\/revisions\/17200"}],"wp:featuredmedia":[{"embeddable":true,"href":"https:\/\/fesprosa.org.ar\/portal\/wp-json\/wp\/v2\/media\/17198"}],"wp:attachment":[{"href":"https:\/\/fesprosa.org.ar\/portal\/wp-json\/wp\/v2\/media?parent=17191"}],"wp:term":[{"taxonomy":"category","embeddable":true,"href":"https:\/\/fesprosa.org.ar\/portal\/wp-json\/wp\/v2\/categories?post=17191"},{"taxonomy":"post_tag","embeddable":true,"href":"https:\/\/fesprosa.org.ar\/portal\/wp-json\/wp\/v2\/tags?post=17191"}],"curies":[{"name":"wp","href":"https:\/\/api.w.org\/{rel}","templated":true}]}}