{"id":17142,"date":"2025-12-01T13:30:04","date_gmt":"2025-12-01T13:30:04","guid":{"rendered":"https:\/\/fesprosa.org.ar\/portal\/?p=17142"},"modified":"2025-12-01T13:31:37","modified_gmt":"2025-12-01T13:31:37","slug":"cinco-mujeres-del-interior-encabezaran-la-nueva-conduccion-de-fesprosa","status":"publish","type":"post","link":"https:\/\/fesprosa.org.ar\/portal\/cinco-mujeres-del-interior-encabezaran-la-nueva-conduccion-de-fesprosa\/","title":{"rendered":"Cinco mujeres del interior encabezar\u00e1n la nueva conducci\u00f3n de Fesprosa"},"content":{"rendered":"\n<p><strong>El viernes 28 de noviembre, la Federaci\u00f3n Sindical de Profesionales de la Salud (FESPROSA), con la presencia de delegados de 17 regionales, eligi\u00f3 una nueva conducci\u00f3n que, por primera vez, estar\u00e1 encabezada por cinco mujeres del interior.<\/strong><\/p>\n\n\n<div class=\"wp-block-image\">\n<figure class=\"aligncenter size-large\"><a href=\"https:\/\/fesprosa.org.ar\/portal\/wp-content\/uploads\/2025\/12\/Noticias-01122025_1.png\"><img decoding=\"async\" src=\"https:\/\/fesprosa.org.ar\/portal\/wp-content\/uploads\/2025\/12\/Noticias-01122025_1-1024x509.png\" alt=\"\" class=\"wp-image-17143\"\/><\/a><figcaption class=\"wp-element-caption\"><strong>De izq. a der.: Mar\u00eda Fernanda Boriotti, presidenta; Adriana Bueno, vicepresidenta, Noem\u00ed Alemany, secretaria general; Cintia Gambuti, secretaria de finanzas; y Cesira Mulally, secretaria gremial<\/strong><\/figcaption><\/figure>\n<\/div>\n\n\n<div style=\"height:10px\" aria-hidden=\"true\" class=\"wp-block-spacer\"><\/div>\n\n\n\n<p>Fernanda Boriotti ser\u00e1 la presidenta durante el periodo 2026-2029. Fernanda es bioqu\u00edmica del Hospital Provincial de Rosario y fundadora del gremio provincial de los profesionales de la salud de Santa Fe (SIPRUS). Como vicepresidenta acompa\u00f1ar\u00e1 Adriana Bueno, m\u00e9dica infect\u00f3loga del Hospital de Concepci\u00f3n de Tucum\u00e1n, fundadora de SITAS, el sindicato de los trabajadores de la salud autoconvocado de Tucum\u00e1n. Como secretaria general asumir\u00e1 Noem\u00ed Alemany, m\u00e9dica neonat\u00f3loga del Hospital Castro Rend\u00f3n de Neuqu\u00e9n y fundadora de SIPROSAPUNE, el gremio de los profesionales de la salud neuquinos. Cintia Gambuti, psic\u00f3loga del Hospital Provincial de Rosario, ser\u00e1 la secretaria de finanzas, y como secretaria gremial se incorporar\u00e1 Cesira Mulally, licenciada en enfermer\u00eda de San Antonio Oeste y secretaria general de ASSPUR, el gremio de los trabajadores de la salud de R\u00edo Negro.<\/p>\n\n\n\n<div style=\"height:10px\" aria-hidden=\"true\" class=\"wp-block-spacer\"><\/div>\n\n\n\n<figure class=\"wp-block-gallery has-nested-images columns-default is-cropped wp-block-gallery-1 is-layout-flex wp-block-gallery-is-layout-flex\">\n<figure class=\"wp-block-image size-large\"><a href=\"https:\/\/fesprosa.org.ar\/portal\/wp-content\/uploads\/2025\/12\/Noticias-01122025_2.jpg\"><img loading=\"lazy\" decoding=\"async\" width=\"1024\" height=\"684\" data-id=\"17145\" src=\"https:\/\/fesprosa.org.ar\/portal\/wp-content\/uploads\/2025\/12\/Noticias-01122025_2-1024x684.jpg\" alt=\"\" class=\"wp-image-17145\" srcset=\"https:\/\/fesprosa.org.ar\/portal\/wp-content\/uploads\/2025\/12\/Noticias-01122025_2-1024x684.jpg 1024w, https:\/\/fesprosa.org.ar\/portal\/wp-content\/uploads\/2025\/12\/Noticias-01122025_2-300x200.jpg 300w, https:\/\/fesprosa.org.ar\/portal\/wp-content\/uploads\/2025\/12\/Noticias-01122025_2-768x513.jpg 768w, https:\/\/fesprosa.org.ar\/portal\/wp-content\/uploads\/2025\/12\/Noticias-01122025_2-274x183.jpg 274w, https:\/\/fesprosa.org.ar\/portal\/wp-content\/uploads\/2025\/12\/Noticias-01122025_2-80x54.jpg 80w, https:\/\/fesprosa.org.ar\/portal\/wp-content\/uploads\/2025\/12\/Noticias-01122025_2-130x87.jpg 130w, https:\/\/fesprosa.org.ar\/portal\/wp-content\/uploads\/2025\/12\/Noticias-01122025_2-359x240.jpg 359w, https:\/\/fesprosa.org.ar\/portal\/wp-content\/uploads\/2025\/12\/Noticias-01122025_2-85x57.jpg 85w, https:\/\/fesprosa.org.ar\/portal\/wp-content\/uploads\/2025\/12\/Noticias-01122025_2-546x365.jpg 546w, https:\/\/fesprosa.org.ar\/portal\/wp-content\/uploads\/2025\/12\/Noticias-01122025_2-266x179.jpg 266w, https:\/\/fesprosa.org.ar\/portal\/wp-content\/uploads\/2025\/12\/Noticias-01122025_2-165x109.jpg 165w, https:\/\/fesprosa.org.ar\/portal\/wp-content\/uploads\/2025\/12\/Noticias-01122025_2-347x233.jpg 347w, https:\/\/fesprosa.org.ar\/portal\/wp-content\/uploads\/2025\/12\/Noticias-01122025_2-112x75.jpg 112w, https:\/\/fesprosa.org.ar\/portal\/wp-content\/uploads\/2025\/12\/Noticias-01122025_2-179x120.jpg 179w, https:\/\/fesprosa.org.ar\/portal\/wp-content\/uploads\/2025\/12\/Noticias-01122025_2-170x113.jpg 170w, https:\/\/fesprosa.org.ar\/portal\/wp-content\/uploads\/2025\/12\/Noticias-01122025_2-81x55.jpg 81w, https:\/\/fesprosa.org.ar\/portal\/wp-content\/uploads\/2025\/12\/Noticias-01122025_2-765x510.jpg 765w, https:\/\/fesprosa.org.ar\/portal\/wp-content\/uploads\/2025\/12\/Noticias-01122025_2.jpg 1280w\" sizes=\"auto, (max-width: 1024px) 100vw, 1024px\" \/><\/a><\/figure>\n\n\n\n<figure class=\"wp-block-image size-large\"><a href=\"https:\/\/fesprosa.org.ar\/portal\/wp-content\/uploads\/2025\/12\/Noticias-01122025.jpeg\"><img loading=\"lazy\" decoding=\"async\" width=\"320\" height=\"240\" data-id=\"17144\" src=\"https:\/\/fesprosa.org.ar\/portal\/wp-content\/uploads\/2025\/12\/Noticias-01122025.jpeg\" alt=\"\" class=\"wp-image-17144\" srcset=\"https:\/\/fesprosa.org.ar\/portal\/wp-content\/uploads\/2025\/12\/Noticias-01122025.jpeg 320w, https:\/\/fesprosa.org.ar\/portal\/wp-content\/uploads\/2025\/12\/Noticias-01122025-300x225.jpeg 300w\" sizes=\"auto, (max-width: 320px) 100vw, 320px\" \/><\/a><\/figure>\n<\/figure>\n\n\n\n<div style=\"height:10px\" aria-hidden=\"true\" class=\"wp-block-spacer\"><\/div>\n\n\n\n<p>Con el voto del 95% de los delegados presentes en el Congreso, la nueva conducci\u00f3n recibi\u00f3 un contundente apoyo de las bases de FESPROSA. En sus primeras declaraciones, Fernanda se\u00f1al\u00f3 que no puede haber techo de cristal en un sindicato de salud, donde el 75% de los trabajadores son mujeres. Se comprometi\u00f3 a \u201cprofundizar el trabajo para la unidad de todos los trabajadores de la salud p\u00fablica\u201d. Y se\u00f1al\u00f3 que \u201cesta unidad deber\u00e1 ser forjada en las calles, en los hospitales y en los centros de salud para enfrentar la baja salarial generalizada, la p\u00e9rdida de condiciones de trabajo, la baja del presupuesto de salud p\u00fablica, la precarizaci\u00f3n laboral y el ajuste que, en todas sus formas, est\u00e1n practicando tanto el gobierno nacional como los gobiernos provinciales\u201d.<\/p>\n\n\n\n<p>\u201cEnfrentaremos la reforma laboral que, lejos de estar focalizada en el sector privado, tendr\u00e1 un impacto directo en la salud p\u00fablica. En particular, porque se intenta restaurar el cap\u00edtulo 4 del decreto 70\/23, suspendido por la Justicia, y, de ese modo, restringir hasta la desaparici\u00f3n el derecho de huelga en salud a trav\u00e9s de la esencialidad, pasando por encima del art\u00edculo 14 bis de la Constituci\u00f3n\u201d, agreg\u00f3 la electa presidenta.<\/p>\n\n\n\n<p>\u201dTrabajaremos para unir a todos los que est\u00e9n dispuestos a enfrentar la reforma&nbsp; y&nbsp; se sientan m\u00e1s c\u00f3modos en las calles que en los sillones del Consejo de Mayo\u201d, avis\u00f3 Boriotti. Y cont\u00f3 que, desde la Federaci\u00f3n, impulsar\u00e1n una ley de emergencia sanitaria para el sector p\u00fablico nacional que revierta los despidos masivos del Posadas, el Bonaparte y el Ministerio de Salud y restaure todas las direcciones y secretar\u00edas disueltas por el ministro Lugones.&nbsp;<\/p>\n\n\n\n<p>\u201cTrabajaremos en conjunto para defender la pluriprofesionalidad de la carrera profesional en CABA\u201d, agreg\u00f3 la dirigente gremial. Y finaliz\u00f3 advirtiendo que, como siempre, \u201cestaremos presentes en cada una de las luchas que, de Tierra del Fuego a La Quiaca, desde los Andes al Atl\u00e1ntico, llevan adelante los y las trabajadores de la salud del pa\u00eds, impulsando \u00e1mbitos amplios como el Cabildo Abierto, que jug\u00f3 un papel muy importante en el triunfo de la lucha del Garrahan\u201d.<\/p>\n","protected":false},"excerpt":{"rendered":"<p>El viernes 28 de noviembre, la Federaci\u00f3n Sindical de Profesionales de la Salud (FESPROSA), con la presencia de delegados de 17 regionales, eligi\u00f3 una nueva conducci\u00f3n que, por primera vez, estar\u00e1 encabezada por cinco mujeres del interior.<\/p>\n","protected":false},"author":9,"featured_media":17143,"comment_status":"closed","ping_status":"closed","sticky":false,"template":"","format":"standard","meta":{"footnotes":""},"categories":[6,10],"tags":[],"class_list":{"0":"post-17142","1":"post","2":"type-post","3":"status-publish","4":"format-standard","5":"has-post-thumbnail","7":"category-destacados-del-mes","8":"category-noticias"},"_links":{"self":[{"href":"https:\/\/fesprosa.org.ar\/portal\/wp-json\/wp\/v2\/posts\/17142","targetHints":{"allow":["GET"]}}],"collection":[{"href":"https:\/\/fesprosa.org.ar\/portal\/wp-json\/wp\/v2\/posts"}],"about":[{"href":"https:\/\/fesprosa.org.ar\/portal\/wp-json\/wp\/v2\/types\/post"}],"author":[{"embeddable":true,"href":"https:\/\/fesprosa.org.ar\/portal\/wp-json\/wp\/v2\/users\/9"}],"replies":[{"embeddable":true,"href":"https:\/\/fesprosa.org.ar\/portal\/wp-json\/wp\/v2\/comments?post=17142"}],"version-history":[{"count":1,"href":"https:\/\/fesprosa.org.ar\/portal\/wp-json\/wp\/v2\/posts\/17142\/revisions"}],"predecessor-version":[{"id":17146,"href":"https:\/\/fesprosa.org.ar\/portal\/wp-json\/wp\/v2\/posts\/17142\/revisions\/17146"}],"wp:featuredmedia":[{"embeddable":true,"href":"https:\/\/fesprosa.org.ar\/portal\/wp-json\/wp\/v2\/media\/17143"}],"wp:attachment":[{"href":"https:\/\/fesprosa.org.ar\/portal\/wp-json\/wp\/v2\/media?parent=17142"}],"wp:term":[{"taxonomy":"category","embeddable":true,"href":"https:\/\/fesprosa.org.ar\/portal\/wp-json\/wp\/v2\/categories?post=17142"},{"taxonomy":"post_tag","embeddable":true,"href":"https:\/\/fesprosa.org.ar\/portal\/wp-json\/wp\/v2\/tags?post=17142"}],"curies":[{"name":"wp","href":"https:\/\/api.w.org\/{rel}","templated":true}]}}