{"id":17100,"date":"2025-10-24T21:56:53","date_gmt":"2025-10-24T21:56:53","guid":{"rendered":"https:\/\/fesprosa.org.ar\/portal\/?p=17100"},"modified":"2025-10-24T22:00:03","modified_gmt":"2025-10-24T22:00:03","slug":"asspur-inauguro-su-sede-en-viedma-a-dias-de-las-elecciones-esto-es-un-acto-de-rebeldia","status":"publish","type":"post","link":"https:\/\/fesprosa.org.ar\/portal\/asspur-inauguro-su-sede-en-viedma-a-dias-de-las-elecciones-esto-es-un-acto-de-rebeldia\/","title":{"rendered":"ASSPUR inaugur\u00f3 su sede en Viedma: \u00abA d\u00edas de las elecciones, esto es un acto de rebeld\u00eda\u00bb"},"content":{"rendered":"\n<p>Durante la ma\u00f1ana del 24 de octubre, en Zatti al 211 de Viedma, el sindicato ASSPUR, que nuclea a los trabajadores de la Salud de R\u00edo Negro, inaugur\u00f3 la primera sede oficial en todo el territorio rionegrino.<\/p>\n\n\n\n<figure class=\"wp-block-image size-large\"><a href=\"https:\/\/fesprosa.org.ar\/portal\/wp-content\/uploads\/2025\/10\/Noticias-24102025_1.jpg\"><img loading=\"lazy\" decoding=\"async\" width=\"1024\" height=\"572\" src=\"https:\/\/fesprosa.org.ar\/portal\/wp-content\/uploads\/2025\/10\/Noticias-24102025_1-1024x572.jpg\" alt=\"\" class=\"wp-image-17101\" srcset=\"https:\/\/fesprosa.org.ar\/portal\/wp-content\/uploads\/2025\/10\/Noticias-24102025_1-1024x572.jpg 1024w, https:\/\/fesprosa.org.ar\/portal\/wp-content\/uploads\/2025\/10\/Noticias-24102025_1-300x168.jpg 300w, https:\/\/fesprosa.org.ar\/portal\/wp-content\/uploads\/2025\/10\/Noticias-24102025_1-768x429.jpg 768w, https:\/\/fesprosa.org.ar\/portal\/wp-content\/uploads\/2025\/10\/Noticias-24102025_1.jpg 1079w\" sizes=\"auto, (max-width: 1024px) 100vw, 1024px\" \/><\/a><\/figure>\n\n\n\n<div style=\"height:10px\" aria-hidden=\"true\" class=\"wp-block-spacer\"><\/div>\n\n\n\n<p>El acto estuvo colmado de afiliadas y afiliados, junto con la participaci\u00f3n de otros gremios que acompa\u00f1aron la apertura del nuevo espacio.<\/p>\n\n\n\n<p>Tambi\u00e9n hubo presencia nacional, se hicieron presentes <strong>Mar\u00eda<\/strong>&nbsp;<strong>Fernanda Boriotti<\/strong>, presidenta de FESPROSA; y&nbsp;<strong>Jorge Yabkowski<\/strong>, secretario general de FESPROSA.<\/p>\n\n\n\n<p>Al brindar algunas palabras, Boriotti expres\u00f3 que \u00abme emociono, y no es para menos. Esto es una construcci\u00f3n de la que nos sentimos parte desde los inicios\u00bb.<\/p>\n\n\n\n<p>Sostuvo que \u00abtodo el Consejo Ejecutivo Nacional est\u00e1 feliz por este acto pol\u00edtico, que en este contexto tan jodido en el que estamos viviendo y atravesando, con pol\u00edticas del gobierno nacional que no hacen m\u00e1s que pisotearnos como trabajadores, dejarnos con pocas herramientas&#8230; D\u00edas antes de las elecciones, es un acto de rebeld\u00eda y de lo que es ASSPUR\u00bb.<\/p>\n\n\n\n<p>Consider\u00f3 que \u00abno hay forma de negociar y avanzar si los trabajadores no tenemos claro que debemos estar en la calle. Es el camino que marc\u00f3 ASSPUR desde su fundaci\u00f3n\u00bb.<\/p>\n\n\n\n<p>Por su parte, Yabkowski manifest\u00f3 que \u00aben algunas reuniones dijimos que cada vez que viaj\u00e1bamos a alguna provincia, y encontr\u00e1bamos un grupo como el que fund\u00f3 ASSPUR, autoconvocado y aut\u00f3nomo, con las cosas claras desde el comienzo\u00bb.<\/p>\n\n\n\n<div style=\"height:10px\" aria-hidden=\"true\" class=\"wp-block-spacer\"><\/div>\n\n\n\n<figure class=\"wp-block-gallery has-nested-images columns-default is-cropped wp-block-gallery-1 is-layout-flex wp-block-gallery-is-layout-flex\">\n<figure class=\"wp-block-image size-large\"><a href=\"https:\/\/fesprosa.org.ar\/portal\/wp-content\/uploads\/2025\/10\/Noticias-24102025_5.jpg\"><img loading=\"lazy\" decoding=\"async\" width=\"842\" height=\"473\" data-id=\"17102\" src=\"https:\/\/fesprosa.org.ar\/portal\/wp-content\/uploads\/2025\/10\/Noticias-24102025_5.jpg\" alt=\"\" class=\"wp-image-17102\" srcset=\"https:\/\/fesprosa.org.ar\/portal\/wp-content\/uploads\/2025\/10\/Noticias-24102025_5.jpg 842w, https:\/\/fesprosa.org.ar\/portal\/wp-content\/uploads\/2025\/10\/Noticias-24102025_5-300x169.jpg 300w, https:\/\/fesprosa.org.ar\/portal\/wp-content\/uploads\/2025\/10\/Noticias-24102025_5-768x431.jpg 768w\" sizes=\"auto, (max-width: 842px) 100vw, 842px\" \/><\/a><\/figure>\n\n\n\n<figure class=\"wp-block-image size-large\"><a href=\"https:\/\/fesprosa.org.ar\/portal\/wp-content\/uploads\/2025\/10\/Noticias-24102025_4.jpg\"><img loading=\"lazy\" decoding=\"async\" width=\"844\" height=\"473\" data-id=\"17103\" src=\"https:\/\/fesprosa.org.ar\/portal\/wp-content\/uploads\/2025\/10\/Noticias-24102025_4.jpg\" alt=\"\" class=\"wp-image-17103\" srcset=\"https:\/\/fesprosa.org.ar\/portal\/wp-content\/uploads\/2025\/10\/Noticias-24102025_4.jpg 844w, https:\/\/fesprosa.org.ar\/portal\/wp-content\/uploads\/2025\/10\/Noticias-24102025_4-300x168.jpg 300w, https:\/\/fesprosa.org.ar\/portal\/wp-content\/uploads\/2025\/10\/Noticias-24102025_4-768x430.jpg 768w\" sizes=\"auto, (max-width: 844px) 100vw, 844px\" \/><\/a><\/figure>\n\n\n\n<figure class=\"wp-block-image size-large\"><a href=\"https:\/\/fesprosa.org.ar\/portal\/wp-content\/uploads\/2025\/10\/Noticias-24102025_3.jpg\"><img loading=\"lazy\" decoding=\"async\" width=\"840\" height=\"470\" data-id=\"17104\" src=\"https:\/\/fesprosa.org.ar\/portal\/wp-content\/uploads\/2025\/10\/Noticias-24102025_3.jpg\" alt=\"\" class=\"wp-image-17104\" srcset=\"https:\/\/fesprosa.org.ar\/portal\/wp-content\/uploads\/2025\/10\/Noticias-24102025_3.jpg 840w, https:\/\/fesprosa.org.ar\/portal\/wp-content\/uploads\/2025\/10\/Noticias-24102025_3-300x168.jpg 300w, https:\/\/fesprosa.org.ar\/portal\/wp-content\/uploads\/2025\/10\/Noticias-24102025_3-768x430.jpg 768w\" sizes=\"auto, (max-width: 840px) 100vw, 840px\" \/><\/a><\/figure>\n\n\n\n<figure class=\"wp-block-image size-large\"><a href=\"https:\/\/fesprosa.org.ar\/portal\/wp-content\/uploads\/2025\/10\/Noticias-24102025_2.jpg\"><img loading=\"lazy\" decoding=\"async\" width=\"841\" height=\"469\" data-id=\"17105\" src=\"https:\/\/fesprosa.org.ar\/portal\/wp-content\/uploads\/2025\/10\/Noticias-24102025_2.jpg\" alt=\"\" class=\"wp-image-17105\" srcset=\"https:\/\/fesprosa.org.ar\/portal\/wp-content\/uploads\/2025\/10\/Noticias-24102025_2.jpg 841w, https:\/\/fesprosa.org.ar\/portal\/wp-content\/uploads\/2025\/10\/Noticias-24102025_2-300x167.jpg 300w, https:\/\/fesprosa.org.ar\/portal\/wp-content\/uploads\/2025\/10\/Noticias-24102025_2-768x428.jpg 768w\" sizes=\"auto, (max-width: 841px) 100vw, 841px\" \/><\/a><\/figure>\n<\/figure>\n\n\n\n<p class=\"has-small-font-size\">Fuente\/Fotos: Noticias R\u00edo Negro<\/p>\n\n\n\n<div style=\"height:10px\" aria-hidden=\"true\" class=\"wp-block-spacer\"><\/div>\n\n\n\n<figure class=\"wp-block-embed is-type-video is-provider-youtube wp-block-embed-youtube wp-embed-aspect-16-9 wp-has-aspect-ratio\"><div class=\"wp-block-embed__wrapper\">\n<iframe loading=\"lazy\" title=\"AMPLIO APOYO DE FRESPOSA A LA DIRIGENCIA DE ASSPUR\" width=\"1000\" height=\"563\" src=\"https:\/\/www.youtube.com\/embed\/EHXCTm9mlE4?feature=oembed\" frameborder=\"0\" allow=\"accelerometer; autoplay; clipboard-write; encrypted-media; gyroscope; picture-in-picture; web-share\" referrerpolicy=\"strict-origin-when-cross-origin\" allowfullscreen><\/iframe>\n<\/div><\/figure>\n","protected":false},"excerpt":{"rendered":"<p>Durante la ma\u00f1ana del 24 de octubre, en Zatti al 211 de Viedma, el sindicato ASSPUR, que nuclea a los trabajadores de la Salud de R\u00edo Negro, inaugur\u00f3 la primera sede oficial en todo el territorio rionegrino. El acto estuvo colmado de afiliadas y afiliados, junto con la participaci\u00f3n de otros gremios que acompa\u00f1aron la &#8230;<\/p>\n","protected":false},"author":9,"featured_media":17101,"comment_status":"closed","ping_status":"closed","sticky":false,"template":"","format":"standard","meta":{"footnotes":""},"categories":[10,11,12],"tags":[],"class_list":{"0":"post-17100","1":"post","2":"type-post","3":"status-publish","4":"format-standard","5":"has-post-thumbnail","7":"category-noticias","8":"category-prensa","9":"category-regionales"},"_links":{"self":[{"href":"https:\/\/fesprosa.org.ar\/portal\/wp-json\/wp\/v2\/posts\/17100","targetHints":{"allow":["GET"]}}],"collection":[{"href":"https:\/\/fesprosa.org.ar\/portal\/wp-json\/wp\/v2\/posts"}],"about":[{"href":"https:\/\/fesprosa.org.ar\/portal\/wp-json\/wp\/v2\/types\/post"}],"author":[{"embeddable":true,"href":"https:\/\/fesprosa.org.ar\/portal\/wp-json\/wp\/v2\/users\/9"}],"replies":[{"embeddable":true,"href":"https:\/\/fesprosa.org.ar\/portal\/wp-json\/wp\/v2\/comments?post=17100"}],"version-history":[{"count":2,"href":"https:\/\/fesprosa.org.ar\/portal\/wp-json\/wp\/v2\/posts\/17100\/revisions"}],"predecessor-version":[{"id":17107,"href":"https:\/\/fesprosa.org.ar\/portal\/wp-json\/wp\/v2\/posts\/17100\/revisions\/17107"}],"wp:featuredmedia":[{"embeddable":true,"href":"https:\/\/fesprosa.org.ar\/portal\/wp-json\/wp\/v2\/media\/17101"}],"wp:attachment":[{"href":"https:\/\/fesprosa.org.ar\/portal\/wp-json\/wp\/v2\/media?parent=17100"}],"wp:term":[{"taxonomy":"category","embeddable":true,"href":"https:\/\/fesprosa.org.ar\/portal\/wp-json\/wp\/v2\/categories?post=17100"},{"taxonomy":"post_tag","embeddable":true,"href":"https:\/\/fesprosa.org.ar\/portal\/wp-json\/wp\/v2\/tags?post=17100"}],"curies":[{"name":"wp","href":"https:\/\/api.w.org\/{rel}","templated":true}]}}