{"id":17075,"date":"2025-09-30T19:46:53","date_gmt":"2025-09-30T19:46:53","guid":{"rendered":"https:\/\/fesprosa.org.ar\/portal\/?p=17075"},"modified":"2025-09-30T19:48:11","modified_gmt":"2025-09-30T19:48:11","slug":"conferencia-de-prensa-en-el-garrahan","status":"publish","type":"post","link":"https:\/\/fesprosa.org.ar\/portal\/conferencia-de-prensa-en-el-garrahan\/","title":{"rendered":"Conferencia de prensa en el Garrahan"},"content":{"rendered":"\n<p>Este 30 de septiembre se llev\u00f3 adelante una conferencia de prensa en el Hospital Garrahan. En la misma se convoc\u00f3 a apoyar a los <strong>despedidos del Posadas<\/strong>, el mi\u00e9rcoles 1 de octubre a las 12 horas, donde Fesprosa, la Asociaci\u00f3n de Profesionales y T\u00e9cnicos del Garrahan (APTH) y el Cabildo Abierto por la Salud, se har\u00e1n presentes en la conferencia de prensa contra los despidos, organizada por la Cicop-Posadas en el hall central del nosocomio; y el jueves 2 de octubre a las 12.30 horas, donde tendr\u00e1 lugar la <strong>movilizaci\u00f3n central en el AMBA<\/strong>, con el acompa\u00f1amiento en las provincias, para apoyar al Senado en su decisi\u00f3n de rechazar los vetos a las leyes de financiamiento universitario y emergencia pedi\u00e1trica. En la Ciudad de Buenos Aires, la marcha saldr\u00e1 a las 12 del mediod\u00eda desde el Hospital Garrahan, rumbo al Congreso.<\/p>\n\n\n\n<div style=\"height:10px\" aria-hidden=\"true\" class=\"wp-block-spacer\"><\/div>\n\n\n\n<figure class=\"wp-block-gallery has-nested-images columns-default is-cropped wp-block-gallery-1 is-layout-flex wp-block-gallery-is-layout-flex\">\n<figure class=\"wp-block-image size-large\"><a href=\"https:\/\/fesprosa.org.ar\/portal\/wp-content\/uploads\/2025\/09\/Noticias-30092025_4.jpg\"><img loading=\"lazy\" decoding=\"async\" width=\"600\" height=\"345\" data-id=\"17076\" src=\"https:\/\/fesprosa.org.ar\/portal\/wp-content\/uploads\/2025\/09\/Noticias-30092025_4.jpg\" alt=\"\" class=\"wp-image-17076\" srcset=\"https:\/\/fesprosa.org.ar\/portal\/wp-content\/uploads\/2025\/09\/Noticias-30092025_4.jpg 600w, https:\/\/fesprosa.org.ar\/portal\/wp-content\/uploads\/2025\/09\/Noticias-30092025_4-300x173.jpg 300w\" sizes=\"auto, (max-width: 600px) 100vw, 600px\" \/><\/a><\/figure>\n\n\n\n<figure class=\"wp-block-image size-large\"><a href=\"https:\/\/fesprosa.org.ar\/portal\/wp-content\/uploads\/2025\/09\/Noticias-30092025_3.jpg\"><img loading=\"lazy\" decoding=\"async\" width=\"593\" height=\"395\" data-id=\"17077\" src=\"https:\/\/fesprosa.org.ar\/portal\/wp-content\/uploads\/2025\/09\/Noticias-30092025_3.jpg\" alt=\"\" class=\"wp-image-17077\" srcset=\"https:\/\/fesprosa.org.ar\/portal\/wp-content\/uploads\/2025\/09\/Noticias-30092025_3.jpg 593w, https:\/\/fesprosa.org.ar\/portal\/wp-content\/uploads\/2025\/09\/Noticias-30092025_3-300x200.jpg 300w, https:\/\/fesprosa.org.ar\/portal\/wp-content\/uploads\/2025\/09\/Noticias-30092025_3-274x183.jpg 274w, https:\/\/fesprosa.org.ar\/portal\/wp-content\/uploads\/2025\/09\/Noticias-30092025_3-80x54.jpg 80w, https:\/\/fesprosa.org.ar\/portal\/wp-content\/uploads\/2025\/09\/Noticias-30092025_3-130x87.jpg 130w, https:\/\/fesprosa.org.ar\/portal\/wp-content\/uploads\/2025\/09\/Noticias-30092025_3-359x240.jpg 359w, https:\/\/fesprosa.org.ar\/portal\/wp-content\/uploads\/2025\/09\/Noticias-30092025_3-85x57.jpg 85w, https:\/\/fesprosa.org.ar\/portal\/wp-content\/uploads\/2025\/09\/Noticias-30092025_3-546x365.jpg 546w, https:\/\/fesprosa.org.ar\/portal\/wp-content\/uploads\/2025\/09\/Noticias-30092025_3-165x109.jpg 165w, https:\/\/fesprosa.org.ar\/portal\/wp-content\/uploads\/2025\/09\/Noticias-30092025_3-112x75.jpg 112w, https:\/\/fesprosa.org.ar\/portal\/wp-content\/uploads\/2025\/09\/Noticias-30092025_3-179x120.jpg 179w, https:\/\/fesprosa.org.ar\/portal\/wp-content\/uploads\/2025\/09\/Noticias-30092025_3-170x113.jpg 170w, https:\/\/fesprosa.org.ar\/portal\/wp-content\/uploads\/2025\/09\/Noticias-30092025_3-81x55.jpg 81w, https:\/\/fesprosa.org.ar\/portal\/wp-content\/uploads\/2025\/09\/Noticias-30092025_3-765x510.jpg 765w\" sizes=\"auto, (max-width: 593px) 100vw, 593px\" \/><\/a><\/figure>\n<\/figure>\n","protected":false},"excerpt":{"rendered":"<p>Este 30 de septiembre se llev\u00f3 adelante una conferencia de prensa en el Hospital Garrahan. En la misma se convoc\u00f3 a apoyar a los despedidos del Posadas, el mi\u00e9rcoles 1 de octubre a las 12 horas, donde Fesprosa, la Asociaci\u00f3n de Profesionales y T\u00e9cnicos del Garrahan (APTH) y el Cabildo Abierto por la Salud, se &#8230;<\/p>\n","protected":false},"author":9,"featured_media":17076,"comment_status":"closed","ping_status":"closed","sticky":false,"template":"","format":"standard","meta":{"footnotes":""},"categories":[254,273,10],"tags":[],"class_list":{"0":"post-17075","1":"post","2":"type-post","3":"status-publish","4":"format-standard","5":"has-post-thumbnail","7":"category-buenos-aires","8":"category-garraham","9":"category-noticias"},"_links":{"self":[{"href":"https:\/\/fesprosa.org.ar\/portal\/wp-json\/wp\/v2\/posts\/17075","targetHints":{"allow":["GET"]}}],"collection":[{"href":"https:\/\/fesprosa.org.ar\/portal\/wp-json\/wp\/v2\/posts"}],"about":[{"href":"https:\/\/fesprosa.org.ar\/portal\/wp-json\/wp\/v2\/types\/post"}],"author":[{"embeddable":true,"href":"https:\/\/fesprosa.org.ar\/portal\/wp-json\/wp\/v2\/users\/9"}],"replies":[{"embeddable":true,"href":"https:\/\/fesprosa.org.ar\/portal\/wp-json\/wp\/v2\/comments?post=17075"}],"version-history":[{"count":2,"href":"https:\/\/fesprosa.org.ar\/portal\/wp-json\/wp\/v2\/posts\/17075\/revisions"}],"predecessor-version":[{"id":17079,"href":"https:\/\/fesprosa.org.ar\/portal\/wp-json\/wp\/v2\/posts\/17075\/revisions\/17079"}],"wp:featuredmedia":[{"embeddable":true,"href":"https:\/\/fesprosa.org.ar\/portal\/wp-json\/wp\/v2\/media\/17076"}],"wp:attachment":[{"href":"https:\/\/fesprosa.org.ar\/portal\/wp-json\/wp\/v2\/media?parent=17075"}],"wp:term":[{"taxonomy":"category","embeddable":true,"href":"https:\/\/fesprosa.org.ar\/portal\/wp-json\/wp\/v2\/categories?post=17075"},{"taxonomy":"post_tag","embeddable":true,"href":"https:\/\/fesprosa.org.ar\/portal\/wp-json\/wp\/v2\/tags?post=17075"}],"curies":[{"name":"wp","href":"https:\/\/api.w.org\/{rel}","templated":true}]}}