{"id":17051,"date":"2025-09-18T11:28:38","date_gmt":"2025-09-18T11:28:38","guid":{"rendered":"https:\/\/fesprosa.org.ar\/portal\/?p=17051"},"modified":"2025-09-18T11:28:39","modified_gmt":"2025-09-18T11:28:39","slug":"el-garrahan-no-se-veta-enorme-victoria-de-la-educacion-y-la-salud-publica","status":"publish","type":"post","link":"https:\/\/fesprosa.org.ar\/portal\/el-garrahan-no-se-veta-enorme-victoria-de-la-educacion-y-la-salud-publica\/","title":{"rendered":"EL GARRAHAN NO SE VETA: ENORME VICTORIA DE LA EDUCACI\u00d3N Y LA SALUD P\u00daBLICA"},"content":{"rendered":"\n<figure class=\"wp-block-video\"><video height=\"1920\" style=\"aspect-ratio: 1080 \/ 1920;\" width=\"1080\" controls src=\"https:\/\/fesprosa.org.ar\/portal\/wp-content\/uploads\/2025\/09\/Noticias-17092025.mp4\"><\/video><\/figure>\n\n\n\n<div style=\"height:10px\" aria-hidden=\"true\" class=\"wp-block-spacer\"><\/div>\n\n\n\n<p>En una jornada hist\u00f3rica, miles de personas se movilizaron hoy por las calles de Buenos Aires y de todo el pa\u00eds en defensa del Garrahan y de la educaci\u00f3n y la salud p\u00fablica. Pocas horas despu\u00e9s, la C\u00e1mara de Diputados rechazaba por amplia mayor\u00eda los vetos a la Ley de Emergencia Pedi\u00e1trica y al financiamiento universitario.<\/p>\n\n\n\n<p>\u00abM\u00e1s all\u00e1 de la emoci\u00f3n que nos gener\u00f3 el rechazo al veto del financiamiento universitario y de la Ley de Emergencia Pedi\u00e1trica a nivel nacional, queda demostrado que luchar colectivamente, m\u00e1s all\u00e1 de todas las adversidades, termina dando sus frutos\u00bb, expres\u00f3 la Presidenta de Fesprosa, Mar\u00eda Fernanda Boriotti.<\/p>\n\n\n\n<p>\u00abLa victoria de hoy se debe a la unidad: unidad en la calle, unidad plural, una serie de alianzas de diversos sectores que pudimos sostener con la certeza de que el camino es colectivo, con la convicci\u00f3n de que podemos cambiar la realidad\u00bb, finaliz\u00f3 Boriotti.<\/p>\n","protected":false},"excerpt":{"rendered":"<p>En una jornada hist\u00f3rica, miles de personas se movilizaron hoy por las calles de Buenos Aires y de todo el pa\u00eds en defensa del Garrahan y de la educaci\u00f3n y la salud p\u00fablica. Pocas horas despu\u00e9s, la C\u00e1mara de Diputados rechazaba por amplia mayor\u00eda los vetos a la Ley de Emergencia Pedi\u00e1trica y al financiamiento &#8230;<\/p>\n","protected":false},"author":9,"featured_media":17055,"comment_status":"closed","ping_status":"closed","sticky":false,"template":"","format":"standard","meta":{"footnotes":""},"categories":[254,273,9,10],"tags":[],"class_list":{"0":"post-17051","1":"post","2":"type-post","3":"status-publish","4":"format-standard","5":"has-post-thumbnail","7":"category-buenos-aires","8":"category-garraham","9":"category-movilizaciones","10":"category-noticias"},"_links":{"self":[{"href":"https:\/\/fesprosa.org.ar\/portal\/wp-json\/wp\/v2\/posts\/17051","targetHints":{"allow":["GET"]}}],"collection":[{"href":"https:\/\/fesprosa.org.ar\/portal\/wp-json\/wp\/v2\/posts"}],"about":[{"href":"https:\/\/fesprosa.org.ar\/portal\/wp-json\/wp\/v2\/types\/post"}],"author":[{"embeddable":true,"href":"https:\/\/fesprosa.org.ar\/portal\/wp-json\/wp\/v2\/users\/9"}],"replies":[{"embeddable":true,"href":"https:\/\/fesprosa.org.ar\/portal\/wp-json\/wp\/v2\/comments?post=17051"}],"version-history":[{"count":2,"href":"https:\/\/fesprosa.org.ar\/portal\/wp-json\/wp\/v2\/posts\/17051\/revisions"}],"predecessor-version":[{"id":17056,"href":"https:\/\/fesprosa.org.ar\/portal\/wp-json\/wp\/v2\/posts\/17051\/revisions\/17056"}],"wp:featuredmedia":[{"embeddable":true,"href":"https:\/\/fesprosa.org.ar\/portal\/wp-json\/wp\/v2\/media\/17055"}],"wp:attachment":[{"href":"https:\/\/fesprosa.org.ar\/portal\/wp-json\/wp\/v2\/media?parent=17051"}],"wp:term":[{"taxonomy":"category","embeddable":true,"href":"https:\/\/fesprosa.org.ar\/portal\/wp-json\/wp\/v2\/categories?post=17051"},{"taxonomy":"post_tag","embeddable":true,"href":"https:\/\/fesprosa.org.ar\/portal\/wp-json\/wp\/v2\/tags?post=17051"}],"curies":[{"name":"wp","href":"https:\/\/api.w.org\/{rel}","templated":true}]}}