{"id":17041,"date":"2025-09-05T21:28:59","date_gmt":"2025-09-05T21:28:59","guid":{"rendered":"https:\/\/fesprosa.org.ar\/portal\/?p=17041"},"modified":"2025-09-05T21:29:01","modified_gmt":"2025-09-05T21:29:01","slug":"la-justicia-suspendio-el-examen-de-idoneidad-de-sturzenegger","status":"publish","type":"post","link":"https:\/\/fesprosa.org.ar\/portal\/la-justicia-suspendio-el-examen-de-idoneidad-de-sturzenegger\/","title":{"rendered":"La Justicia suspendi\u00f3 el ex\u00e1men de idoneidad de Sturzenegger"},"content":{"rendered":"\n<p><strong>La jueza Martina Forns di\u00f3 lugar a la presentaci\u00f3n de CICOP-Posadas y resolvi\u00f3 suspender por 6 meses el ex\u00e1men de idoneidad que hab\u00eda establecido el ministro de Desregulaci\u00f3n, Federico Sturzenegger.<\/strong><\/p>\n\n\n\n<figure class=\"wp-block-image size-large\"><a href=\"https:\/\/fesprosa.org.ar\/portal\/wp-content\/uploads\/2025\/09\/Noticia-05092025.png\"><img loading=\"lazy\" decoding=\"async\" width=\"1024\" height=\"768\" src=\"https:\/\/fesprosa.org.ar\/portal\/wp-content\/uploads\/2025\/09\/Noticia-05092025-1024x768.png\" alt=\"\" class=\"wp-image-17042\" srcset=\"https:\/\/fesprosa.org.ar\/portal\/wp-content\/uploads\/2025\/09\/Noticia-05092025-1024x768.png 1024w, https:\/\/fesprosa.org.ar\/portal\/wp-content\/uploads\/2025\/09\/Noticia-05092025-300x225.png 300w, https:\/\/fesprosa.org.ar\/portal\/wp-content\/uploads\/2025\/09\/Noticia-05092025-768x576.png 768w, https:\/\/fesprosa.org.ar\/portal\/wp-content\/uploads\/2025\/09\/Noticia-05092025.png 1280w\" sizes=\"auto, (max-width: 1024px) 100vw, 1024px\" \/><\/a><\/figure>\n\n\n\n<div style=\"height:10px\" aria-hidden=\"true\" class=\"wp-block-spacer\"><\/div>\n\n\n\n<p>La Asociaci\u00f3n Sindical de Profesionales de la Salud del Hospital Posadas (CICOP Seccional Posadas \/ Asociaci\u00f3n de Profesionales del Hospital Posadas Fesprosa Buenos Aires) anot\u00f3 una nueva victoria para los trabajadores estatales. La presentaci\u00f3n, hecha por la presidenta del gremio, Mirtha Jaime, en representaci\u00f3n de sus afiliados, solicitaba que se suspenda y se declare la inconstitucionalidad y nulidad del Sistema de Evaluaci\u00f3n P\u00fablica (SEP).<\/p>\n\n\n\n<p>El infame sistema de evaluaci\u00f3n p\u00fablica, que se plante\u00f3 como un acto de \u201ctransparencia de gesti\u00f3n\u201d (desconociendo los ex\u00e1menes ya existentes de idoneidad) es \u201carbitrario, improcedente e inconstitucional\u201d, seg\u00fan aleg\u00f3 la CICOP-Posadas en su presentaci\u00f3n.<\/p>\n\n\n\n<p>As\u00ed, la jueza titular del Juzgado Federal en lo Civil y Comercial N\u00b02 de San Mart\u00edn resolvi\u00f3 suspender \u201clos efectos de la implementaci\u00f3n del Sistema de Evaluaci\u00f3n p\u00fablica (SEP) reglamentado por&nbsp; resoluci\u00f3n N\u00b0 26\/24, del Ministerio de Desregulaci\u00f3n y Transformaci\u00f3n del Estado respecto del Hospital Nacional \u2018Profesor Alejandro Posadas\u2019\u201d, por el plazo de 6 meses.<\/p>\n\n\n\n<p>Este nuevo triunfo de los trabajadores de la salud p\u00fablica se da en el marco del rechazo al veto de la Ley de Emergencia en Discapacidad y la reciente aprobaci\u00f3n por parte del Congreso del financiamiento del Hospital Garrahan.<\/p>\n","protected":false},"excerpt":{"rendered":"<p>La jueza Martina Forns di\u00f3 lugar a la presentaci\u00f3n de CICOP-Posadas y resolvi\u00f3 suspender por 6 meses el ex\u00e1men de idoneidad que hab\u00eda establecido el ministro de Desregulaci\u00f3n, Federico Sturzenegger. La Asociaci\u00f3n Sindical de Profesionales de la Salud del Hospital Posadas (CICOP Seccional Posadas \/ Asociaci\u00f3n de Profesionales del Hospital Posadas Fesprosa Buenos Aires) anot\u00f3 &#8230;<\/p>\n","protected":false},"author":9,"featured_media":17042,"comment_status":"closed","ping_status":"closed","sticky":false,"template":"","format":"standard","meta":{"footnotes":""},"categories":[254,273,10],"tags":[],"class_list":{"0":"post-17041","1":"post","2":"type-post","3":"status-publish","4":"format-standard","5":"has-post-thumbnail","7":"category-buenos-aires","8":"category-garraham","9":"category-noticias"},"_links":{"self":[{"href":"https:\/\/fesprosa.org.ar\/portal\/wp-json\/wp\/v2\/posts\/17041","targetHints":{"allow":["GET"]}}],"collection":[{"href":"https:\/\/fesprosa.org.ar\/portal\/wp-json\/wp\/v2\/posts"}],"about":[{"href":"https:\/\/fesprosa.org.ar\/portal\/wp-json\/wp\/v2\/types\/post"}],"author":[{"embeddable":true,"href":"https:\/\/fesprosa.org.ar\/portal\/wp-json\/wp\/v2\/users\/9"}],"replies":[{"embeddable":true,"href":"https:\/\/fesprosa.org.ar\/portal\/wp-json\/wp\/v2\/comments?post=17041"}],"version-history":[{"count":1,"href":"https:\/\/fesprosa.org.ar\/portal\/wp-json\/wp\/v2\/posts\/17041\/revisions"}],"predecessor-version":[{"id":17043,"href":"https:\/\/fesprosa.org.ar\/portal\/wp-json\/wp\/v2\/posts\/17041\/revisions\/17043"}],"wp:featuredmedia":[{"embeddable":true,"href":"https:\/\/fesprosa.org.ar\/portal\/wp-json\/wp\/v2\/media\/17042"}],"wp:attachment":[{"href":"https:\/\/fesprosa.org.ar\/portal\/wp-json\/wp\/v2\/media?parent=17041"}],"wp:term":[{"taxonomy":"category","embeddable":true,"href":"https:\/\/fesprosa.org.ar\/portal\/wp-json\/wp\/v2\/categories?post=17041"},{"taxonomy":"post_tag","embeddable":true,"href":"https:\/\/fesprosa.org.ar\/portal\/wp-json\/wp\/v2\/tags?post=17041"}],"curies":[{"name":"wp","href":"https:\/\/api.w.org\/{rel}","templated":true}]}}