{"id":17009,"date":"2025-08-13T15:04:09","date_gmt":"2025-08-13T15:04:09","guid":{"rendered":"https:\/\/fesprosa.org.ar\/portal\/?p=17009"},"modified":"2025-08-13T15:04:11","modified_gmt":"2025-08-13T15:04:11","slug":"los-gremios-del-hospital-de-haedo-entregaron-al-gobernador-kicillof-y-al-ministro-kreplak-un-reclamo-por-el-fin-de-la-violencia-institucional","status":"publish","type":"post","link":"https:\/\/fesprosa.org.ar\/portal\/los-gremios-del-hospital-de-haedo-entregaron-al-gobernador-kicillof-y-al-ministro-kreplak-un-reclamo-por-el-fin-de-la-violencia-institucional\/","title":{"rendered":"Los gremios del Hospital de Haedo entregaron al Gobernador Kicillof y al Ministro Kreplak un reclamo por el fin de la violencia institucional"},"content":{"rendered":"<div class=\"wp-block-image\">\n<figure class=\"aligncenter size-full\"><a href=\"https:\/\/fesprosa.org.ar\/portal\/wp-content\/uploads\/2025\/08\/Noticias-13082025_2.jpg\"><img loading=\"lazy\" decoding=\"async\" width=\"576\" height=\"295\" src=\"https:\/\/fesprosa.org.ar\/portal\/wp-content\/uploads\/2025\/08\/Noticias-13082025_2.jpg\" alt=\"\" class=\"wp-image-17010\" srcset=\"https:\/\/fesprosa.org.ar\/portal\/wp-content\/uploads\/2025\/08\/Noticias-13082025_2.jpg 576w, https:\/\/fesprosa.org.ar\/portal\/wp-content\/uploads\/2025\/08\/Noticias-13082025_2-300x154.jpg 300w\" sizes=\"auto, (max-width: 576px) 100vw, 576px\" \/><\/a><\/figure>\n<\/div>\n\n\n<div style=\"height:10px\" aria-hidden=\"true\" class=\"wp-block-spacer\"><\/div>\n\n\n\n<p><strong>12 de agosto |<\/strong> La iniciativa surgi\u00f3 de una asamblea convocada por los gremios con presencia del presidente de la seccional Erill de Escobar de CICOP Alejandro M\u00e1rquez realizada en nuestro hospital el d\u00eda 6 de agosto. Se analizaron distintas situaciones provocadas por las m\u00e1ximas autoridades del hospital.<\/p>\n\n\n\n<p>Las palabras recurrentes en los relatos fueron, maltrato, abuso de autoridad, falsas denuncias para justificar un accionar abusivo, insultos frente a los pacientes, trabajo bajo presi\u00f3n y sin insumos que han dejado ya sus consecuencias en la salud de los trabajadores. Han provocado que muchos profesionales con mucha experiencia hayan decidido jubilarse anticipadamente, al igual que muchas renuncias de los residentes. Y esta metodolog\u00eda sirve a esta direcci\u00f3n tambi\u00e9n para el cierre de servicios hist\u00f3ricos del hospital como en el caso del servicio de gastroenterolog\u00eda.<\/p>\n\n\n\n<div style=\"height:10px\" aria-hidden=\"true\" class=\"wp-block-spacer\"><\/div>\n\n\n<div class=\"wp-block-image\">\n<figure class=\"aligncenter size-full is-resized\"><a href=\"https:\/\/fesprosa.org.ar\/portal\/wp-content\/uploads\/2025\/08\/Noticias-13082025_1.jpg\"><img loading=\"lazy\" decoding=\"async\" width=\"417\" height=\"587\" src=\"https:\/\/fesprosa.org.ar\/portal\/wp-content\/uploads\/2025\/08\/Noticias-13082025_1.jpg\" alt=\"\" class=\"wp-image-17011\" style=\"width:303px;height:auto\" srcset=\"https:\/\/fesprosa.org.ar\/portal\/wp-content\/uploads\/2025\/08\/Noticias-13082025_1.jpg 417w, https:\/\/fesprosa.org.ar\/portal\/wp-content\/uploads\/2025\/08\/Noticias-13082025_1-213x300.jpg 213w\" sizes=\"auto, (max-width: 417px) 100vw, 417px\" \/><\/a><\/figure>\n<\/div>","protected":false},"excerpt":{"rendered":"<p>12 de agosto | La iniciativa surgi\u00f3 de una asamblea convocada por los gremios con presencia del presidente de la seccional Erill de Escobar de CICOP Alejandro M\u00e1rquez realizada en nuestro hospital el d\u00eda 6 de agosto. Se analizaron distintas situaciones provocadas por las m\u00e1ximas autoridades del hospital. Las palabras recurrentes en los relatos fueron, &#8230;<\/p>\n","protected":false},"author":9,"featured_media":17010,"comment_status":"closed","ping_status":"closed","sticky":false,"template":"","format":"standard","meta":{"footnotes":""},"categories":[254,10],"tags":[],"class_list":{"0":"post-17009","1":"post","2":"type-post","3":"status-publish","4":"format-standard","5":"has-post-thumbnail","7":"category-buenos-aires","8":"category-noticias"},"_links":{"self":[{"href":"https:\/\/fesprosa.org.ar\/portal\/wp-json\/wp\/v2\/posts\/17009","targetHints":{"allow":["GET"]}}],"collection":[{"href":"https:\/\/fesprosa.org.ar\/portal\/wp-json\/wp\/v2\/posts"}],"about":[{"href":"https:\/\/fesprosa.org.ar\/portal\/wp-json\/wp\/v2\/types\/post"}],"author":[{"embeddable":true,"href":"https:\/\/fesprosa.org.ar\/portal\/wp-json\/wp\/v2\/users\/9"}],"replies":[{"embeddable":true,"href":"https:\/\/fesprosa.org.ar\/portal\/wp-json\/wp\/v2\/comments?post=17009"}],"version-history":[{"count":1,"href":"https:\/\/fesprosa.org.ar\/portal\/wp-json\/wp\/v2\/posts\/17009\/revisions"}],"predecessor-version":[{"id":17012,"href":"https:\/\/fesprosa.org.ar\/portal\/wp-json\/wp\/v2\/posts\/17009\/revisions\/17012"}],"wp:featuredmedia":[{"embeddable":true,"href":"https:\/\/fesprosa.org.ar\/portal\/wp-json\/wp\/v2\/media\/17010"}],"wp:attachment":[{"href":"https:\/\/fesprosa.org.ar\/portal\/wp-json\/wp\/v2\/media?parent=17009"}],"wp:term":[{"taxonomy":"category","embeddable":true,"href":"https:\/\/fesprosa.org.ar\/portal\/wp-json\/wp\/v2\/categories?post=17009"},{"taxonomy":"post_tag","embeddable":true,"href":"https:\/\/fesprosa.org.ar\/portal\/wp-json\/wp\/v2\/tags?post=17009"}],"curies":[{"name":"wp","href":"https:\/\/api.w.org\/{rel}","templated":true}]}}