{"id":16957,"date":"2025-07-24T13:53:27","date_gmt":"2025-07-24T13:53:27","guid":{"rendered":"https:\/\/fesprosa.org.ar\/portal\/?p=16957"},"modified":"2025-07-24T13:53:29","modified_gmt":"2025-07-24T13:53:29","slug":"declaracion-publica-sobre-la-catastrofe-humanitaria-en-gaza","status":"publish","type":"post","link":"https:\/\/fesprosa.org.ar\/portal\/declaracion-publica-sobre-la-catastrofe-humanitaria-en-gaza\/","title":{"rendered":"DECLARACI\u00d3N P\u00daBLICA SOBRE LA CATASTR\u00d3FE HUMANITARIA EN GAZA"},"content":{"rendered":"\n<p>No podemos y no debemos, dejar de condenar con absoluta claridad y firmeza lo que est\u00e1 ocurriendo en Gaza.<\/p>\n\n\n\n<p>Seg\u00fan una reciente investigaci\u00f3n del diario israel\u00ed <em>Haaretz<\/em>:<\/p>\n\n\n\n<ul class=\"wp-block-list\">\n<li><strong>El n\u00famero de v\u00edctimas mortales y heridas<\/strong> es abrumador: m\u00e1s de 58.000 muertos, 138.000 heridos, De ellas, m\u00e1s de <strong>17.000 eran ni\u00f1os<\/strong>, 870 menores de un a\u00f1o.<strong> <\/strong><strong>Gaza tiene hoy el mayor n\u00famero de ni\u00f1os amputados per c\u00e1pita del mundo.-<\/strong><\/li>\n\n\n\n<li><strong>Desaparici\u00f3n de familias enteras<\/strong> y la existencia de miles de hogares con un solo sobreviviente que reflejan un nivel de destrucci\u00f3n social sin precedentes.<\/li>\n\n\n\n<li><strong>Crisis sanitaria colapsada y en situaci\u00f3n catastr\u00f3fica<\/strong>, con consecuencias a largo plazo para la salud f\u00edsica y mental de toda una generaci\u00f3n.<\/li>\n\n\n\n<li><strong>Destrucci\u00f3n masiva de infraestructuras esenciales<\/strong>, lo cual no solo agrava la crisis actual, sino que pone en duda la posibilidad de recuperaci\u00f3n a corto o mediano plazo.<\/li>\n<\/ul>\n\n\n\n<p>Esta planificada y condenable destrucci\u00f3n no parece responder a necesidades militares, sino a una estrategia de aniquilaci\u00f3n de las condiciones m\u00ednimas para la vida digna y la reconstrucci\u00f3n futura de Gaza.<\/p>\n\n\n\n<p>Cada vez con mayor evidencia, una <strong>cat\u00e1strofe humanitaria masiva y un ataque sistem\u00e1tico contra la poblaci\u00f3n civil<\/strong>. Que bien cabe ser denunciado a Israel de cometer Genocidio.<\/p>\n\n\n\n<p><strong>Condenamos rotundamente esta situaci\u00f3n.<\/strong> No puede haber justificaci\u00f3n para la masacre de civiles, ni para la destrucci\u00f3n deliberada de las condiciones de vida de un pueblo entero. El derecho internacional humanitario existe precisamente para poner l\u00edmites a la barbarie y proteger a los m\u00e1s vulnerables, incluso \u2014y sobre todo\u2014 en tiempos de conflicto.<\/p>\n\n\n\n<p><strong>Pedimos un alto el fuego inmediato, la entrada sin restricciones de ayuda humanitaria y el inicio de un proceso serio de rendici\u00f3n de cuentas ante la comunidad internacional.<\/strong> Gaza no necesita m\u00e1s bombas. Necesita justicia, dignidad y la esperanza real de poder reconstruir una vida en paz.<\/p>\n\n\n\n<p class=\"has-black-color has-text-color has-link-color wp-elements-4e61da3bda60b1b09662f724f3e8e03f\"><strong>Consejo Ejecutivo Nacional de Fesprosa<\/strong><\/p>\n","protected":false},"excerpt":{"rendered":"<p>No podemos y no debemos, dejar de condenar con absoluta claridad y firmeza lo que est\u00e1 ocurriendo en Gaza.<\/p>\n","protected":false},"author":9,"featured_media":16958,"comment_status":"closed","ping_status":"closed","sticky":false,"template":"","format":"standard","meta":{"footnotes":""},"categories":[10,277],"tags":[],"class_list":{"0":"post-16957","1":"post","2":"type-post","3":"status-publish","4":"format-standard","5":"has-post-thumbnail","7":"category-noticias","8":"category-resoluciones-cen"},"_links":{"self":[{"href":"https:\/\/fesprosa.org.ar\/portal\/wp-json\/wp\/v2\/posts\/16957","targetHints":{"allow":["GET"]}}],"collection":[{"href":"https:\/\/fesprosa.org.ar\/portal\/wp-json\/wp\/v2\/posts"}],"about":[{"href":"https:\/\/fesprosa.org.ar\/portal\/wp-json\/wp\/v2\/types\/post"}],"author":[{"embeddable":true,"href":"https:\/\/fesprosa.org.ar\/portal\/wp-json\/wp\/v2\/users\/9"}],"replies":[{"embeddable":true,"href":"https:\/\/fesprosa.org.ar\/portal\/wp-json\/wp\/v2\/comments?post=16957"}],"version-history":[{"count":1,"href":"https:\/\/fesprosa.org.ar\/portal\/wp-json\/wp\/v2\/posts\/16957\/revisions"}],"predecessor-version":[{"id":16959,"href":"https:\/\/fesprosa.org.ar\/portal\/wp-json\/wp\/v2\/posts\/16957\/revisions\/16959"}],"wp:featuredmedia":[{"embeddable":true,"href":"https:\/\/fesprosa.org.ar\/portal\/wp-json\/wp\/v2\/media\/16958"}],"wp:attachment":[{"href":"https:\/\/fesprosa.org.ar\/portal\/wp-json\/wp\/v2\/media?parent=16957"}],"wp:term":[{"taxonomy":"category","embeddable":true,"href":"https:\/\/fesprosa.org.ar\/portal\/wp-json\/wp\/v2\/categories?post=16957"},{"taxonomy":"post_tag","embeddable":true,"href":"https:\/\/fesprosa.org.ar\/portal\/wp-json\/wp\/v2\/tags?post=16957"}],"curies":[{"name":"wp","href":"https:\/\/api.w.org\/{rel}","templated":true}]}}