{"id":16949,"date":"2025-07-20T23:19:20","date_gmt":"2025-07-20T23:19:20","guid":{"rendered":"https:\/\/fesprosa.org.ar\/portal\/?p=16949"},"modified":"2025-07-20T23:19:22","modified_gmt":"2025-07-20T23:19:22","slug":"la-justicia-confirmo-la-cautelar-que-presento-fesprosa-en-contra-del-articulo-que-cercena-el-derecho-a-huelga","status":"publish","type":"post","link":"https:\/\/fesprosa.org.ar\/portal\/la-justicia-confirmo-la-cautelar-que-presento-fesprosa-en-contra-del-articulo-que-cercena-el-derecho-a-huelga\/","title":{"rendered":"La Justicia confirm\u00f3 la cautelar que present\u00f3 Fesprosa en contra del art\u00edculo que cercena el derecho a huelga"},"content":{"rendered":"\n<p><strong>En una resoluci\u00f3n, los jueces Varela y Guisado volvieron a darle la raz\u00f3n a la Fesprosa en la cautelar contra el art\u00edculo 3 del DNU 340, que cercena el derecho a huelga.<\/strong><\/p>\n\n\n\n<figure class=\"wp-block-image size-large\"><a href=\"https:\/\/fesprosa.org.ar\/portal\/wp-content\/uploads\/2025\/07\/Noticias-20072025.jpg\"><img loading=\"lazy\" decoding=\"async\" width=\"1024\" height=\"576\" src=\"https:\/\/fesprosa.org.ar\/portal\/wp-content\/uploads\/2025\/07\/Noticias-20072025-1024x576.jpg\" alt=\"\" class=\"wp-image-16950\" srcset=\"https:\/\/fesprosa.org.ar\/portal\/wp-content\/uploads\/2025\/07\/Noticias-20072025-1024x576.jpg 1024w, https:\/\/fesprosa.org.ar\/portal\/wp-content\/uploads\/2025\/07\/Noticias-20072025-300x169.jpg 300w, https:\/\/fesprosa.org.ar\/portal\/wp-content\/uploads\/2025\/07\/Noticias-20072025-768x432.jpg 768w, https:\/\/fesprosa.org.ar\/portal\/wp-content\/uploads\/2025\/07\/Noticias-20072025-1536x864.jpg 1536w, https:\/\/fesprosa.org.ar\/portal\/wp-content\/uploads\/2025\/07\/Noticias-20072025.jpg 1600w\" sizes=\"auto, (max-width: 1024px) 100vw, 1024px\" \/><\/a><\/figure>\n\n\n\n<div style=\"height:10px\" aria-hidden=\"true\" class=\"wp-block-spacer\"><\/div>\n\n\n\n<p>La sentencia emitida el d\u00eda viernes confirm\u00f3 la cautelar presentada por la Fesprosa en la que se denuncia la inconstitucionalidad del art\u00edculo 3 del decreto 340, que cercena el derecho a huelga.<\/p>\n\n\n\n<p>La Federaci\u00f3n, representada por su presidenta, Mar\u00eda Fernanda Boriotti, justific\u00f3 su presentaci\u00f3n en que el art\u00edculo 3 del DNU 340 representa una \u201cafectaci\u00f3n manifiesta, ilegal y arbitraria del derecho de huelga, al principio de progresividad y al de libertad sindical, tutelados por los arts. 14 bis y 75 inc. 22 de la CN, as\u00ed como del Convenio N9 87 OIT\u201d, adem\u00e1s de otros pactos internacionales.<\/p>\n\n\n\n<p>Los jueces desestimaron el argumento del Poder Ejecutivo que cuestionaba la \u201cla aptitud jurisdiccional de este fuero\u201d y aquel que afirmaba que \u201cla resoluci\u00f3n resulta arbitraria\u201d. En la resoluci\u00f3n, la Justicia Nacional del Trabajo consider\u00f3 que es de su competencia \u201clas causas en las que tenga influencia decisiva la determinaci\u00f3n de cuestiones directamente vinculadas con aspectos individuales y colectivos de derecho del trabajo\u201d.<\/p>\n\n\n\n<p>Adem\u00e1s, los jueces citaron el art\u00edculo 99 inciso 3 de la Constituci\u00f3n, que dispone que \u201cEl Poder Ejecutivo no podr\u00e1 en ning\u00fan caso bajo pena de nulidad absoluta e insanable, emitir disposiciones de car\u00e1cter legislativo\u201d y que los \u00fanicos casos aceptables son aquellos en que el Congreso se encuentre imposibilitado de sesionar, algo que no se corrobora actualmente.<\/p>\n\n\n\n<p>Por \u00faltimo, los jueces consideraron que, de permitirse la vigencia del art\u00edculo 3 del DNU 340, \u201cest\u00e1n en juego derechos derivados de la libertad sindical, garantizados intensamente por la Constituci\u00f3n Nacional en el art. 14 bis y art. 75 inc. 22 que incluye el Pacto Internacional de Derechos Econ\u00f3micos, Sociales y Culturales, que remite al Convenio 87 de la OIT \u2013tambi\u00e9n ratificado por nuestro pa\u00eds-; y dem\u00e1s normativa aplicable\u201d.<\/p>\n\n\n\n<p>Con estos argumentos, la Sala IV de la C\u00e1mara Nacional de Apelaciones del Trabajo decidi\u00f3 mantener firme lo definido en primera instancia, es decir, suspender la aplicaci\u00f3n del art\u00edculo 3 del decreto 340.<\/p>\n\n\n\n<p>Esta nueva resoluci\u00f3n significa una nueva victoria de la Fesprosa en la defensa del derecho a huelga de todos los trabajadores y trabajadoras de la salud de la Rep\u00fablica Argentina.<\/p>\n","protected":false},"excerpt":{"rendered":"<p>En una resoluci\u00f3n, los jueces Varela y Guisado volvieron a darle la raz\u00f3n a la Fesprosa en la cautelar contra el art\u00edculo 3 del DNU 340, que cercena el derecho a huelga.<\/p>\n","protected":false},"author":9,"featured_media":16950,"comment_status":"closed","ping_status":"closed","sticky":false,"template":"","format":"standard","meta":{"footnotes":""},"categories":[6,10],"tags":[],"class_list":{"0":"post-16949","1":"post","2":"type-post","3":"status-publish","4":"format-standard","5":"has-post-thumbnail","7":"category-destacados-del-mes","8":"category-noticias"},"_links":{"self":[{"href":"https:\/\/fesprosa.org.ar\/portal\/wp-json\/wp\/v2\/posts\/16949","targetHints":{"allow":["GET"]}}],"collection":[{"href":"https:\/\/fesprosa.org.ar\/portal\/wp-json\/wp\/v2\/posts"}],"about":[{"href":"https:\/\/fesprosa.org.ar\/portal\/wp-json\/wp\/v2\/types\/post"}],"author":[{"embeddable":true,"href":"https:\/\/fesprosa.org.ar\/portal\/wp-json\/wp\/v2\/users\/9"}],"replies":[{"embeddable":true,"href":"https:\/\/fesprosa.org.ar\/portal\/wp-json\/wp\/v2\/comments?post=16949"}],"version-history":[{"count":1,"href":"https:\/\/fesprosa.org.ar\/portal\/wp-json\/wp\/v2\/posts\/16949\/revisions"}],"predecessor-version":[{"id":16951,"href":"https:\/\/fesprosa.org.ar\/portal\/wp-json\/wp\/v2\/posts\/16949\/revisions\/16951"}],"wp:featuredmedia":[{"embeddable":true,"href":"https:\/\/fesprosa.org.ar\/portal\/wp-json\/wp\/v2\/media\/16950"}],"wp:attachment":[{"href":"https:\/\/fesprosa.org.ar\/portal\/wp-json\/wp\/v2\/media?parent=16949"}],"wp:term":[{"taxonomy":"category","embeddable":true,"href":"https:\/\/fesprosa.org.ar\/portal\/wp-json\/wp\/v2\/categories?post=16949"},{"taxonomy":"post_tag","embeddable":true,"href":"https:\/\/fesprosa.org.ar\/portal\/wp-json\/wp\/v2\/tags?post=16949"}],"curies":[{"name":"wp","href":"https:\/\/api.w.org\/{rel}","templated":true}]}}