{"id":16790,"date":"2025-03-01T20:47:01","date_gmt":"2025-03-01T20:47:01","guid":{"rendered":"https:\/\/fesprosa.org.ar\/portal\/?p=16790"},"modified":"2025-03-01T20:47:03","modified_gmt":"2025-03-01T20:47:03","slug":"marcha-federal-por-la-salud-el-rechazo-al-ajuste-se-hizo-oir-en-todo-el-pais","status":"publish","type":"post","link":"https:\/\/fesprosa.org.ar\/portal\/marcha-federal-por-la-salud-el-rechazo-al-ajuste-se-hizo-oir-en-todo-el-pais\/","title":{"rendered":"Marcha Federal por la Salud: El rechazo al ajuste se hizo o\u00edr en todo el pa\u00eds"},"content":{"rendered":"\n<p>La jornada incluy\u00f3 reclamos salariales y protestas por recortes en medicamentos y tratamientos, por el vaciamiento de los hospitales y de los programas nacionales de salud. La movilizaci\u00f3n fue masiva en la Ciudad de Buenos Aires y finaliz\u00f3 con un acto en Plaza de Mayo.<\/p>\n\n\n\n<div style=\"height:10px\" aria-hidden=\"true\" class=\"wp-block-spacer\"><\/div>\n\n\n\n<figure class=\"wp-block-image size-large\"><a href=\"https:\/\/fesprosa.org.ar\/portal\/wp-content\/uploads\/2025\/03\/Noticias-01032025.jpg\"><img loading=\"lazy\" decoding=\"async\" width=\"1024\" height=\"683\" src=\"https:\/\/fesprosa.org.ar\/portal\/wp-content\/uploads\/2025\/03\/Noticias-01032025-1024x683.jpg\" alt=\"\" class=\"wp-image-16791\" srcset=\"https:\/\/fesprosa.org.ar\/portal\/wp-content\/uploads\/2025\/03\/Noticias-01032025-1024x683.jpg 1024w, https:\/\/fesprosa.org.ar\/portal\/wp-content\/uploads\/2025\/03\/Noticias-01032025-300x200.jpg 300w, https:\/\/fesprosa.org.ar\/portal\/wp-content\/uploads\/2025\/03\/Noticias-01032025-768x512.jpg 768w, https:\/\/fesprosa.org.ar\/portal\/wp-content\/uploads\/2025\/03\/Noticias-01032025-274x183.jpg 274w, https:\/\/fesprosa.org.ar\/portal\/wp-content\/uploads\/2025\/03\/Noticias-01032025-80x54.jpg 80w, https:\/\/fesprosa.org.ar\/portal\/wp-content\/uploads\/2025\/03\/Noticias-01032025-130x87.jpg 130w, https:\/\/fesprosa.org.ar\/portal\/wp-content\/uploads\/2025\/03\/Noticias-01032025-359x240.jpg 359w, https:\/\/fesprosa.org.ar\/portal\/wp-content\/uploads\/2025\/03\/Noticias-01032025-85x57.jpg 85w, https:\/\/fesprosa.org.ar\/portal\/wp-content\/uploads\/2025\/03\/Noticias-01032025-546x365.jpg 546w, https:\/\/fesprosa.org.ar\/portal\/wp-content\/uploads\/2025\/03\/Noticias-01032025-165x109.jpg 165w, https:\/\/fesprosa.org.ar\/portal\/wp-content\/uploads\/2025\/03\/Noticias-01032025-112x75.jpg 112w, https:\/\/fesprosa.org.ar\/portal\/wp-content\/uploads\/2025\/03\/Noticias-01032025-179x120.jpg 179w, https:\/\/fesprosa.org.ar\/portal\/wp-content\/uploads\/2025\/03\/Noticias-01032025-170x113.jpg 170w, https:\/\/fesprosa.org.ar\/portal\/wp-content\/uploads\/2025\/03\/Noticias-01032025-81x55.jpg 81w, https:\/\/fesprosa.org.ar\/portal\/wp-content\/uploads\/2025\/03\/Noticias-01032025-765x510.jpg 765w, https:\/\/fesprosa.org.ar\/portal\/wp-content\/uploads\/2025\/03\/Noticias-01032025.jpg 1536w\" sizes=\"auto, (max-width: 1024px) 100vw, 1024px\" \/><\/a><\/figure>\n\n\n\n<div style=\"height:10px\" aria-hidden=\"true\" class=\"wp-block-spacer\"><\/div>\n\n\n\n<p>El 27 de febrero por la tarde se realiz\u00f3 la Marcha Federal por la Salud P\u00fablica, en reclamo por la situaci\u00f3n de las distintas \u00e1reas que componen al sector, en crisis debido al ajuste y los recortes que impulsa el Gobierno nacional.<\/p>\n\n\n\n<p>Mas de cien organizaciones de profesionales, m\u00e9dicos y enfermeros, trabajadores, pacientes y usuarios marcharon en la ciudad de Buenos aires desde el ministerio, en el hist\u00f3rico edificio ubicado en Moreno y Nueve de Julio, hasta la Plaza de Mayo, donde se ley\u00f3 un documento detallando la gravedad de la situaci\u00f3n provocada por las pol\u00edticas de Milei y denunciando los despidos masivos de trabajadores de diferentes hospitales nacionales y de la cartera que encabeza Mario Lugones.<\/p>\n\n\n\n<figure class=\"wp-block-embed aligncenter is-type-rich is-provider-twitter wp-block-embed-twitter\"><div class=\"wp-block-embed__wrapper\">\n<blockquote class=\"twitter-tweet\" data-width=\"550\" data-dnt=\"true\"><p lang=\"es\" dir=\"ltr\">&quot;De esta manera no podemos seguir, trabajadores en forma precaria y usuarios y pacientes en riesgo&quot;, advierte <a href=\"https:\/\/twitter.com\/MFerBoriotti?ref_src=twsrc%5Etfw\">@MFerBoriotti<\/a>, presidenta de <a href=\"https:\/\/twitter.com\/Fesprosa?ref_src=twsrc%5Etfw\">@Fesprosa<\/a>, en la Marcha por la <a href=\"https:\/\/twitter.com\/hashtag\/SaludP%C3%BAblica?src=hash&amp;ref_src=twsrc%5Etfw\">#SaludP\u00fablica<\/a>. <br><br>Organizaciones y sindicatos se movilizaron desde el ministerio de <a href=\"https:\/\/twitter.com\/hashtag\/Salud?src=hash&amp;ref_src=twsrc%5Etfw\">#Salud<\/a> hasta Plaza de Mayo. <a href=\"https:\/\/t.co\/hCDCMPAOD9\">pic.twitter.com\/hCDCMPAOD9<\/a><\/p>&mdash; Canal Abierto (@canalabiertoar) <a href=\"https:\/\/twitter.com\/canalabiertoar\/status\/1895223678985814390?ref_src=twsrc%5Etfw\">February 27, 2025<\/a><\/blockquote><script async src=\"https:\/\/platform.twitter.com\/widgets.js\" charset=\"utf-8\"><\/script>\n<\/div><\/figure>\n\n\n\n<p>Fue convocada por la Asociaci\u00f3n de Profesionales y T\u00e9cnicos del Hospital Garrahan (APyT), despedidos del Ministerio y trabajadores de los hospitales Posadas, Laura Bonaparte y Sommer, juntas internas de ATE en los hospitales y organismos, sindicatos como Fesprosa y Cicop, as\u00ed como unas 100 organizaciones de la salud de todo el pa\u00eds.<\/p>\n\n\n\n<p>Desde el inicio de su gesti\u00f3n,&nbsp;<strong>La Libertad Avanza aplic\u00f3 una serie de pol\u00edticas de ajuste, como la reducci\u00f3n del 60% de la planta administrativa del Ministerio de Salud<\/strong>. El vocero presidencial, Manuel Adorni, celebr\u00f3 la medida como una \u201coptimizaci\u00f3n\u201d de aproximadamente 140.000 millones de pesos, pero desde los gremios alertaron que no fue otra cosa que una&nbsp;<strong>disminuci\u00f3n de la capacidad operativa de la cartera y la paralizaci\u00f3n de programas esenciales<\/strong>. &nbsp;<\/p>\n\n\n\n<p><strong>Uno de los sectores m\u00e1s afectados fue la Direcci\u00f3n de Respuesta al VIH, ITS, Hepatitis Virales y Tuberculosis con una disminuci\u00f3n presupuestaria del 76% en t\u00e9rminos reales<\/strong>&nbsp;(pas\u00f3 de 21 millones de pesos en 2023 a 23 millones proyectados para 2025). Desde las organizaciones civiles denuncian que se trata de&nbsp;<strong>\u201cun genocidio planificado\u201d<\/strong>&nbsp;debido a la&nbsp;escasez de medicamentos antirretrovirales, reactivos para pruebas de carga viral y preservativos en hospitales p\u00fablicos.&nbsp;<\/p>\n\n\n\n<p>El\u00a0<strong>Programa de Atenci\u00f3n M\u00e9dica Integral (PAMI)<\/strong>, que brinda cobertura a jubilados y pensionados, tambi\u00e9n se vio fuertemente afectado. En junio de 2024 se recort\u00f3 la cobertura del 100% en 44 medicamentos esenciales, incluyendo corticoides, antivirales, antibi\u00f3ticos y antiinflamatorios. Esta medida redujo significativamente el acceso a tratamientos necesarios para la poblaci\u00f3n mayor. \u00a0<\/p>\n\n\n\n<div style=\"height:100px\" aria-hidden=\"true\" class=\"wp-block-spacer\"><\/div>\n\n\n\n<p style=\"font-size:10px\"><a href=\"https:\/\/canalabierto.com.ar\/2025\/02\/28\/marcha-federal-por-la-salud-el-rechazo-al-ajuste-se-hizo-oir-en-todo-el-pais\/?sfnsn=scwspwa\">Fuente |  Canal Abierto<\/a><\/p>\n","protected":false},"excerpt":{"rendered":"<p>La jornada incluy\u00f3 reclamos salariales y protestas por recortes en medicamentos y tratamientos, por el vaciamiento de los hospitales y de los programas nacionales de salud. La movilizaci\u00f3n fue masiva en la Ciudad de Buenos Aires y finaliz\u00f3 con un acto en Plaza de Mayo.<\/p>\n","protected":false},"author":9,"featured_media":16791,"comment_status":"closed","ping_status":"closed","sticky":false,"template":"","format":"standard","meta":{"footnotes":""},"categories":[9,10,11],"tags":[],"class_list":{"0":"post-16790","1":"post","2":"type-post","3":"status-publish","4":"format-standard","5":"has-post-thumbnail","7":"category-movilizaciones","8":"category-noticias","9":"category-prensa"},"_links":{"self":[{"href":"https:\/\/fesprosa.org.ar\/portal\/wp-json\/wp\/v2\/posts\/16790","targetHints":{"allow":["GET"]}}],"collection":[{"href":"https:\/\/fesprosa.org.ar\/portal\/wp-json\/wp\/v2\/posts"}],"about":[{"href":"https:\/\/fesprosa.org.ar\/portal\/wp-json\/wp\/v2\/types\/post"}],"author":[{"embeddable":true,"href":"https:\/\/fesprosa.org.ar\/portal\/wp-json\/wp\/v2\/users\/9"}],"replies":[{"embeddable":true,"href":"https:\/\/fesprosa.org.ar\/portal\/wp-json\/wp\/v2\/comments?post=16790"}],"version-history":[{"count":2,"href":"https:\/\/fesprosa.org.ar\/portal\/wp-json\/wp\/v2\/posts\/16790\/revisions"}],"predecessor-version":[{"id":16793,"href":"https:\/\/fesprosa.org.ar\/portal\/wp-json\/wp\/v2\/posts\/16790\/revisions\/16793"}],"wp:featuredmedia":[{"embeddable":true,"href":"https:\/\/fesprosa.org.ar\/portal\/wp-json\/wp\/v2\/media\/16791"}],"wp:attachment":[{"href":"https:\/\/fesprosa.org.ar\/portal\/wp-json\/wp\/v2\/media?parent=16790"}],"wp:term":[{"taxonomy":"category","embeddable":true,"href":"https:\/\/fesprosa.org.ar\/portal\/wp-json\/wp\/v2\/categories?post=16790"},{"taxonomy":"post_tag","embeddable":true,"href":"https:\/\/fesprosa.org.ar\/portal\/wp-json\/wp\/v2\/tags?post=16790"}],"curies":[{"name":"wp","href":"https:\/\/api.w.org\/{rel}","templated":true}]}}