{"id":1574,"date":"2012-08-15T23:52:25","date_gmt":"2012-08-16T02:52:25","guid":{"rendered":"http:\/\/www.fesprosa.com.ar\/portal\/?p=1574"},"modified":"2012-08-15T23:52:25","modified_gmt":"2012-08-16T02:52:25","slug":"boletin-no-2012","status":"publish","type":"post","link":"https:\/\/fesprosa.org.ar\/portal\/boletin-no-2012\/","title":{"rendered":"BOLET\u00cdN N\u00ba 20\/12"},"content":{"rendered":"<p>Sumario de temas:<\/p>\n<p>-EDITORIAL<br \/>\nEntrevista de FESPROSA con Bustos Villar \u00bfCambia algo en el Ministerio de Salud?<\/p>\n<p>-SE PRESENTO EL PROYECTO DE LEY 82% PARA SALUD<br \/>\nImpulsan una ley previsional que beneficia a los trabajadores de la salud<\/p>\n<p>-SANTA FE<br \/>\nMovilizaci\u00f3n de Siprus al Ministerio de Salud<\/p>\n<p>-C\u00d3RDOBA<br \/>\nBrutal ataque de De la Sota a los derechos previsionales en C\u00f3rdoba<\/p>\n<p>-LA RIOJA<br \/>\nPrimer congreso de \u201cPol\u00edticas de salud para el siglo XXI\u201d<\/p>\n<p>-JUJUY<br \/>\nSeg\u00fan APUAP y Colegio M\u00e9dico<br \/>\nRecursos Humanos \u2013 Reclamos sin soluciones<\/p>\n<p>-SANTA CRUZ<br \/>\nAPROSA denunci\u00f3 que los m\u00e9dicos nuevos est\u00e1n 6 meses sin cobrar sus sueldos<\/p>\n<p>-TIERRA DEL FUEGO<br \/>\nFESPROSA contra el arancelamiento de la salud en Tierra del Fuego<\/p>\n<p>-PRODUCCI\u00d3N PUBLICA DE MEDICAMENTOS<br \/>\nLa ley no se reglamenta y proliferan los negocios<\/p>\n<p>-SOLIDARIDAD INTERNACIONAL<br \/>\nSuazilandia: Alto a la represi\u00f3n de los Empleados P\u00fablicos<\/p>\n<p>-ANEXO<br \/>\nMovilizaci\u00f3n en C\u00f3rdoba e informaci\u00f3n sobre Neuqu\u00e9n<\/p>\n<h3>Ver o descargar Bolet\u00edn N\u00ba20 a\u00f1o 2012<\/h3>\n<p><a href=\"http:\/\/fesprosa.org.ar\/portal\/wp-content\/uploads\/2012\/08\/BOLETIN-N\u00b0-20-15-081.pdf\"><img loading=\"lazy\" decoding=\"async\" class=\"aligncenter size-full wp-image-206\" title=\"click para descargar\" src=\"http:\/\/fesprosa.org.ar\/portal\/wp-content\/uploads\/2012\/01\/varios-051.jpg\" alt=\"\" width=\"621\" height=\"146\" \/><\/a><\/p>\n<div><\/div>\n<h3>Ver o descargar Anexo Bolet\u00edn N\u00ba20 a\u00f1o 2012<\/h3>\n<p><a href=\"http:\/\/fesprosa.org.ar\/portal\/wp-content\/uploads\/2012\/08\/BOLETIN-N\u00b0-20-SUPLEMENTO1.pdf\"><img loading=\"lazy\" decoding=\"async\" class=\"aligncenter size-full wp-image-206\" title=\"click para descargar\" src=\"http:\/\/fesprosa.org.ar\/portal\/wp-content\/uploads\/2012\/01\/varios-051.jpg\" alt=\"\" width=\"621\" height=\"146\" \/><\/a><\/p>\n<div><\/div>\n","protected":false},"excerpt":{"rendered":"<p>Sumario de temas: -EDITORIAL Entrevista de FESPROSA con Bustos Villar \u00bfCambia algo en el Ministerio de Salud? -SE PRESENTO EL PROYECTO DE LEY 82% PARA SALUD Impulsan una ley previsional que beneficia a los trabajadores de la salud -SANTA FE Movilizaci\u00f3n de Siprus al Ministerio de Salud -C\u00d3RDOBA Brutal ataque de De la Sota a &#8230;<\/p>\n","protected":false},"author":3,"featured_media":1579,"comment_status":"closed","ping_status":"closed","sticky":false,"template":"","format":"standard","meta":{"footnotes":""},"categories":[2,3,8,14],"tags":[],"class_list":{"0":"post-1574","1":"post","2":"type-post","3":"status-publish","4":"format-standard","5":"has-post-thumbnail","7":"category-boletines","8":"category-boletines-publicados","9":"category-galeria-slider","10":"category-ultimo-boletin"},"_links":{"self":[{"href":"https:\/\/fesprosa.org.ar\/portal\/wp-json\/wp\/v2\/posts\/1574","targetHints":{"allow":["GET"]}}],"collection":[{"href":"https:\/\/fesprosa.org.ar\/portal\/wp-json\/wp\/v2\/posts"}],"about":[{"href":"https:\/\/fesprosa.org.ar\/portal\/wp-json\/wp\/v2\/types\/post"}],"author":[{"embeddable":true,"href":"https:\/\/fesprosa.org.ar\/portal\/wp-json\/wp\/v2\/users\/3"}],"replies":[{"embeddable":true,"href":"https:\/\/fesprosa.org.ar\/portal\/wp-json\/wp\/v2\/comments?post=1574"}],"version-history":[{"count":0,"href":"https:\/\/fesprosa.org.ar\/portal\/wp-json\/wp\/v2\/posts\/1574\/revisions"}],"wp:featuredmedia":[{"embeddable":true,"href":"https:\/\/fesprosa.org.ar\/portal\/wp-json\/wp\/v2\/media\/1579"}],"wp:attachment":[{"href":"https:\/\/fesprosa.org.ar\/portal\/wp-json\/wp\/v2\/media?parent=1574"}],"wp:term":[{"taxonomy":"category","embeddable":true,"href":"https:\/\/fesprosa.org.ar\/portal\/wp-json\/wp\/v2\/categories?post=1574"},{"taxonomy":"post_tag","embeddable":true,"href":"https:\/\/fesprosa.org.ar\/portal\/wp-json\/wp\/v2\/tags?post=1574"}],"curies":[{"name":"wp","href":"https:\/\/api.w.org\/{rel}","templated":true}]}}