{"id":15375,"date":"2023-01-17T20:23:34","date_gmt":"2023-01-17T20:23:34","guid":{"rendered":"https:\/\/fesprosa.org.ar\/portal\/?p=15375"},"modified":"2023-01-17T20:23:36","modified_gmt":"2023-01-17T20:23:36","slug":"con-90-de-acatamiento-trabajadores-movilizaron-a-la-direccion-del-hospital-posadas","status":"publish","type":"post","link":"https:\/\/fesprosa.org.ar\/portal\/con-90-de-acatamiento-trabajadores-movilizaron-a-la-direccion-del-hospital-posadas\/","title":{"rendered":"Con 90% de acatamiento, trabajadores movilizaron a la Direcci\u00f3n del Hospital Posadas"},"content":{"rendered":"\n<p><strong>En la primera jornada del paro de 48 horas, los trabajadores no fueron recibidos porque no hab\u00eda ninguna autoridad del hospital y se frustr\u00f3 la expectativa de di\u00e1logo.<\/strong><\/p>\n\n\n\n<figure class=\"wp-block-image size-large\"><a href=\"https:\/\/fesprosa.org.ar\/portal\/wp-content\/uploads\/2023\/01\/Noticias-Blog-17012023.jpeg\"><img loading=\"lazy\" decoding=\"async\" width=\"1024\" height=\"768\" src=\"https:\/\/fesprosa.org.ar\/portal\/wp-content\/uploads\/2023\/01\/Noticias-Blog-17012023-1024x768.jpeg\" alt=\"\" class=\"wp-image-15376\" srcset=\"https:\/\/fesprosa.org.ar\/portal\/wp-content\/uploads\/2023\/01\/Noticias-Blog-17012023-1024x768.jpeg 1024w, https:\/\/fesprosa.org.ar\/portal\/wp-content\/uploads\/2023\/01\/Noticias-Blog-17012023-300x225.jpeg 300w, https:\/\/fesprosa.org.ar\/portal\/wp-content\/uploads\/2023\/01\/Noticias-Blog-17012023-768x576.jpeg 768w, https:\/\/fesprosa.org.ar\/portal\/wp-content\/uploads\/2023\/01\/Noticias-Blog-17012023-1536x1152.jpeg 1536w, https:\/\/fesprosa.org.ar\/portal\/wp-content\/uploads\/2023\/01\/Noticias-Blog-17012023.jpeg 1600w\" sizes=\"auto, (max-width: 1024px) 100vw, 1024px\" \/><\/a><\/figure>\n\n\n\n<p>Las y los trabajadores del Hospital Posadas iniciaron la primera jornada de paro con un 90% de acatamiento y una movilizaci\u00f3n la Direcci\u00f3n del Hospital. No hab\u00eda ninguna autoridad que los recibiera y esto frustr\u00f3 la expectativa de di\u00e1logo.<\/p>\n\n\n\n<p>Ma\u00f1ana habr\u00e1 una asamblea general a partir de las 10 donde se decidir\u00e1n los pr\u00f3ximos pasos a seguir en el plan de lucha.&nbsp;&nbsp;<\/p>\n\n\n\n<p>Cabe recordar que la medida se da por respuestas insuficientes de parte del Ministerio de la Naci\u00f3n y de las autoridades mismas del Posadas al reclamo sostenido durante todo 2022.<\/p>\n\n\n\n<p>Lo que reclaman es un aumento salarial por fuera de la paritaria \u2013dado que la misma fue insuficiente-; un bono de $100.000, (s\u00f3lo dieron $30.000); recategorizaciones de los sectores profesionales y no profesionales del hospital; licencias especiales; y pases a planta.<\/p>\n","protected":false},"excerpt":{"rendered":"<p>En la primera jornada del paro de 48 horas, los trabajadores no fueron recibidos porque no hab\u00eda ninguna autoridad del hospital y se frustr\u00f3 la expectativa de di\u00e1logo.<\/p>\n","protected":false},"author":9,"featured_media":15376,"comment_status":"closed","ping_status":"closed","sticky":false,"template":"","format":"standard","meta":{"footnotes":""},"categories":[254,10],"tags":[],"class_list":{"0":"post-15375","1":"post","2":"type-post","3":"status-publish","4":"format-standard","5":"has-post-thumbnail","7":"category-buenos-aires","8":"category-noticias"},"_links":{"self":[{"href":"https:\/\/fesprosa.org.ar\/portal\/wp-json\/wp\/v2\/posts\/15375","targetHints":{"allow":["GET"]}}],"collection":[{"href":"https:\/\/fesprosa.org.ar\/portal\/wp-json\/wp\/v2\/posts"}],"about":[{"href":"https:\/\/fesprosa.org.ar\/portal\/wp-json\/wp\/v2\/types\/post"}],"author":[{"embeddable":true,"href":"https:\/\/fesprosa.org.ar\/portal\/wp-json\/wp\/v2\/users\/9"}],"replies":[{"embeddable":true,"href":"https:\/\/fesprosa.org.ar\/portal\/wp-json\/wp\/v2\/comments?post=15375"}],"version-history":[{"count":0,"href":"https:\/\/fesprosa.org.ar\/portal\/wp-json\/wp\/v2\/posts\/15375\/revisions"}],"wp:featuredmedia":[{"embeddable":true,"href":"https:\/\/fesprosa.org.ar\/portal\/wp-json\/wp\/v2\/media\/15376"}],"wp:attachment":[{"href":"https:\/\/fesprosa.org.ar\/portal\/wp-json\/wp\/v2\/media?parent=15375"}],"wp:term":[{"taxonomy":"category","embeddable":true,"href":"https:\/\/fesprosa.org.ar\/portal\/wp-json\/wp\/v2\/categories?post=15375"},{"taxonomy":"post_tag","embeddable":true,"href":"https:\/\/fesprosa.org.ar\/portal\/wp-json\/wp\/v2\/tags?post=15375"}],"curies":[{"name":"wp","href":"https:\/\/api.w.org\/{rel}","templated":true}]}}