{"id":1508,"date":"2012-08-01T12:24:36","date_gmt":"2012-08-01T15:24:36","guid":{"rendered":"http:\/\/www.fesprosa.com.ar\/portal\/?p=1508"},"modified":"2012-08-01T12:24:36","modified_gmt":"2012-08-01T15:24:36","slug":"paran-manana-profesionales-de-salud-santafesinos-y-fesprosa-se-suma-a-la-movilizacion","status":"publish","type":"post","link":"https:\/\/fesprosa.org.ar\/portal\/paran-manana-profesionales-de-salud-santafesinos-y-fesprosa-se-suma-a-la-movilizacion\/","title":{"rendered":"Paran ma\u00f1ana profesionales de salud santafesinos y fesprosa se suma a la movilizacion"},"content":{"rendered":"<p>La Federaci\u00f3n Sindical de Profesionales de la Salud (FESPROSA), que lidera Jorge Yabkowski, participar\u00e1 ma\u00f1ana en la movilizaci\u00f3n convocada en Santa Fe por el Sindicato de Profesionales Universitarios de la Salud (SIPRUS) hacia la cartera sanitaria, en la ciudad de Rosario, en el marco de un paro de 24 horas decidido por diversos reclamos.<\/p>\n<p>Los representantes de los 27.000 profesionales y trabajadores de la salud de todo el pa\u00eds, nucleados en la FESPROSA, sesionar\u00e1n el pr\u00f3ximo s\u00e1bado en Santa Fe en \u00abapoyo solidario\u00bb de los reclamos del SIPRUS y aprobar\u00e1n nuevas medidas de apoyo nacional a \u00abla lucha de los profesionales provinciales\u00bb, indic\u00f3 un comunicado.<\/p>\n<p>La titular del gremio provincial, Mar\u00eda Boriotti, detall\u00f3 que la medida de fuerza se realizar\u00e1 en reclamo de \u00abla reapertura de la paritaria sectorial, el pase a planta de contratados e interinos, la implementaci\u00f3n de un escalaf\u00f3n que jerarquice la carrera profesional y la devoluci\u00f3n de los descuentos por d\u00edas de paro\u00bb.<\/p>\n<p>Boriotti inst\u00f3 al Ministerio de Salud santafecino a considerar \u00abel pliego de reclamos y a negociar de inmediato y sin condiciones para superar un conflicto que ya tiene cuatro meses, durante los cuales los trabajadores no recibieron respuesta alguna de las autoridades\u00bb. (T\u00e9lam)<\/p>\n","protected":false},"excerpt":{"rendered":"<p>La Federaci\u00f3n Sindical de Profesionales de la Salud (FESPROSA), que lidera Jorge Yabkowski, participar\u00e1 ma\u00f1ana en la movilizaci\u00f3n convocada en Santa Fe por el Sindicato de Profesionales Universitarios de la Salud (SIPRUS) hacia la cartera sanitaria, en la ciudad de Rosario, en el marco de un paro de 24 horas decidido por diversos reclamos. Los &#8230;<\/p>\n","protected":false},"author":3,"featured_media":0,"comment_status":"closed","ping_status":"closed","sticky":false,"template":"","format":"standard","meta":{"footnotes":""},"categories":[11],"tags":[185],"class_list":{"0":"post-1508","1":"post","2":"type-post","3":"status-publish","4":"format-standard","6":"category-prensa","7":"tag-telam"},"_links":{"self":[{"href":"https:\/\/fesprosa.org.ar\/portal\/wp-json\/wp\/v2\/posts\/1508","targetHints":{"allow":["GET"]}}],"collection":[{"href":"https:\/\/fesprosa.org.ar\/portal\/wp-json\/wp\/v2\/posts"}],"about":[{"href":"https:\/\/fesprosa.org.ar\/portal\/wp-json\/wp\/v2\/types\/post"}],"author":[{"embeddable":true,"href":"https:\/\/fesprosa.org.ar\/portal\/wp-json\/wp\/v2\/users\/3"}],"replies":[{"embeddable":true,"href":"https:\/\/fesprosa.org.ar\/portal\/wp-json\/wp\/v2\/comments?post=1508"}],"version-history":[{"count":0,"href":"https:\/\/fesprosa.org.ar\/portal\/wp-json\/wp\/v2\/posts\/1508\/revisions"}],"wp:attachment":[{"href":"https:\/\/fesprosa.org.ar\/portal\/wp-json\/wp\/v2\/media?parent=1508"}],"wp:term":[{"taxonomy":"category","embeddable":true,"href":"https:\/\/fesprosa.org.ar\/portal\/wp-json\/wp\/v2\/categories?post=1508"},{"taxonomy":"post_tag","embeddable":true,"href":"https:\/\/fesprosa.org.ar\/portal\/wp-json\/wp\/v2\/tags?post=1508"}],"curies":[{"name":"wp","href":"https:\/\/api.w.org\/{rel}","templated":true}]}}