{"id":14897,"date":"2022-09-15T16:54:55","date_gmt":"2022-09-15T16:54:55","guid":{"rendered":"https:\/\/fesprosa.org.ar\/portal\/?p=14897"},"modified":"2022-09-15T19:07:24","modified_gmt":"2022-09-15T19:07:24","slug":"14897-2","status":"publish","type":"post","link":"https:\/\/fesprosa.org.ar\/portal\/14897-2\/","title":{"rendered":"Paro y movilizaci\u00f3n en La Rioja"},"content":{"rendered":"\n<p>En el marco del paro de 96 horas en La Rioja encabezado por APROSLAR, el secretario general de Fesprosa, Jorge Yabkowski, acompa\u00f1a la movilizaci\u00f3n al Hospital de la Madre y el Ni\u00f1o.<\/p>\n\n\n\n<p> <strong>La lucha por recomposici\u00f3n salarial no cesa.<\/strong><\/p>\n\n\n\n<figure class=\"wp-block-image size-full is-resized\"><a href=\"https:\/\/fesprosa.org.ar\/portal\/wp-content\/uploads\/2022\/09\/Noticias-Twitter-15092022_1.jpg\"><img loading=\"lazy\" decoding=\"async\" src=\"https:\/\/fesprosa.org.ar\/portal\/wp-content\/uploads\/2022\/09\/Noticias-Twitter-15092022_1.jpg\" alt=\"\" class=\"wp-image-14898\" width=\"839\" height=\"571\" srcset=\"https:\/\/fesprosa.org.ar\/portal\/wp-content\/uploads\/2022\/09\/Noticias-Twitter-15092022_1.jpg 557w, https:\/\/fesprosa.org.ar\/portal\/wp-content\/uploads\/2022\/09\/Noticias-Twitter-15092022_1-300x204.jpg 300w, https:\/\/fesprosa.org.ar\/portal\/wp-content\/uploads\/2022\/09\/Noticias-Twitter-15092022_1-80x54.jpg 80w, https:\/\/fesprosa.org.ar\/portal\/wp-content\/uploads\/2022\/09\/Noticias-Twitter-15092022_1-130x87.jpg 130w, https:\/\/fesprosa.org.ar\/portal\/wp-content\/uploads\/2022\/09\/Noticias-Twitter-15092022_1-85x57.jpg 85w, https:\/\/fesprosa.org.ar\/portal\/wp-content\/uploads\/2022\/09\/Noticias-Twitter-15092022_1-112x75.jpg 112w, https:\/\/fesprosa.org.ar\/portal\/wp-content\/uploads\/2022\/09\/Noticias-Twitter-15092022_1-576x392.jpg 576w, https:\/\/fesprosa.org.ar\/portal\/wp-content\/uploads\/2022\/09\/Noticias-Twitter-15092022_1-333x227.jpg 333w, https:\/\/fesprosa.org.ar\/portal\/wp-content\/uploads\/2022\/09\/Noticias-Twitter-15092022_1-81x55.jpg 81w\" sizes=\"auto, (max-width: 839px) 100vw, 839px\" \/><\/a><\/figure>\n\n\n\n<figure class=\"wp-block-gallery has-nested-images columns-default is-cropped wp-block-gallery-1 is-layout-flex wp-block-gallery-is-layout-flex\">\n<figure class=\"wp-block-image size-large\"><a href=\"https:\/\/fesprosa.org.ar\/portal\/wp-content\/uploads\/2022\/09\/Noticias-Twitter-15092022_2.jpeg\"><img loading=\"lazy\" decoding=\"async\" width=\"1024\" height=\"576\" data-id=\"14899\" src=\"https:\/\/fesprosa.org.ar\/portal\/wp-content\/uploads\/2022\/09\/Noticias-Twitter-15092022_2-1024x576.jpeg\" alt=\"\" class=\"wp-image-14899\" srcset=\"https:\/\/fesprosa.org.ar\/portal\/wp-content\/uploads\/2022\/09\/Noticias-Twitter-15092022_2-1024x576.jpeg 1024w, https:\/\/fesprosa.org.ar\/portal\/wp-content\/uploads\/2022\/09\/Noticias-Twitter-15092022_2-300x169.jpeg 300w, https:\/\/fesprosa.org.ar\/portal\/wp-content\/uploads\/2022\/09\/Noticias-Twitter-15092022_2-768x432.jpeg 768w, https:\/\/fesprosa.org.ar\/portal\/wp-content\/uploads\/2022\/09\/Noticias-Twitter-15092022_2.jpeg 1280w\" sizes=\"auto, (max-width: 1024px) 100vw, 1024px\" \/><\/a><\/figure>\n\n\n\n<figure class=\"wp-block-image size-large\"><a href=\"https:\/\/fesprosa.org.ar\/portal\/wp-content\/uploads\/2022\/09\/Noticias-Twitter-15092022_3.jpeg\"><img loading=\"lazy\" decoding=\"async\" width=\"1024\" height=\"576\" data-id=\"14900\" src=\"https:\/\/fesprosa.org.ar\/portal\/wp-content\/uploads\/2022\/09\/Noticias-Twitter-15092022_3-1024x576.jpeg\" alt=\"\" class=\"wp-image-14900\" srcset=\"https:\/\/fesprosa.org.ar\/portal\/wp-content\/uploads\/2022\/09\/Noticias-Twitter-15092022_3-1024x576.jpeg 1024w, https:\/\/fesprosa.org.ar\/portal\/wp-content\/uploads\/2022\/09\/Noticias-Twitter-15092022_3-300x169.jpeg 300w, https:\/\/fesprosa.org.ar\/portal\/wp-content\/uploads\/2022\/09\/Noticias-Twitter-15092022_3-768x432.jpeg 768w, https:\/\/fesprosa.org.ar\/portal\/wp-content\/uploads\/2022\/09\/Noticias-Twitter-15092022_3-1536x864.jpeg 1536w, https:\/\/fesprosa.org.ar\/portal\/wp-content\/uploads\/2022\/09\/Noticias-Twitter-15092022_3.jpeg 1600w\" sizes=\"auto, (max-width: 1024px) 100vw, 1024px\" \/><\/a><\/figure>\n\n\n\n<figure class=\"wp-block-image size-large\"><a href=\"https:\/\/fesprosa.org.ar\/portal\/wp-content\/uploads\/2022\/09\/Noticias-Twitter-15092022_4.jpeg\"><img loading=\"lazy\" decoding=\"async\" width=\"1024\" height=\"576\" data-id=\"14901\" src=\"https:\/\/fesprosa.org.ar\/portal\/wp-content\/uploads\/2022\/09\/Noticias-Twitter-15092022_4-1024x576.jpeg\" alt=\"\" class=\"wp-image-14901\" srcset=\"https:\/\/fesprosa.org.ar\/portal\/wp-content\/uploads\/2022\/09\/Noticias-Twitter-15092022_4-1024x576.jpeg 1024w, https:\/\/fesprosa.org.ar\/portal\/wp-content\/uploads\/2022\/09\/Noticias-Twitter-15092022_4-300x169.jpeg 300w, https:\/\/fesprosa.org.ar\/portal\/wp-content\/uploads\/2022\/09\/Noticias-Twitter-15092022_4-768x432.jpeg 768w, https:\/\/fesprosa.org.ar\/portal\/wp-content\/uploads\/2022\/09\/Noticias-Twitter-15092022_4-1536x864.jpeg 1536w, https:\/\/fesprosa.org.ar\/portal\/wp-content\/uploads\/2022\/09\/Noticias-Twitter-15092022_4.jpeg 1600w\" sizes=\"auto, (max-width: 1024px) 100vw, 1024px\" \/><\/a><\/figure>\n\n\n\n<figure class=\"wp-block-image size-large\"><a href=\"https:\/\/fesprosa.org.ar\/portal\/wp-content\/uploads\/2022\/09\/Noticias-Twitter-15092022_5.jpeg\"><img loading=\"lazy\" decoding=\"async\" width=\"1024\" height=\"576\" data-id=\"14902\" src=\"https:\/\/fesprosa.org.ar\/portal\/wp-content\/uploads\/2022\/09\/Noticias-Twitter-15092022_5-1024x576.jpeg\" alt=\"\" class=\"wp-image-14902\" srcset=\"https:\/\/fesprosa.org.ar\/portal\/wp-content\/uploads\/2022\/09\/Noticias-Twitter-15092022_5-1024x576.jpeg 1024w, https:\/\/fesprosa.org.ar\/portal\/wp-content\/uploads\/2022\/09\/Noticias-Twitter-15092022_5-300x169.jpeg 300w, https:\/\/fesprosa.org.ar\/portal\/wp-content\/uploads\/2022\/09\/Noticias-Twitter-15092022_5-768x432.jpeg 768w, https:\/\/fesprosa.org.ar\/portal\/wp-content\/uploads\/2022\/09\/Noticias-Twitter-15092022_5-1536x864.jpeg 1536w, https:\/\/fesprosa.org.ar\/portal\/wp-content\/uploads\/2022\/09\/Noticias-Twitter-15092022_5.jpeg 1600w\" sizes=\"auto, (max-width: 1024px) 100vw, 1024px\" \/><\/a><\/figure>\n<\/figure>\n","protected":false},"excerpt":{"rendered":"<p>En el marco del paro de 96 horas en La Rioja encabezado por APROSLAR, el secretario general de Fesprosa, Jorge Yabkowski, acompa\u00f1a la movilizaci\u00f3n al Hospital de la Madre y el Ni\u00f1o.<\/p>\n","protected":false},"author":9,"featured_media":14898,"comment_status":"closed","ping_status":"closed","sticky":false,"template":"","format":"standard","meta":{"footnotes":""},"categories":[267,9,10],"tags":[],"class_list":{"0":"post-14897","1":"post","2":"type-post","3":"status-publish","4":"format-standard","5":"has-post-thumbnail","7":"category-la-rioja","8":"category-movilizaciones","9":"category-noticias"},"_links":{"self":[{"href":"https:\/\/fesprosa.org.ar\/portal\/wp-json\/wp\/v2\/posts\/14897","targetHints":{"allow":["GET"]}}],"collection":[{"href":"https:\/\/fesprosa.org.ar\/portal\/wp-json\/wp\/v2\/posts"}],"about":[{"href":"https:\/\/fesprosa.org.ar\/portal\/wp-json\/wp\/v2\/types\/post"}],"author":[{"embeddable":true,"href":"https:\/\/fesprosa.org.ar\/portal\/wp-json\/wp\/v2\/users\/9"}],"replies":[{"embeddable":true,"href":"https:\/\/fesprosa.org.ar\/portal\/wp-json\/wp\/v2\/comments?post=14897"}],"version-history":[{"count":0,"href":"https:\/\/fesprosa.org.ar\/portal\/wp-json\/wp\/v2\/posts\/14897\/revisions"}],"wp:featuredmedia":[{"embeddable":true,"href":"https:\/\/fesprosa.org.ar\/portal\/wp-json\/wp\/v2\/media\/14898"}],"wp:attachment":[{"href":"https:\/\/fesprosa.org.ar\/portal\/wp-json\/wp\/v2\/media?parent=14897"}],"wp:term":[{"taxonomy":"category","embeddable":true,"href":"https:\/\/fesprosa.org.ar\/portal\/wp-json\/wp\/v2\/categories?post=14897"},{"taxonomy":"post_tag","embeddable":true,"href":"https:\/\/fesprosa.org.ar\/portal\/wp-json\/wp\/v2\/tags?post=14897"}],"curies":[{"name":"wp","href":"https:\/\/api.w.org\/{rel}","templated":true}]}}