{"id":14523,"date":"2022-04-18T23:42:16","date_gmt":"2022-04-18T23:42:16","guid":{"rendered":"https:\/\/fesprosa.org.ar\/portal\/?p=14523"},"modified":"2022-04-18T23:42:17","modified_gmt":"2022-04-18T23:42:17","slug":"acciones-de-lucha-de-cara-al-congreso-nacional-de-fesprosa","status":"publish","type":"post","link":"https:\/\/fesprosa.org.ar\/portal\/acciones-de-lucha-de-cara-al-congreso-nacional-de-fesprosa\/","title":{"rendered":"Acciones de lucha de cara al congreso nacional de Fesprosa"},"content":{"rendered":"\n<h6 class=\"wp-block-heading\">lunes, 18 de abril de 2022<\/h6>\n\n\n\n<figure class=\"wp-block-image size-full\"><a href=\"https:\/\/fesprosa.org.ar\/portal\/wp-content\/uploads\/2022\/04\/Captura-1.jpg\"><img loading=\"lazy\" decoding=\"async\" width=\"945\" height=\"553\" src=\"https:\/\/fesprosa.org.ar\/portal\/wp-content\/uploads\/2022\/04\/Captura-1.jpg\" alt=\"\" class=\"wp-image-14524\" srcset=\"https:\/\/fesprosa.org.ar\/portal\/wp-content\/uploads\/2022\/04\/Captura-1.jpg 945w, https:\/\/fesprosa.org.ar\/portal\/wp-content\/uploads\/2022\/04\/Captura-1-300x176.jpg 300w, https:\/\/fesprosa.org.ar\/portal\/wp-content\/uploads\/2022\/04\/Captura-1-768x449.jpg 768w\" sizes=\"auto, (max-width: 945px) 100vw, 945px\" \/><\/a><\/figure>\n\n\n\n<p><em>Las provincias encabezan paros en reclamo por mejoras salariales. La Federaci\u00f3n sigue exigiendo la Paritaria Nacional de Salud.<\/em><\/p>\n\n\n\n<p>Este martes comienza el paro de 48 horas en Neuqu\u00e9n, encabezado por SIPROSAPUNE Fesprosa. Exigen el tratamiento y sanci\u00f3n de la Ley de Carrera Profesional, y ser incluidos en la mesa de di\u00e1logo salarial. \u201cSomos los leg\u00edtimos representantes de los trabajadores profesionales de salud p\u00fablica, exigimos a las autoridades que accedan a dialogar y no se contin\u00fae con esta situaci\u00f3n de segregaci\u00f3n\u201d, se\u00f1alaron.<\/p>\n\n\n\n<p>En Rio Negro, ASSPUR Fesprosa tambi\u00e9n llevar\u00e1 a cabo un par\u00f3 de 24 horas el martes 19. El jueves 21 habr\u00e1 cierre de jornada de lucha en el hospital de Choele Choel. Las medidas son en rechazo del aumento salarial de 24% dictado por el gobierno provincial.<\/p>\n\n\n\n<p>En Chaco, APTASCH Fesprosa concretar\u00e1 su quinta semana consecutiva con paro y concentraci\u00f3n el mi\u00e9rcoles 20 a partir de las 10 en el Hospital Perrando. Entre los principales puntos que movilizan el paro, se destacan las vinculadas a la cuesti\u00f3n salarial, como la falta de convocatoria a negociaciones paritarias sectoriales de Salud P\u00fablica para tratar salarios y condiciones laborales; y el rechazo a la pauta salarial definida por el gobierno por ser insuficiente y haberse realizado a espalda de los trabajadores.<\/p>\n\n\n\n<p>El Consejo Ejecutivo Nacional de Fesprosa acompa\u00f1a y apoya todas las medidas de sus delegaciones. Tambi\u00e9n anunci\u00f3 un congreso nacional para el viernes 22 donde discutir\u00e1 medidas de lucha frente al deterioro salarial y la falta de respuestas del Gobierno nacional ante el reclamo de la Paritaria Nacional de Salud.<\/p>\n","protected":false},"excerpt":{"rendered":"<p>lunes, 18 de abril de 2022 Las provincias encabezan paros en reclamo por mejoras salariales. La Federaci\u00f3n sigue exigiendo la Paritaria Nacional de Salud. Este martes comienza el paro de 48 horas en Neuqu\u00e9n, encabezado por SIPROSAPUNE Fesprosa. Exigen el tratamiento y sanci\u00f3n de la Ley de Carrera Profesional, y ser incluidos en la mesa &#8230;<\/p>\n","protected":false},"author":8,"featured_media":14524,"comment_status":"closed","ping_status":"closed","sticky":false,"template":"","format":"standard","meta":{"footnotes":""},"categories":[10],"tags":[],"class_list":{"0":"post-14523","1":"post","2":"type-post","3":"status-publish","4":"format-standard","5":"has-post-thumbnail","7":"category-noticias"},"_links":{"self":[{"href":"https:\/\/fesprosa.org.ar\/portal\/wp-json\/wp\/v2\/posts\/14523","targetHints":{"allow":["GET"]}}],"collection":[{"href":"https:\/\/fesprosa.org.ar\/portal\/wp-json\/wp\/v2\/posts"}],"about":[{"href":"https:\/\/fesprosa.org.ar\/portal\/wp-json\/wp\/v2\/types\/post"}],"author":[{"embeddable":true,"href":"https:\/\/fesprosa.org.ar\/portal\/wp-json\/wp\/v2\/users\/8"}],"replies":[{"embeddable":true,"href":"https:\/\/fesprosa.org.ar\/portal\/wp-json\/wp\/v2\/comments?post=14523"}],"version-history":[{"count":0,"href":"https:\/\/fesprosa.org.ar\/portal\/wp-json\/wp\/v2\/posts\/14523\/revisions"}],"wp:featuredmedia":[{"embeddable":true,"href":"https:\/\/fesprosa.org.ar\/portal\/wp-json\/wp\/v2\/media\/14524"}],"wp:attachment":[{"href":"https:\/\/fesprosa.org.ar\/portal\/wp-json\/wp\/v2\/media?parent=14523"}],"wp:term":[{"taxonomy":"category","embeddable":true,"href":"https:\/\/fesprosa.org.ar\/portal\/wp-json\/wp\/v2\/categories?post=14523"},{"taxonomy":"post_tag","embeddable":true,"href":"https:\/\/fesprosa.org.ar\/portal\/wp-json\/wp\/v2\/tags?post=14523"}],"curies":[{"name":"wp","href":"https:\/\/api.w.org\/{rel}","templated":true}]}}