{"id":14140,"date":"2021-07-12T19:33:31","date_gmt":"2021-07-12T19:33:31","guid":{"rendered":"https:\/\/fesprosa.org.ar\/portal\/?p=14140"},"modified":"2021-07-12T19:33:40","modified_gmt":"2021-07-12T19:33:40","slug":"despues-de-una-jornada-nacional-exitosa-en-20-provincias-fesprosa-apoya-medidas-provinciales-y-convoca-a-su-conduccion-nacional","status":"publish","type":"post","link":"https:\/\/fesprosa.org.ar\/portal\/despues-de-una-jornada-nacional-exitosa-en-20-provincias-fesprosa-apoya-medidas-provinciales-y-convoca-a-su-conduccion-nacional\/","title":{"rendered":"Despu\u00e9s de una jornada nacional exitosa en 20 provincias, Fesprosa apoya medidas provinciales y convoca a su conducci\u00f3n nacional"},"content":{"rendered":"\n<p>lunes, 12 de julio de 2021<\/p>\n\n\n\n<h3 class=\"wp-block-heading\"><em>Los d\u00edas 7 y 8 de julio, Fesprosa concret\u00f3 una Jornada Nacional de Lucha con paros y movilizaciones en veinte provincias que tuvieron enorme repercusi\u00f3n en todos los sistemas de salud.<\/em><\/h3>\n\n\n\n<figure class=\"wp-block-image size-large\"><a href=\"https:\/\/fesprosa.org.ar\/portal\/wp-content\/uploads\/2021\/07\/tucuman.jpg\"><img loading=\"lazy\" decoding=\"async\" width=\"960\" height=\"640\" src=\"https:\/\/fesprosa.org.ar\/portal\/wp-content\/uploads\/2021\/07\/tucuman.jpg\" alt=\"\" class=\"wp-image-14141\" srcset=\"https:\/\/fesprosa.org.ar\/portal\/wp-content\/uploads\/2021\/07\/tucuman.jpg 960w, https:\/\/fesprosa.org.ar\/portal\/wp-content\/uploads\/2021\/07\/tucuman-300x200.jpg 300w, https:\/\/fesprosa.org.ar\/portal\/wp-content\/uploads\/2021\/07\/tucuman-768x512.jpg 768w, https:\/\/fesprosa.org.ar\/portal\/wp-content\/uploads\/2021\/07\/tucuman-274x183.jpg 274w, https:\/\/fesprosa.org.ar\/portal\/wp-content\/uploads\/2021\/07\/tucuman-80x54.jpg 80w, https:\/\/fesprosa.org.ar\/portal\/wp-content\/uploads\/2021\/07\/tucuman-130x87.jpg 130w, https:\/\/fesprosa.org.ar\/portal\/wp-content\/uploads\/2021\/07\/tucuman-359x240.jpg 359w, https:\/\/fesprosa.org.ar\/portal\/wp-content\/uploads\/2021\/07\/tucuman-85x57.jpg 85w, https:\/\/fesprosa.org.ar\/portal\/wp-content\/uploads\/2021\/07\/tucuman-546x365.jpg 546w, https:\/\/fesprosa.org.ar\/portal\/wp-content\/uploads\/2021\/07\/tucuman-165x109.jpg 165w, https:\/\/fesprosa.org.ar\/portal\/wp-content\/uploads\/2021\/07\/tucuman-112x75.jpg 112w, https:\/\/fesprosa.org.ar\/portal\/wp-content\/uploads\/2021\/07\/tucuman-179x120.jpg 179w, https:\/\/fesprosa.org.ar\/portal\/wp-content\/uploads\/2021\/07\/tucuman-170x113.jpg 170w, https:\/\/fesprosa.org.ar\/portal\/wp-content\/uploads\/2021\/07\/tucuman-81x55.jpg 81w, https:\/\/fesprosa.org.ar\/portal\/wp-content\/uploads\/2021\/07\/tucuman-765x510.jpg 765w\" sizes=\"auto, (max-width: 960px) 100vw, 960px\" \/><\/a><\/figure>\n\n\n\n<p>La presidenta de Fesprosa, Mar\u00eda Fernanda Boriotti, se\u00f1al\u00f3 que dicha jornada \u201cfue la demostraci\u00f3n de que el medio mill\u00f3n de trabajadores de la salud p\u00fablica est\u00e1n no solo agotados por el trabajo en la pandemia, sino tambi\u00e9n por la falta de reconocimiento del Estado, por el atraso salarial, y la falta de protecci\u00f3n a los trabajadores\u201d.<\/p>\n\n\n\n<p>\u201cEs necesario un viraje radical en las pol\u00edticas p\u00fablicas del Estado nacional, las provincias y los municipios para revalorizar y proteger a los trabajadores de la salud\u201d, agreg\u00f3 Boriotti.<\/p>\n\n\n\n<p>A posteriori de la jornada, el 9 de julio se produjo una masiva movilizaci\u00f3n de profesionales acompa\u00f1ados por la comunidad en la provincia de Mendoza, con un pliego de reclamos centrado en la magra oferta salarial que el gobernador Su\u00e1rez realiz\u00f3 a los profesionales de la salud.<\/p>\n\n\n\n<p>El martes 13 se producir\u00e1 un paro general en el sistema de salud de la Ciudad Aut\u00f3noma de Buenos Aires en reclamo por la reapertura de paritarias para reparar el atraso salarial, as\u00ed como un pliego de reivindicaciones laborales y de condiciones de trabajo que incluya el conjunto de los estamentos del sistema de salud.<\/p>\n\n\n\n<p>El mi\u00e9rcoles 14, la APS Fesprosa Matanza encabeza una movilizaci\u00f3n multisectorial por un sueldo digno, el fin de la precarizaci\u00f3n laboral, y el cumplimiento de la ley 14.656 de Carrera Municipal Administrativa y Profesional Hospitalaria.<\/p>\n\n\n\n<p>La Fesprosa se ha dirigido solidariamente a las organizaciones convocantes, manifestando su apoyo y convoc\u00e1ndolas nuevamente a construir una potente jornada nacional unificada de lucha de todos los trabajadores de salud del pa\u00eds.<\/p>\n\n\n\n<p>El viernes 16, el Comit\u00e9 Ejecutivo Nacional de la Federaci\u00f3n se reunir\u00e1 para evaluar la situaci\u00f3n y decidir los pr\u00f3ximos pasos a seguir.\u00a0<\/p>\n\n\n\n<div style=\"height:469px\" aria-hidden=\"true\" class=\"wp-block-spacer\"><\/div>\n","protected":false},"excerpt":{"rendered":"<p>lunes, 12 de julio de 2021 Los d\u00edas 7 y 8 de julio, Fesprosa concret\u00f3 una Jornada Nacional de Lucha con paros y movilizaciones en veinte provincias que tuvieron enorme repercusi\u00f3n en todos los sistemas de salud. La presidenta de Fesprosa, Mar\u00eda Fernanda Boriotti, se\u00f1al\u00f3 que dicha jornada \u201cfue la demostraci\u00f3n de que el medio &#8230;<\/p>\n","protected":false},"author":4,"featured_media":14141,"comment_status":"closed","ping_status":"closed","sticky":false,"template":"","format":"standard","meta":{"footnotes":""},"categories":[10],"tags":[],"class_list":{"0":"post-14140","1":"post","2":"type-post","3":"status-publish","4":"format-standard","5":"has-post-thumbnail","7":"category-noticias"},"_links":{"self":[{"href":"https:\/\/fesprosa.org.ar\/portal\/wp-json\/wp\/v2\/posts\/14140","targetHints":{"allow":["GET"]}}],"collection":[{"href":"https:\/\/fesprosa.org.ar\/portal\/wp-json\/wp\/v2\/posts"}],"about":[{"href":"https:\/\/fesprosa.org.ar\/portal\/wp-json\/wp\/v2\/types\/post"}],"author":[{"embeddable":true,"href":"https:\/\/fesprosa.org.ar\/portal\/wp-json\/wp\/v2\/users\/4"}],"replies":[{"embeddable":true,"href":"https:\/\/fesprosa.org.ar\/portal\/wp-json\/wp\/v2\/comments?post=14140"}],"version-history":[{"count":0,"href":"https:\/\/fesprosa.org.ar\/portal\/wp-json\/wp\/v2\/posts\/14140\/revisions"}],"wp:featuredmedia":[{"embeddable":true,"href":"https:\/\/fesprosa.org.ar\/portal\/wp-json\/wp\/v2\/media\/14141"}],"wp:attachment":[{"href":"https:\/\/fesprosa.org.ar\/portal\/wp-json\/wp\/v2\/media?parent=14140"}],"wp:term":[{"taxonomy":"category","embeddable":true,"href":"https:\/\/fesprosa.org.ar\/portal\/wp-json\/wp\/v2\/categories?post=14140"},{"taxonomy":"post_tag","embeddable":true,"href":"https:\/\/fesprosa.org.ar\/portal\/wp-json\/wp\/v2\/tags?post=14140"}],"curies":[{"name":"wp","href":"https:\/\/api.w.org\/{rel}","templated":true}]}}