{"id":14132,"date":"2021-07-07T15:53:51","date_gmt":"2021-07-07T15:53:51","guid":{"rendered":"https:\/\/fesprosa.org.ar\/portal\/?p=14132"},"modified":"2021-07-07T15:53:58","modified_gmt":"2021-07-07T15:53:58","slug":"salud-comienza-la-jornada-nacional-de-lucha-de-48-horas","status":"publish","type":"post","link":"https:\/\/fesprosa.org.ar\/portal\/salud-comienza-la-jornada-nacional-de-lucha-de-48-horas\/","title":{"rendered":"Salud: Comienza la jornada nacional de lucha de 48 horas"},"content":{"rendered":"\n<p class=\"has-text-align-right\">mi\u00e9rcoles, 7 de julio de 2021<\/p>\n\n\n\n<h3 class=\"wp-block-heading\"><em>Con paros en Chaco y La Rioja, y concentraciones en C\u00f3rdoba y Tucum\u00e1n se inicia el primer d\u00eda de la jornada de lucha por una paritaria nacional de salud.<\/em><\/h3>\n\n\n\n<figure class=\"wp-block-image size-large\"><a href=\"https:\/\/fesprosa.org.ar\/portal\/wp-content\/uploads\/2021\/07\/sisap.jpg\"><img loading=\"lazy\" decoding=\"async\" width=\"960\" height=\"535\" src=\"https:\/\/fesprosa.org.ar\/portal\/wp-content\/uploads\/2021\/07\/sisap.jpg\" alt=\"\" class=\"wp-image-14133\" srcset=\"https:\/\/fesprosa.org.ar\/portal\/wp-content\/uploads\/2021\/07\/sisap.jpg 960w, https:\/\/fesprosa.org.ar\/portal\/wp-content\/uploads\/2021\/07\/sisap-300x167.jpg 300w, https:\/\/fesprosa.org.ar\/portal\/wp-content\/uploads\/2021\/07\/sisap-768x428.jpg 768w\" sizes=\"auto, (max-width: 960px) 100vw, 960px\" \/><\/a><\/figure>\n\n\n\n<p>Fesprosa y m\u00e1s de 40 organizaciones de 20 provincias convocaron a una Jornada Nacional de Lucha para hoy y ma\u00f1ana. El lema central es reparar la deuda con las y los trabajadores de salud, la reapertura de paritarias y la convocatoria a la paritaria nacional de salud.<\/p>\n\n\n\n<p>El personal del sistema de salud p\u00fablico sostiene m\u00e1s de 1.600 hospitales y 7.000 unidades sanitarias en 24 provincias. Atiende el 90% de los accidentes y llega donde la medicina del lucro no. Son la primera l\u00ednea frente a la pandemia, pero uno de cada cuatro trabaja en negro.<\/p>\n\n\n\n<p>En la jornada tambi\u00e9n se reclama por la desprecarizaci\u00f3n laboral de los trabajadores, el cobro inmediato del bono, y el cese de la represi\u00f3n y persecuci\u00f3n contra los trabajadores de la salud que protestan, en particular en las provincias de C\u00f3rdoba, Tucum\u00e1n y R\u00edo Negro.<\/p>\n\n\n\n<p>La semana comenz\u00f3 con la puesta de una carpa en el Hospital del la Madre y el Ni\u00f1o por tiempo indeterminado en La Rioja. Al no ser atendidos por el gobernador, este martes llamaron a un paro provincial y acciones diarias de 10 a 12, y un acampe por tiempo indeterminado. Adem\u00e1s, habr\u00e1 caravana de autos el mi\u00e9rcoles 7 y olla popular el jueves 8.<\/p>\n\n\n\n<p>Tambi\u00e9n hubo una movilizaci\u00f3n frente a la Casa de Gobierno en La Pampa, reclamando por salarios, paritarias y condiciones de trabajo.<\/p>\n\n\n\n<p>Hoy contin\u00faa el paro de 72 horas de paro en Chaco. Reclaman que APTASCH Fesprosa no fue incluido en la mesa t\u00e9cnica convocada por el Ministerio de Econom\u00eda, para este mi\u00e9rcoles 7 de julio, para tratar salarios y condiciones de trabajo.<\/p>\n\n\n\n<p>El 7 y 8, todas las organizaciones confluir\u00e1n en distintas acciones. Hoy habr\u00e1 movilizaci\u00f3n frente a la Maternidad provincial de C\u00f3rdoba y en la ciudad de Alta Gracia; y paro con movilizaci\u00f3n frente a la Casa de Gobierno en Tucum\u00e1n.<\/p>\n\n\n\n<p>En tanto, el 8 habr\u00e1 jornada provincial con paros y movilizaciones en todos los hospitales de R\u00edo Negro. Santa Fe har\u00e1 lo propio con movilizaciones en Santa Fe, Rosario y Reconquista.<\/p>\n\n\n\n<p>Desde el lunes tambi\u00e9n se realizan acciones con movilizaci\u00f3n al Ministerio de Salud de Rawson en Chubut que culminar\u00e1 con movilizaci\u00f3n general de hoy y ma\u00f1ana en toda la provincia.<\/p>\n\n\n\n<p>Tambi\u00e9n se producir\u00e1n acciones en CABA, Buenos Aires, San Luis, San Juan, Mendoza, Tierra del Fuego y Catamarca.<\/p>\n\n\n\n<p>En el Encuentro Nacional del viernes 2, hubo amplia coincidencia en que los gobiernos, tanto nacional, provincial y municipal, mantienen el doble discurso frente a los trabajadores de la salud. Por un lado aplauden y agradecen, y por el otro mantienen condiciones de trabajo que llevan al agotamiento de los equipos, bajos salarios, trabajo precario, en muchos lugares con acoso y represi\u00f3n a quienes reclaman, y sin una convocatoria a la paritaria nacional de salud, instrumento para fijar un piso de derechos para el medio mill\u00f3n de trabajadores de la salud p\u00fablica que le est\u00e1 haciendo frente a la etapa m\u00e1s dura de la pandemia.&nbsp;<\/p>\n","protected":false},"excerpt":{"rendered":"<p>mi\u00e9rcoles, 7 de julio de 2021 Con paros en Chaco y La Rioja, y concentraciones en C\u00f3rdoba y Tucum\u00e1n se inicia el primer d\u00eda de la jornada de lucha por una paritaria nacional de salud. Fesprosa y m\u00e1s de 40 organizaciones de 20 provincias convocaron a una Jornada Nacional de Lucha para hoy y ma\u00f1ana. &#8230;<\/p>\n","protected":false},"author":4,"featured_media":14133,"comment_status":"closed","ping_status":"closed","sticky":false,"template":"","format":"standard","meta":{"footnotes":""},"categories":[10],"tags":[],"class_list":{"0":"post-14132","1":"post","2":"type-post","3":"status-publish","4":"format-standard","5":"has-post-thumbnail","7":"category-noticias"},"_links":{"self":[{"href":"https:\/\/fesprosa.org.ar\/portal\/wp-json\/wp\/v2\/posts\/14132","targetHints":{"allow":["GET"]}}],"collection":[{"href":"https:\/\/fesprosa.org.ar\/portal\/wp-json\/wp\/v2\/posts"}],"about":[{"href":"https:\/\/fesprosa.org.ar\/portal\/wp-json\/wp\/v2\/types\/post"}],"author":[{"embeddable":true,"href":"https:\/\/fesprosa.org.ar\/portal\/wp-json\/wp\/v2\/users\/4"}],"replies":[{"embeddable":true,"href":"https:\/\/fesprosa.org.ar\/portal\/wp-json\/wp\/v2\/comments?post=14132"}],"version-history":[{"count":0,"href":"https:\/\/fesprosa.org.ar\/portal\/wp-json\/wp\/v2\/posts\/14132\/revisions"}],"wp:featuredmedia":[{"embeddable":true,"href":"https:\/\/fesprosa.org.ar\/portal\/wp-json\/wp\/v2\/media\/14133"}],"wp:attachment":[{"href":"https:\/\/fesprosa.org.ar\/portal\/wp-json\/wp\/v2\/media?parent=14132"}],"wp:term":[{"taxonomy":"category","embeddable":true,"href":"https:\/\/fesprosa.org.ar\/portal\/wp-json\/wp\/v2\/categories?post=14132"},{"taxonomy":"post_tag","embeddable":true,"href":"https:\/\/fesprosa.org.ar\/portal\/wp-json\/wp\/v2\/tags?post=14132"}],"curies":[{"name":"wp","href":"https:\/\/api.w.org\/{rel}","templated":true}]}}