{"id":1308,"date":"2012-07-04T21:06:18","date_gmt":"2012-07-05T00:06:18","guid":{"rendered":"http:\/\/www.fesprosa.com.ar\/portal\/?p=1308"},"modified":"2012-07-04T21:06:18","modified_gmt":"2012-07-05T00:06:18","slug":"piden-al-gobierno-nacional-solventar-el-pago-de-los-aguinaldos-bonaerenses","status":"publish","type":"post","link":"https:\/\/fesprosa.org.ar\/portal\/piden-al-gobierno-nacional-solventar-el-pago-de-los-aguinaldos-bonaerenses\/","title":{"rendered":"Piden al gobierno nacional solventar el pago de los aguinaldos bonaerenses"},"content":{"rendered":"<p>Viviana Garc\u00eda, titular de la CICOP asegur\u00f3 que el Poder Ejecutivo \u00abest\u00e1 actuando irresponsablemente\u00bb con el distrito provincial. \u00abTiene que darle lo que corresponde a la provincia\u00bb, solicit\u00f3.<\/p>\n<p>La dirigente gremial, cuyo sindicato tambi\u00e9n se suma a los paros por el pago del aguinaldo en cuatro cuotas, se mostr\u00f3 disgustada por la situaci\u00f3n que est\u00e1n atravesando los empleados estatales. \u201cSomos rehenes de la interna del Gobierno\u201d, declar\u00f3 en Radio 10.<\/p>\n<p>\u201cSi bien Scioli ha aplicado pol\u00edticas de ajuste ya desde el a\u00f1o pasado votando un presupuesto con una reducci\u00f3n muy importante en pol\u00edticas sociales, (y estableciendo) un aumento considerable de pago para deuda p\u00fablica, el gobierno nacional tambi\u00e9n est\u00e1 actuando irresponsablemente con la provincia de Buenos Aires, que es la m\u00e1s grande del pa\u00eds y que recauda un 40% de los impuestos (nacionales)\u201d, explic\u00f3 Garc\u00eda.<\/p>\n<p>\u201cEl ajuste se ve reflejado en la suspensi\u00f3n de la obra p\u00fablica, los hospitales vienen deterior\u00e1ndose durante a\u00f1os. Tenemos faltantes por las (trabas a las) importaciones. No hay algod\u00f3n\u201d, argument\u00f3 la titular de la Asociaci\u00f3n Sindical de Profesionales de la Salud de la provincia de Buenos Aires.<\/p>\n<p>Sin embargo, si bien la dirigente consider\u00f3 que las responsabilidades para garantizar el pago del Sueldo Anual Complementario \u201cson compartidas\u201d, ponder\u00f3 que la llave del conflicto estar\u00eda en manos de la administraci\u00f3n de la presidente Cristina Kirchner.<\/p>\n<p>\u201cCreemos que el gobierno nacional tiene que darle lo que corresponde a la provincia\u201d, solicit\u00f3, y agreg\u00f3: \u201cTiene recursos para dar lo que debe y poder as\u00ed solventar los pagos de los trabajadores\u201d.<\/p>\n<p>Pero la referente de la CICOP no es optimista en torno a c\u00f3mo se resolver\u00e1 el conflicto. \u201cPor lo que estamos viendo, esto no tiene arreglo\u201d, sentenci\u00f3.<\/p>\n","protected":false},"excerpt":{"rendered":"<p>Viviana Garc\u00eda, titular de la CICOP asegur\u00f3 que el Poder Ejecutivo \u00abest\u00e1 actuando irresponsablemente\u00bb con el distrito provincial. \u00abTiene que darle lo que corresponde a la provincia\u00bb, solicit\u00f3. La dirigente gremial, cuyo sindicato tambi\u00e9n se suma a los paros por el pago del aguinaldo en cuatro cuotas, se mostr\u00f3 disgustada por la situaci\u00f3n que est\u00e1n &#8230;<\/p>\n","protected":false},"author":3,"featured_media":0,"comment_status":"closed","ping_status":"closed","sticky":false,"template":"","format":"standard","meta":{"footnotes":""},"categories":[11],"tags":[96],"class_list":{"0":"post-1308","1":"post","2":"type-post","3":"status-publish","4":"format-standard","6":"category-prensa","7":"tag-infobae"},"_links":{"self":[{"href":"https:\/\/fesprosa.org.ar\/portal\/wp-json\/wp\/v2\/posts\/1308","targetHints":{"allow":["GET"]}}],"collection":[{"href":"https:\/\/fesprosa.org.ar\/portal\/wp-json\/wp\/v2\/posts"}],"about":[{"href":"https:\/\/fesprosa.org.ar\/portal\/wp-json\/wp\/v2\/types\/post"}],"author":[{"embeddable":true,"href":"https:\/\/fesprosa.org.ar\/portal\/wp-json\/wp\/v2\/users\/3"}],"replies":[{"embeddable":true,"href":"https:\/\/fesprosa.org.ar\/portal\/wp-json\/wp\/v2\/comments?post=1308"}],"version-history":[{"count":0,"href":"https:\/\/fesprosa.org.ar\/portal\/wp-json\/wp\/v2\/posts\/1308\/revisions"}],"wp:attachment":[{"href":"https:\/\/fesprosa.org.ar\/portal\/wp-json\/wp\/v2\/media?parent=1308"}],"wp:term":[{"taxonomy":"category","embeddable":true,"href":"https:\/\/fesprosa.org.ar\/portal\/wp-json\/wp\/v2\/categories?post=1308"},{"taxonomy":"post_tag","embeddable":true,"href":"https:\/\/fesprosa.org.ar\/portal\/wp-json\/wp\/v2\/tags?post=1308"}],"curies":[{"name":"wp","href":"https:\/\/api.w.org\/{rel}","templated":true}]}}