{"id":1304,"date":"2012-07-04T21:03:06","date_gmt":"2012-07-05T00:03:06","guid":{"rendered":"http:\/\/www.fesprosa.com.ar\/portal\/?p=1304"},"modified":"2012-07-04T21:03:06","modified_gmt":"2012-07-05T00:03:06","slug":"25-000-companeros-rechazaron-la-politica-de-ajuste-del-gobierno","status":"publish","type":"post","link":"https:\/\/fesprosa.org.ar\/portal\/25-000-companeros-rechazaron-la-politica-de-ajuste-del-gobierno\/","title":{"rendered":"25.000 compa\u00f1eros rechazaron la pol\u00edtica de ajuste del Gobierno"},"content":{"rendered":"<p>Desde las primeras horas del d\u00eda (de ayer) y desde diferentes puntos de la Provincia, miles de compa\u00f1eros llegaron hasta La Plata para decir basta a la pol\u00edtica de ajuste del gobierno provincial y nacional. Con banderas y pancartas de todos colores, los trabajadores provinciales mostraron su malestar ante el anuncio del desdoblamiento del pago del aguinaldo, medida que provoc\u00f3 un rechazo generalizado en la administraci\u00f3n central y en todas las dependencias del Estado que mostraron una categ\u00f3rica ausencia en los lugares de trabajo.<\/p>\n<p>Adem\u00e1s de la movilizaci\u00f3n a la ciudad de La Plata, tambi\u00e9n se realizaron diferentes protestas y cortes de rutas en distintos lugares de la Provincia, como fueron los casos de Punta Alta, Bah\u00eda Blanca, Tandil, entre otros.<\/p>\n<p>Entre los manifestantes, que \u201cbancaron\u201d la jornada de lucha, durante varias horas, bajo una lluvia intensa, hab\u00eda militantes de ATE, CICOP, APL, AJB, docentes de SUTEBA y del Centro de Jubilados, adem\u00e1s de organizaciones sociales, que integran la CTA provincia de Buenos Aires -que a nivel nacional conduce Pablo Micheli-.<\/p>\n<p>Entre las presencias destacadas estaban, junto a Micheli, Ricardo Peidro, Jorge Jabkowski, Dar\u00edo Perillo y Julio Ortellado, secretario Adjunto, de Salud Laboral, de Organizaci\u00f3n y Director de Organizaci\u00f3n de la CTA Nacional, respectivamente. Tambi\u00e9n participaron los dirigentes nacionales de ATE \u00abBeto\u00bb Galeano, Silvia Le\u00f3n, Silvia Guill\u00e9n, Jos\u00e9 Luis Matassa (ATE Capital Federal); Claudio Villanueva; V\u00edctor Mendibil (FJA); Rita Liempre (diputada del FAP); y Vilama Ripoll (MST).<\/p>\n<p>Adem\u00e1s, la plaza estuvo colmada, pese a la lluvia, por banderas de las seccionales de ATE Ensenada, General Paz, Berazategui, Jos\u00e9 C. Paz, San Mart\u00edn, Moreno, Avellaneda, Chascom\u00fas, Hurlingham e Ituzaing\u00f3, Tres de Febrero, Berisso, La Matanza, San Miguel, Lan\u00fas, Ezeiza-Esteban Echeverr\u00eda, Florencio Varela; seccionales de SUTEBA Quilmes, Berazategui, Marcos Paz: de la Constituyente Social, MJyD, Hospital de Ni\u00f1os, Ministerio de Justicia y Seguridad, CTA Regional La Plata y Ensenada, CICOP, Juventud ARS, IPS, Movimiento Justicia y Libertad, APL, AJB, CCC, Centro de Jubilados, PCR, MAB, Hosital Alejandro Korn, las \u00e1reas de ATE Auxiliares de Educaci\u00f3n, \u00e1rea Administrativa, Salud, Ni\u00f1ez, Sindicato Policial, MST, FULP, trabajadores de la subsecretar\u00eda de DD.HH., Polo Obrero, Hospital Noel Sbarra, FAP, Radio Provincia, PTS, MAS, FEB.<\/p>\n<p>\u201cHoy ratificamos la guerra al ajuste\u201d<br \/>\nOscar \u201cColo\u201d de Isasi, secretario general de ATE Provincia de Buenos Aires, abri\u00f3 el acto en Plaza San Mart\u00edn se\u00f1alando que \u201cya lo anunciamos el 27 en el d\u00eda del trabajador, esa misma masividad me permite tomarme la atribuci\u00f3n de decirle al Se\u00f1or Gobernador que es un atrevido, al decirnos que lo tenemos que comprender. Ac\u00e1 no ha habido un terremoto, ni ninguna otra cat\u00e1strofe clim\u00e1tica, ac\u00e1 hubo una decisi\u00f3n a finales de 2011 cuando se envi\u00f3 el proyecto a la Legislatura, disminuyendo las partidas de personal y de pol\u00edticas sociales\u201d.<\/p>\n<p>\u201cNo se\u00f1or gobernador, no lo vamos a comprender. Entendemos que se transform\u00f3 los votos recibidos el 23 de octubre en una estrategia para ejecutar el ajuste, sobre la espalda de los trabajadores bonaerenses y los sectores m\u00e1s vulnerables\u201d, continu\u00f3 diciendo de Isasi.<\/p>\n<p>En ese sentido, se\u00f1al\u00f3 que \u201cpor eso, porque sabemos que quiere seguir protegiendo a los poderosos, estafando el voto popular es que tantos compa\u00f1eros se vinieron desde distancias lejanas, docentes que rompieron la valla del disciplinamiento del gobierno nacional y se vinieron a caminar con nosotros, y no ha hacer una formalidad en la Casa de la Provincia\u201d.<\/p>\n<p>Y remarc\u00f3, \u201choy ratificamos la guerra al ajuste y convocamos a la unidad del resto de los trabajadores y de las organizaciones sociales de toda la Provincia, para que no siga avanzando el ajuste\u201d.<\/p>\n<p>El titular de ATE, adem\u00e1s aclar\u00f3 que \u201cmientras nos piden comprensi\u00f3n, nosotros pedimos seriedad y responsabilidad. Ahora descubren que hay una mala administraci\u00f3n, que necesitan m\u00e1s coparticipaci\u00f3n y lo descubren hace cuatro d\u00edas. Nosotros exigimos que no se desdoble el aguinaldo, ni que se dude del pago de sueldos, que se reabran las paritarias, que se le eliminen los topes, eliminaci\u00f3n del impuesto a las ganancias, fin trabajo negro la eliminaci\u00f3n de la ley11 757, paritaria a los municipales, una ley de transporte por agua para el desarrollo de nuestra pol\u00edtica naval, y el 82 por ciento m\u00f3vil para nuestros jubilados\u201d.<\/p>\n<p>Por \u00faltimo, exigi\u00f3 que \u201cal gobernador y a la presidente que, en lugar de llevarse puesto a los bonaerenses, discutan la coparticipaci\u00f3n que nos corresponde, y que hagan una verdadera reforma impositiva, que grave a los ricos, para distribuirlo a los pobres. En la Argentina se puede, Si no lo quieren hacer es otra cosa. Nosotros construiremos la rebeli\u00f3n necesaria para que s\u00ed se haga\u201d.<\/p>\n<p>\u201cSi no hay respuestas a nuestras demandas volveremos a la calle\u201d<br \/>\nHugo \u201cCachorro\u201d Godoy, dirigente de CTA Provincia de Buenos Aires y secretario adjunto de ATE Naci\u00f3n, comenz\u00f3 diciendo que \u201ca pesar de la lluvia, los compa\u00f1eros y las compa\u00f1eras bancan ac\u00e1 en la plaza, porque como dec\u00eda Carlitos Cajade, cuando estamos en la calle no hay ninguna lluvia que nos pare a los trabajadores porque sentimos que Dios nos est\u00e1 bendiciendo porque peleamos por la justicia\u201d.<\/p>\n<p>Adem\u00e1s valoriz\u00f3 la importancia de los trabajadores \u201clos principales protagonistas de esta jornada han sido las compa\u00f1eras y los j\u00f3venes que son los pilares de las lucha de las nuevas generaciones que no nos van a nos van a disciplinar\u201d.<\/p>\n<p>En ese sentido, \u201cCachorro\u201d Godoy se\u00f1al\u00f3 que \u201chay una rebeli\u00f3n en la Provincia porque hay una rebeli\u00f3n en marcha en todo el territorio nacional. El Gobierno Nacional nos quiere imponer un ajuste y los gobernadores son c\u00f3mplices de ese ajuste\u201d.<\/p>\n<p>Y agreg\u00f3, \u201ccuando viene la rebeli\u00f3n, con los trabajadores marchando por sus derechos, nos quieren mandar la represi\u00f3n con polic\u00edas y gendarmes o quieren utilizar a la polic\u00eda contra la democracia como hicieron en Ecuador y en Bolivia, pero nosotros decimos que los polic\u00edas son trabajadores y tienen el derecho a organizarse sindicalmente, no quieren ser mano de obra del garrote y que no los usen con otros fines ante sus hermanos trabajadores\u201d.<\/p>\n<p>En otro orden, sostuv\u00f3 que \u201cquiero agradecer a las organizaciones sociales porque ellos est\u00e1n padeciendo, hace ya tres a\u00f1os, se vienen recortando los planes sociales del ministerio y en los hospitales y las unidades sanitarias no tienen recursos\u201d.<\/p>\n<p>Tampoco dejar pasar la oportunidad para remarcar que \u201cuna vez m\u00e1s, las calles de toda la Provincia demuestran que hay una sola CTA, independiente de los gobiernos y de los patrones, como garant\u00eda de unidad de todos los trabajadores y hoy lo demostramos en esta plaza.\u201d<\/p>\n<p>Por \u00faltimo, dej\u00f3 sentada las bases para la continuidad de la lucha \u201casumimos un compromiso y una decisi\u00f3n: ma\u00f1ana se va a reunir la conducci\u00f3n de ATE, CICOP, de los judiciales y de la CTA de la Provincia para discutir que si no hay soluciones el plan de lucha se multiplicar\u00e1, no s\u00f3lo en la Provincia, tambi\u00e9n a nivel nacional. La semana que viene estaremos todos en la calle si no hay respuesta a nuestra demanda, porque la fuerza est\u00e1 en la capacidad de organizarse para construir un pa\u00eds para todos los argentinos\u201d.<\/p>\n<p>\u201cSi no pagan el aguinaldo completo, van a tener una plaza como en el 2001\u201d<br \/>\nHugo Amor, presidente de CICOP, se\u00f1al\u00f3 que \u201ces una jornada hist\u00f3rica porque, una vez mas, hemos parado todos los hospitales de la provincia de Buenos Aires\u201d.<\/p>\n<p>En esa sinton\u00eda, sostuvo que \u201cel gobierno de Scioli ha tomada la decisi\u00f3n que rebals\u00f3 el vaso, por eso hemos para toda la Provincia. Pero tambi\u00e9n repudiamos al vicegobernador que se hace el distra\u00eddo como responsables del ajuste y al gobierno nacional, que no le da los fondos a la Provincia, y esta decisi\u00f3n pol\u00edtica ha acelerado el ajuste, pero los trabajadores no nos vamos a quedar cruzados de brazos\u201d.<\/p>\n<p>Adem\u00e1s, exclam\u00f3 que \u201csi no pagan el aguinaldo completo, van a tener un plaza como en el 2001, porque los trabajadores estatales, para lograr nos devuelvan la plata, tenemos que tener m\u00e1s unidad y seguir luchando\u201d.<\/p>\n<p>\u201cOdian a los trabajadores y nos consideran un gasto\u201d<br \/>\nHugo Blasco, secretario general de la Asociaci\u00f3n Judicial Bonaerense sostuvo que \u201ces un orgullo poder compartir con todos ustedes esta jornada de lucha, con infinidades de actos y movilizaciones en toda la Provincia, que est\u00e1n llevando a cabo miles de trabajadores en repudio al gobierno que lleva adelante este ajuste\u201d.<\/p>\n<p>Luego explic\u00f3 la situaci\u00f3n que acarrea los trabajadores judiciales \u201cvenimos llevando adelante un conflicto de m\u00e1s de tres meses y la respuesta del gobierno fue cerrar la discusi\u00f3n colectiva y nos mandaron la polic\u00eda para hacernos inteligencia, adem\u00e1s dictaron una conciliaci\u00f3n obligatoria inconstitucional que cuenta con la anuencia y complicidad de los jueces de la provincia de buenos aires, y descuentos que llegaron a que algunos compa\u00f1eros cobren algunos pesos\u201d.<\/p>\n<p>En respuesta, Blasco se\u00f1al\u00f3 que \u201ca pesar de eso no nos pueden derrotar, seguimos dando la pelea en el lugar de trabajo, en las calles y en las plazas, porque nuestra condici\u00f3n de clase trabajadora tiene algo que nos permite, que es la dignidad para enfrentar a cualquiera\u201d.<\/p>\n<p>Adem\u00e1s, consider\u00f3 que \u201csi hay algo que se siguen reproduciendo son estos t\u00edteres del poder que contin\u00faan con las recetas de siempre. Ac\u00e1 se cacarea mucho que se odia al neoliberalismo, pero a los que odian son a los trabajadores que nos consideran un gasto, y somos los \u00fanicos que hacemos funcionar al Estado\u201d.<\/p>\n<p>Y concluy\u00f3, \u201cla \u00fanica variante que conocen es hacer el ajuste a los trabajadores y no se lo vamos a permitir, le decimos que no a las pol\u00edticas de Scioli y al pago en cuotas del aguinaldo\u201d.<\/p>\n","protected":false},"excerpt":{"rendered":"<p>Desde las primeras horas del d\u00eda (de ayer) y desde diferentes puntos de la Provincia, miles de compa\u00f1eros llegaron hasta La Plata para decir basta a la pol\u00edtica de ajuste del gobierno provincial y nacional. Con banderas y pancartas de todos colores, los trabajadores provinciales mostraron su malestar ante el anuncio del desdoblamiento del pago &#8230;<\/p>\n","protected":false},"author":3,"featured_media":0,"comment_status":"closed","ping_status":"closed","sticky":false,"template":"","format":"standard","meta":{"footnotes":""},"categories":[11],"tags":[20],"class_list":{"0":"post-1304","1":"post","2":"type-post","3":"status-publish","4":"format-standard","6":"category-prensa","7":"tag-agencia-acta-cta"},"_links":{"self":[{"href":"https:\/\/fesprosa.org.ar\/portal\/wp-json\/wp\/v2\/posts\/1304","targetHints":{"allow":["GET"]}}],"collection":[{"href":"https:\/\/fesprosa.org.ar\/portal\/wp-json\/wp\/v2\/posts"}],"about":[{"href":"https:\/\/fesprosa.org.ar\/portal\/wp-json\/wp\/v2\/types\/post"}],"author":[{"embeddable":true,"href":"https:\/\/fesprosa.org.ar\/portal\/wp-json\/wp\/v2\/users\/3"}],"replies":[{"embeddable":true,"href":"https:\/\/fesprosa.org.ar\/portal\/wp-json\/wp\/v2\/comments?post=1304"}],"version-history":[{"count":0,"href":"https:\/\/fesprosa.org.ar\/portal\/wp-json\/wp\/v2\/posts\/1304\/revisions"}],"wp:attachment":[{"href":"https:\/\/fesprosa.org.ar\/portal\/wp-json\/wp\/v2\/media?parent=1304"}],"wp:term":[{"taxonomy":"category","embeddable":true,"href":"https:\/\/fesprosa.org.ar\/portal\/wp-json\/wp\/v2\/categories?post=1304"},{"taxonomy":"post_tag","embeddable":true,"href":"https:\/\/fesprosa.org.ar\/portal\/wp-json\/wp\/v2\/tags?post=1304"}],"curies":[{"name":"wp","href":"https:\/\/api.w.org\/{rel}","templated":true}]}}