{"id":12945,"date":"2020-05-06T18:04:38","date_gmt":"2020-05-06T18:04:38","guid":{"rendered":"https:\/\/fesprosa.org.ar\/portal\/?p=12945"},"modified":"2020-05-06T18:05:28","modified_gmt":"2020-05-06T18:05:28","slug":"mas-de-40-organizaciones-de-trabajadores-de-la-salud-ratifican-la-jornada-de-lucha-del-7-de-mayo","status":"publish","type":"post","link":"https:\/\/fesprosa.org.ar\/portal\/mas-de-40-organizaciones-de-trabajadores-de-la-salud-ratifican-la-jornada-de-lucha-del-7-de-mayo\/","title":{"rendered":"M\u00e1s de 40 organizaciones de trabajadores de la salud ratifican la jornada de lucha del 7 de mayo"},"content":{"rendered":"\n<p class=\"has-text-align-right\">mi\u00e9rcoles, 6 de mayo de 2020<\/p>\n\n\n\n<h4 class=\"wp-block-heading\"><em>M\u00e1s de 40 organizaciones de salud, entre las cuales se encuentran Fesprosa, la Asociaci\u00f3n de Profesionales de Servicio Social de CABA, organizaciones de residentes y concurrentes de la Ciudad Aut\u00f3noma, el Sindicato de Trabajadores de OSPLAD, varias regionales de ATE y CTA Aut\u00f3noma, la Asociaci\u00f3n de Medicina General de Santa Fe y diversas agrupaciones y corrientes de trabajadores sanitarios ratificaron la Jornada Nacional de Lucha del 7 de mayo.<\/em><\/h4>\n\n\n\n<figure class=\"wp-block-image size-large\"><a href=\"https:\/\/1.bp.blogspot.com\/-010vYxtoM8Q\/XrLyPdkZ-OI\/AAAAAAAAAfA\/5Og0uRwFCawQA2iwF07lSHongzHPUSekQCLcBGAsYHQ\/s1600\/WhatsApp%2BImage%2B2020-05-06%2Bat%2B14.01.35.jpeg\"><img loading=\"lazy\" decoding=\"async\" width=\"960\" height=\"960\" src=\"https:\/\/fesprosa.org.ar\/portal\/wp-content\/uploads\/2020\/05\/fesprosa-paritarias.jpeg\" alt=\"\" class=\"wp-image-12946\" srcset=\"https:\/\/fesprosa.org.ar\/portal\/wp-content\/uploads\/2020\/05\/fesprosa-paritarias.jpeg 960w, https:\/\/fesprosa.org.ar\/portal\/wp-content\/uploads\/2020\/05\/fesprosa-paritarias-300x300.jpeg 300w, https:\/\/fesprosa.org.ar\/portal\/wp-content\/uploads\/2020\/05\/fesprosa-paritarias-150x150.jpeg 150w, https:\/\/fesprosa.org.ar\/portal\/wp-content\/uploads\/2020\/05\/fesprosa-paritarias-768x768.jpeg 768w, https:\/\/fesprosa.org.ar\/portal\/wp-content\/uploads\/2020\/05\/fesprosa-paritarias-36x36.jpeg 36w\" sizes=\"auto, (max-width: 960px) 100vw, 960px\" \/><\/a><\/figure>\n\n\n\n<p>Los motivos son reivindicar el cobro del bono est\u00edmulo para todos los trabajadores de la salud, garantizar protecci\u00f3n para todos los agentes sanitarios que enfrentan la pandemia con cantidad y calidad suficiente de equipos de protecci\u00f3n personal, el pedido de apertura de paritarias en la mayor\u00eda de las provincias, la negativa al pago en cuotas y el recorte a los salarios, el fin de la precarizaci\u00f3n laboral y la exenci\u00f3n del impuesto a las ganancias para quienes trabajen durante la pandemia.Las acciones programadas en todo el pa\u00eds son las siguientes:<br>&#8211; Acciones de visibilizaci\u00f3n y difusi\u00f3n en los hospitales de CABA que van a ser llevadas adelante por la Asociaci\u00f3n de Profesionales de Servicio Social, residentes y otros trabajadores del equipo de salud.<br>&#8211; A las 11 horas Fesprosa acompa\u00f1ar\u00e1 a los\u00a0 residentes que movilizar\u00e1n a la Legislatura porte\u00f1a para que no se apruebe el proyecto de ley de Larreta de recorte y postergaci\u00f3n salarial.<br>&#8211; Movilizaci\u00f3n y acciones de visibilizaci\u00f3n en los hospitales cabecera de Neuqu\u00e9n y La Pampa, el hospital Castro Rendon y el Molas, respectivamente.<br>&#8211; Concentraci\u00f3n en el Polo Sanitario de C\u00f3rdoba a cargo de la Uni\u00f3n de Trabajadores de la Salud.<br>&#8211; Jornada de visibilizaci\u00f3n inform\u00e1tica y asambleas en todos los establecimientos sanitarios de San Luis.<br>&#8211; Asambleas en horas del mediod\u00eda en los hospitales Rawson y Marcial Quiroga de San Juan.<br>&#8211; Acciones frente a los establecimientos hospitalarios y centros de salud de visibilizaci\u00f3n y denuncia de Tucum\u00e1n.<br>&#8211; Movilizaciones a las sedes de la gobernaci\u00f3n de Santa Fe y Rosario a cargo de Siprus Santa Fe.<br>&#8211; Conferencia de prensa y asambleas en Tierra del Fuego<br>&#8211; Caravana de autos alrededor de la plaza de San Justo a cargo de los profesionales de la salud de La Matanza.<br>&#8211; Concentraci\u00f3n en el hospital Perrando de Chaco.<br>&#8211; Paro total de los trabajadores de OSPLAD, obra social docente, que siguen sin cobrar sus salarios en tiempo y forma.<br>&#8211; Todas las acciones se realizar\u00e1n dando cumplimiento estricto a los protocolos de COVID 19.<br>\u00abHemos recibido de las autoridades sanitarias\u00a0 el borrador de trabajo para implementar el Plan Nacional de Cuidado de trabajadores y trabajadoras de la salud. Estamos analizando el mismo y esperamos poder ponerlo en marcha\u00a0 a la brevedad\u00bb, indicaron desde Fesprosa.<br>Con respecto al bono est\u00edmulo, si bien el Ministerio de Salud de la Naci\u00f3n a trav\u00e9s de su m\u00e1xima figura se comprometi\u00f3 hace 48 horas ante los ministros en el Consejo Federal de Salud a que los trabajadores de la atenci\u00f3n primaria de salud iban a ser inclu\u00eddos en el mismo, la Resoluci\u00f3n Conjunta N\u00b0 3 no ha sido modificada.<br>Fesprosa ha pedido una reuni\u00f3n urgente con el Ministerio de Salud de la Naci\u00f3n para analizar la propuesta de transferencias de fondos para cumplir con este compromiso y est\u00e1 a la espera de que esta reuni\u00f3n se concrete .<br>El esfuerzo realizado hasta hoy por la poblaci\u00f3n a trav\u00e9s del aislamiento ha dado resultados positivos en el achatamiento de la curva de crecimiento de casos. En este marco persisten\u00a0 preocupaciones como por ejemplo la situaci\u00f3n de los trabajadores de la salud. Con m\u00e1s 864 infectados y 9 fallecidos, es indispensable una jerarquizaci\u00f3n y una mirada sobre los que enfrentaron esta etapa y enfrentaran las que siguen, que ser\u00e1n largas y complejas. \u00abTenemos que estar preparados y para ello lo central es que el recurso humano est\u00e9 en las condiciones necesarias para poder dar el servicio de salud a la poblaci\u00f3n\u00bb, finalizaron. <\/p>\n\n\n\n<div style=\"height:638px\" aria-hidden=\"true\" class=\"wp-block-spacer\"><\/div>\n","protected":false},"excerpt":{"rendered":"<p>mi\u00e9rcoles, 6 de mayo de 2020 M\u00e1s de 40 organizaciones de salud, entre las cuales se encuentran Fesprosa, la Asociaci\u00f3n de Profesionales de Servicio Social de CABA, organizaciones de residentes y concurrentes de la Ciudad Aut\u00f3noma, el Sindicato de Trabajadores de OSPLAD, varias regionales de ATE y CTA Aut\u00f3noma, la Asociaci\u00f3n de Medicina General de &#8230;<\/p>\n","protected":false},"author":4,"featured_media":12946,"comment_status":"closed","ping_status":"closed","sticky":false,"template":"","format":"standard","meta":{"footnotes":""},"categories":[10],"tags":[],"class_list":{"0":"post-12945","1":"post","2":"type-post","3":"status-publish","4":"format-standard","5":"has-post-thumbnail","7":"category-noticias"},"_links":{"self":[{"href":"https:\/\/fesprosa.org.ar\/portal\/wp-json\/wp\/v2\/posts\/12945","targetHints":{"allow":["GET"]}}],"collection":[{"href":"https:\/\/fesprosa.org.ar\/portal\/wp-json\/wp\/v2\/posts"}],"about":[{"href":"https:\/\/fesprosa.org.ar\/portal\/wp-json\/wp\/v2\/types\/post"}],"author":[{"embeddable":true,"href":"https:\/\/fesprosa.org.ar\/portal\/wp-json\/wp\/v2\/users\/4"}],"replies":[{"embeddable":true,"href":"https:\/\/fesprosa.org.ar\/portal\/wp-json\/wp\/v2\/comments?post=12945"}],"version-history":[{"count":0,"href":"https:\/\/fesprosa.org.ar\/portal\/wp-json\/wp\/v2\/posts\/12945\/revisions"}],"wp:featuredmedia":[{"embeddable":true,"href":"https:\/\/fesprosa.org.ar\/portal\/wp-json\/wp\/v2\/media\/12946"}],"wp:attachment":[{"href":"https:\/\/fesprosa.org.ar\/portal\/wp-json\/wp\/v2\/media?parent=12945"}],"wp:term":[{"taxonomy":"category","embeddable":true,"href":"https:\/\/fesprosa.org.ar\/portal\/wp-json\/wp\/v2\/categories?post=12945"},{"taxonomy":"post_tag","embeddable":true,"href":"https:\/\/fesprosa.org.ar\/portal\/wp-json\/wp\/v2\/tags?post=12945"}],"curies":[{"name":"wp","href":"https:\/\/api.w.org\/{rel}","templated":true}]}}