{"id":12797,"date":"2020-04-18T12:30:00","date_gmt":"2020-04-18T12:30:00","guid":{"rendered":"https:\/\/fesprosa.org.ar\/portal\/?p=12797"},"modified":"2020-04-18T12:48:03","modified_gmt":"2020-04-18T12:48:03","slug":"pagos-que-deben-efectuar-a-las-art","status":"publish","type":"post","link":"https:\/\/fesprosa.org.ar\/portal\/pagos-que-deben-efectuar-a-las-art\/","title":{"rendered":"Pagos que deben efectuar a las ART"},"content":{"rendered":"\n<h4 class=\"wp-block-heading\"><strong>Incapacidad Laboral Temporaria \u2013 ILT<\/strong><\/h4>\n\n\n\n<p>La Incapacidad Laboral Temporaria se produce cuando un trabajador se encuentra accidentado o padece una enfermedad profesional, y el da\u00f1o sufrido le impide la realizaci\u00f3n de sus tareas habituales. Esta incapacidad comienza en la fecha de la primera manifestaci\u00f3n invalidante (PMI) y finaliza cuando el trabajador recibe el alta m\u00e9dica, o se le declara una Incapacidad Laboral Permanente, o transcurren dos (2) a\u00f1os desde la primera manifestaci\u00f3n invalidante, o bien si fallece el damnificado.<\/p>\n\n\n\n<p>En el supuesto que dentro de los dos (2) a\u00f1os desde la fecha de PMI, el damnificado se hubiera reincorporado al trabajo y volviera a estar de baja por id\u00e9ntico accidente o enfermedad profesional, su situaci\u00f3n de Incapacidad Laboral Temporaria (ILT) continuar\u00e1 conforme lo mencionado en el apartado anterior o hasta completar dos (2) a\u00f1os efectivos de baja, sum\u00e1ndose todos los per\u00edodos en los cuales se hubiera visto impedido de trabajar.<\/p>\n\n\n\n<h4 class=\"wp-block-heading\"><strong>\u00bfQu\u00e9 cobra el trabajador durante la ILT?<\/strong><\/h4>\n\n\n\n<p>Las prestaciones dinerarias se calcular\u00e1n, liquidar\u00e1n y ajustar\u00e1n de conformidad con lo establecido por el art\u00edculo 208 de la&nbsp;<a href=\"http:\/\/servicios.infoleg.gob.ar\/infolegInternet\/anexos\/25000-29999\/25552\/texact.htm\">Ley de Contrato de Trabajo N\u00ba 20.744<\/a>&nbsp;(t.o. 1976) y sus modificaciones (estipulado por el&nbsp;<a href=\"http:\/\/servicios.infoleg.gob.ar\/infolegInternet\/anexos\/155000-159999\/159765\/norma.htm\">Decreto N\u00ba 1694\/09<\/a>&nbsp;en el art\u00edculo 6\u00b0 para todos los accidentes o enfermedades profesionales posteriores al 6 de noviembre del a\u00f1o 2009).<\/p>\n\n\n\n<p>Por lo tanto la ART deber\u00e1 liquidar la prestaci\u00f3n dineraria conforme a la remuneraci\u00f3n que percib\u00eda el damnificado en el momento de la interrupci\u00f3n de los servicios, m\u00e1s los aumentos que durante ese per\u00edodo fueren acordados a los de su misma categor\u00eda por aplicaci\u00f3n de una norma legal, convenci\u00f3n colectiva de trabajo o decisi\u00f3n del empleador.<\/p>\n\n\n\n<p>Si el salario estuviere integrado por remuneraciones variables, se liquidar\u00e1 seg\u00fan el promedio de lo percibido en el \u00faltimo semestre de prestaci\u00f3n de servicios.<\/p>\n\n\n\n<p>La remuneraci\u00f3n del trabajador damnificado no puede ser, en ning\u00fan caso, inferior a la que hubiese percibido de no haberse producido el accidente o la enfermedad.<\/p>\n\n\n\n<p>Este tipo de compensaci\u00f3n econ\u00f3mica se encuentra exenta del Impuesto a las Ganancias.<\/p>\n\n\n\n<p><\/p>\n\n\n\n<p>FUENTE:  <a href=\"https:\/\/www.argentina.gob.ar\/srt\/art\/pagos-art\">https:\/\/www.argentina.gob.ar\/srt\/art\/pagos-art<\/a> <\/p>\n","protected":false},"excerpt":{"rendered":"<p>Incapacidad Laboral Temporaria \u2013 ILT La Incapacidad Laboral Temporaria se produce cuando un trabajador se encuentra accidentado o padece una enfermedad profesional, y el da\u00f1o sufrido le impide la realizaci\u00f3n de sus tareas habituales. Esta incapacidad comienza en la fecha de la primera manifestaci\u00f3n invalidante (PMI) y finaliza cuando el trabajador recibe el alta m\u00e9dica, &#8230;<\/p>\n","protected":false},"author":4,"featured_media":0,"comment_status":"closed","ping_status":"closed","sticky":false,"template":"","format":"standard","meta":{"footnotes":""},"categories":[279],"tags":[],"class_list":{"0":"post-12797","1":"post","2":"type-post","3":"status-publish","4":"format-standard","6":"category-coronavirus-instituo-de-formacion"},"_links":{"self":[{"href":"https:\/\/fesprosa.org.ar\/portal\/wp-json\/wp\/v2\/posts\/12797","targetHints":{"allow":["GET"]}}],"collection":[{"href":"https:\/\/fesprosa.org.ar\/portal\/wp-json\/wp\/v2\/posts"}],"about":[{"href":"https:\/\/fesprosa.org.ar\/portal\/wp-json\/wp\/v2\/types\/post"}],"author":[{"embeddable":true,"href":"https:\/\/fesprosa.org.ar\/portal\/wp-json\/wp\/v2\/users\/4"}],"replies":[{"embeddable":true,"href":"https:\/\/fesprosa.org.ar\/portal\/wp-json\/wp\/v2\/comments?post=12797"}],"version-history":[{"count":0,"href":"https:\/\/fesprosa.org.ar\/portal\/wp-json\/wp\/v2\/posts\/12797\/revisions"}],"wp:attachment":[{"href":"https:\/\/fesprosa.org.ar\/portal\/wp-json\/wp\/v2\/media?parent=12797"}],"wp:term":[{"taxonomy":"category","embeddable":true,"href":"https:\/\/fesprosa.org.ar\/portal\/wp-json\/wp\/v2\/categories?post=12797"},{"taxonomy":"post_tag","embeddable":true,"href":"https:\/\/fesprosa.org.ar\/portal\/wp-json\/wp\/v2\/tags?post=12797"}],"curies":[{"name":"wp","href":"https:\/\/api.w.org\/{rel}","templated":true}]}}