{"id":12710,"date":"2020-04-06T17:25:02","date_gmt":"2020-04-06T17:25:02","guid":{"rendered":"https:\/\/fesprosa.org.ar\/portal\/?p=12710"},"modified":"2020-04-06T17:25:09","modified_gmt":"2020-04-06T17:25:09","slug":"dia-mundial-de-la-salud-aplausazo-latinoamericano-por-la-proteccion-de-los-trabajadores","status":"publish","type":"post","link":"https:\/\/fesprosa.org.ar\/portal\/dia-mundial-de-la-salud-aplausazo-latinoamericano-por-la-proteccion-de-los-trabajadores\/","title":{"rendered":"D\u00eda Mundial de la Salud: Aplausazo Latinoamericano por la protecci\u00f3n de los trabajadores"},"content":{"rendered":"\n<h2 class=\"has-text-align-center wp-block-heading\"><strong>7 de Abril &#8211; D\u00eda Mundial de la Salud<\/strong>  <\/h2>\n\n\n\n<h3 class=\"has-text-align-center wp-block-heading\"> <strong>20 horas Aplausazo Latinoamericano\u00a0Por\u00a0la protecci\u00f3n de los trabajadores<\/strong>  <\/h3>\n\n\n\n<p>La Internacional de Servicios P\u00fablicos (ISP), Sindicato Mundial que agrupa a 7 millones de trabajadores sanitarios,\u00a0ha convocado para ma\u00f1ana un Aplausazo Latinoamericano por la defensa y protecci\u00f3n\u00a0de los trabajadores de la salud. La pandemia Covid-19 afect\u00f3 a gran cantidad\u00a0de profesionales sanitarios en China, Italia\u00a0y Espa\u00f1a. En nuestra regi\u00f3n,\u00a0Brasil ya tiene 1400 trabajadores\u00a0con diagnostico o sospecha de Covid-19. Tres de ellos han fallecido. En Chile hay 145 trabajadores de salud contagiados solo en atenci\u00f3n primaria, 176 en observaci\u00f3n y 1400 en cuarentena. Esta situaci\u00f3n se repite en todos los pa\u00edses del continente. Es por ello que\u00a0la ISP ha convocado a este aplausazo en el D\u00eda Mundial de la Salud. En nuestro pa\u00eds, Fesprosa viene reclamando la provisi\u00f3n de Equipos de Protecci\u00f3n Personal suficientes en todo el pa\u00eds y cobertura por parte de las ART y los autoseguros provinciales del coronavirus como enfermedad profesional. No hay m\u00e1s tiempo. Las decisiones para resolver esta urgencia deben ser inmediatas.<br>Te convocamos a sumarte a este aplauso protector y latinoamericano.<br><strong>FESPROSA &#8211; CONSEJO EJECUTIVO NACIONAL<\/strong><br><\/p>\n","protected":false},"excerpt":{"rendered":"<p>7 de Abril &#8211; D\u00eda Mundial de la Salud 20 horas Aplausazo Latinoamericano\u00a0Por\u00a0la protecci\u00f3n de los trabajadores La Internacional de Servicios P\u00fablicos (ISP), Sindicato Mundial que agrupa a 7 millones de trabajadores sanitarios,\u00a0ha convocado para ma\u00f1ana un Aplausazo Latinoamericano por la defensa y protecci\u00f3n\u00a0de los trabajadores de la salud. La pandemia Covid-19 afect\u00f3 a gran &#8230;<\/p>\n","protected":false},"author":4,"featured_media":12711,"comment_status":"closed","ping_status":"closed","sticky":false,"template":"","format":"standard","meta":{"footnotes":""},"categories":[10],"tags":[],"class_list":{"0":"post-12710","1":"post","2":"type-post","3":"status-publish","4":"format-standard","5":"has-post-thumbnail","7":"category-noticias"},"_links":{"self":[{"href":"https:\/\/fesprosa.org.ar\/portal\/wp-json\/wp\/v2\/posts\/12710","targetHints":{"allow":["GET"]}}],"collection":[{"href":"https:\/\/fesprosa.org.ar\/portal\/wp-json\/wp\/v2\/posts"}],"about":[{"href":"https:\/\/fesprosa.org.ar\/portal\/wp-json\/wp\/v2\/types\/post"}],"author":[{"embeddable":true,"href":"https:\/\/fesprosa.org.ar\/portal\/wp-json\/wp\/v2\/users\/4"}],"replies":[{"embeddable":true,"href":"https:\/\/fesprosa.org.ar\/portal\/wp-json\/wp\/v2\/comments?post=12710"}],"version-history":[{"count":0,"href":"https:\/\/fesprosa.org.ar\/portal\/wp-json\/wp\/v2\/posts\/12710\/revisions"}],"wp:featuredmedia":[{"embeddable":true,"href":"https:\/\/fesprosa.org.ar\/portal\/wp-json\/wp\/v2\/media\/12711"}],"wp:attachment":[{"href":"https:\/\/fesprosa.org.ar\/portal\/wp-json\/wp\/v2\/media?parent=12710"}],"wp:term":[{"taxonomy":"category","embeddable":true,"href":"https:\/\/fesprosa.org.ar\/portal\/wp-json\/wp\/v2\/categories?post=12710"},{"taxonomy":"post_tag","embeddable":true,"href":"https:\/\/fesprosa.org.ar\/portal\/wp-json\/wp\/v2\/tags?post=12710"}],"curies":[{"name":"wp","href":"https:\/\/api.w.org\/{rel}","templated":true}]}}